{"id":1077,"date":"2017-03-31T05:22:27","date_gmt":"2017-03-31T05:22:27","guid":{"rendered":"http:\/\/knjiznice.nsk.hr\/senj\/?p=1077"},"modified":"2017-03-31T05:26:37","modified_gmt":"2017-03-31T05:26:37","slug":"drugi-svjetski-rat-filmska-prica","status":"publish","type":"post","link":"https:\/\/knjiznice.nsk.hr\/senj\/drugi-svjetski-rat-filmska-prica\/","title":{"rendered":"DRUGI SVJETSKI RAT \u2013 FILMSKA PRI\u010cA"},"content":{"rendered":"<p>&nbsp;<\/p>\n<p>&nbsp;<\/p>\n<p>U organizaciji Gradske knji\u017enice Senj i Srednje \u0161kole Pavla Rittera Vitezovi\u0107a Senj u \u010detvrtak, 30. o\u017eujka 2017. g. odr\u017eano je u senjskoj knji\u017enici Kino-jutro pod nazivom \u201eDRUGI SVJETSKI RAT \u2013 FILMSKA PRI\u010cA\u201c.<\/p>\n<p>U knji\u017eni\u010dno kino do\u0161li su nam maturanti senjske gimnazije, a gledali smo film <em>Schindlerova lista<\/em>&nbsp;Stevena Spielberga.<\/p>\n<p>Uvodno je profesor povijesti Silvije \u0160ojat dao povijesni kontekst u koji je film smje\u0161ten, a knji\u017eni\u010darka Ana Prpi\u0107 Rogi\u0107 mladima je iznijela osnovne podatke i zanimljivosti vezane za ovo nagra\u0111ivano filmsko remek-djelo. Uz to, opisala je kako se film i u kojim uvjetima snimao, naglasila va\u017enost i simboliku pojedinih scena te istaknula va\u017enost i vrijednost ovog filma koji je nastao prema istinitom doga\u0111aju.<\/p>\n<p>O \u010dinjenicama vezanima za Drugi svjetski rat u\u010denici mnogo znaju i nau\u010dili su u \u0161koli, a na ovaj na\u010din smo im \u017eeljeli sve te suhoparne statistike pribli\u017eiti i osvijestiti ih koliko je nacisti\u010dki re\u017eim utjecao na sudbine brojnih ljudi. Kroz filmsku umjetnost ne samo da mnogo saznaju i u\u010de nego i osje\u0107aju i suosje\u0107aju za \u017ertve rata. Tako\u0111er, nagla\u0161ena je i va\u017enost pomaganja drugome u nesre\u0107i, prikazana kroz lik Schindlera i njegovu fascinantnu transformaciju od gramzljivog ratnog profitera do \u010dovjeka koji je spasio cijelo jedno pokoljenje \u017didova uvidjev\u0161i sve strahote Hitlerovog nauma.<\/p>\n<p>Iako traje gotovo 3 sata, u\u010denici su bez daha odgledali film te su njime bili vidno ganuti. Tijekom i nakon filma u\u010denici su iznosili svoje dojmove zaklju\u010div\u0161i da je film sjajan, ali i vrlo potresan, no svakako vrijedan gledanja i pa\u017enje.<\/p>\n<p>-Ovo djelo je pou\u010dno, \u017eivotno, izvanredno re\u017eirano, maestralno odglumljeno i zato smo \u017eeljeli da ga pogledate iz svih tih milijun razloga-odnosno iz 6 milijuna razloga-u \u010dast svih ljudi koji su \u017eivot izgubili u raljama nacisti\u010dkog pakla, rekla je zaklju\u010dno Ana Prpi\u0107 Rogi\u0107.<\/p>\n<p>Hvala na\u0161im gimnazijalcima na dolasku i njihovom prof. \u0160ojatu na uvijek dobroj suradnji.<\/p>\n<p>&nbsp;<\/p>\n<p>&nbsp;<\/p>\n<p>&nbsp;<\/p>\n<p>&nbsp;<\/p>\n<p>&nbsp;<\/p>\n<p>&nbsp;<\/p>\n<p>&nbsp;<\/p>\n<p>&nbsp;<\/p>\n<p>&nbsp;<\/p>\n<p>&nbsp;<\/p>\n","protected":false},"excerpt":{"rendered":"<p>&nbsp; &nbsp; U organizaciji Gradske knji\u017enice Senj i Srednje \u0161kole Pavla Rittera Vitezovi\u0107a Senj u \u010detvrtak, 30. o\u017eujka 2017. g. odr\u017eano je u senjskoj knji\u017enici Kino-jutro pod nazivom \u201eDRUGI SVJETSKI RAT \u2013 FILMSKA PRI\u010cA\u201c. U knji\u017eni\u010dno kino do\u0161li su nam maturanti senjske gimnazije, a gledali smo film Schindlerova lista&nbsp;Stevena Spielberga. Uvodno je profesor povijesti Silvije [&hellip;]<\/p>\n","protected":false},"author":58,"featured_media":1078,"comment_status":"closed","ping_status":"closed","sticky":false,"template":"","format":"standard","meta":{"ngg_post_thumbnail":0},"categories":[8],"tags":[],"yoast_head":"<!-- This site is optimized with the Yoast SEO plugin v16.4 - https:\/\/yoast.com\/wordpress\/plugins\/seo\/ -->\n<meta name=\"robots\" content=\"index, follow, max-snippet:-1, max-image-preview:large, max-video-preview:-1\" \/>\n<link rel=\"canonical\" href=\"https:\/\/knjiznice.nsk.hr\/senj\/drugi-svjetski-rat-filmska-prica\/\" \/>\n<meta property=\"og:locale\" content=\"hr_HR\" \/>\n<meta property=\"og:type\" content=\"article\" \/>\n<meta property=\"og:title\" content=\"DRUGI SVJETSKI RAT \u2013 FILMSKA PRI\u010cA - Gradska knji\u017enica Senj\" \/>\n<meta property=\"og:description\" content=\"&nbsp; &nbsp; U organizaciji Gradske knji\u017enice Senj i Srednje \u0161kole Pavla Rittera Vitezovi\u0107a Senj u \u010detvrtak, 30. o\u017eujka 2017. g. odr\u017eano je u senjskoj knji\u017enici Kino-jutro pod nazivom \u201eDRUGI SVJETSKI RAT \u2013 FILMSKA PRI\u010cA\u201c. U knji\u017eni\u010dno kino do\u0161li su nam maturanti senjske gimnazije, a gledali smo film Schindlerova lista&nbsp;Stevena Spielberga. Uvodno je profesor povijesti Silvije [&hellip;]\" \/>\n<meta property=\"og:url\" content=\"https:\/\/knjiznice.nsk.hr\/senj\/drugi-svjetski-rat-filmska-prica\/\" \/>\n<meta property=\"og:site_name\" content=\"Gradska knji\u017enica Senj\" \/>\n<meta property=\"article:publisher\" content=\"http:\/\/facebook.com\/Gradska-knji%c5%benica-SENJ\" \/>\n<meta property=\"article:published_time\" content=\"2017-03-31T05:22:27+00:00\" \/>\n<meta property=\"article:modified_time\" content=\"2017-03-31T05:26:37+00:00\" \/>\n<meta property=\"og:image\" content=\"http:\/\/knjiznice.nsk.hr\/senj\/wp-content\/uploads\/sites\/60\/2017\/03\/image-0-02-05-dd086fed604b02a75bb62f3e11e6540d491c77b7e2af05ea7756ebb52ed98fc3-V.jpg\" \/>\n\t<meta property=\"og:image:width\" content=\"1280\" \/>\n\t<meta property=\"og:image:height\" content=\"960\" \/>\n<meta name=\"twitter:label1\" content=\"Procijenjeno vrijeme \u010ditanja\" \/>\n\t<meta name=\"twitter:data1\" content=\"2 minute\" \/>\n<script type=\"application\/ld+json\" class=\"yoast-schema-graph\">{\"@context\":\"https:\/\/schema.org\",\"@graph\":[{\"@type\":\"WebSite\",\"@id\":\"https:\/\/knjiznice.nsk.hr\/senj\/#website\",\"url\":\"https:\/\/knjiznice.nsk.hr\/senj\/\",\"name\":\"Gradska knji\\u017enica Senj\",\"description\":\"S vama od 1835. godine\",\"potentialAction\":[{\"@type\":\"SearchAction\",\"target\":\"https:\/\/knjiznice.nsk.hr\/senj\/?s={search_term_string}\",\"query-input\":\"required name=search_term_string\"}],\"inLanguage\":\"hr\"},{\"@type\":\"ImageObject\",\"@id\":\"https:\/\/knjiznice.nsk.hr\/senj\/drugi-svjetski-rat-filmska-prica\/#primaryimage\",\"inLanguage\":\"hr\",\"url\":\"https:\/\/knjiznice.nsk.hr\/senj\/wp-content\/uploads\/sites\/60\/2017\/03\/image-0-02-05-dd086fed604b02a75bb62f3e11e6540d491c77b7e2af05ea7756ebb52ed98fc3-V.jpg\",\"contentUrl\":\"https:\/\/knjiznice.nsk.hr\/senj\/wp-content\/uploads\/sites\/60\/2017\/03\/image-0-02-05-dd086fed604b02a75bb62f3e11e6540d491c77b7e2af05ea7756ebb52ed98fc3-V.jpg\",\"width\":1280,\"height\":960},{\"@type\":\"WebPage\",\"@id\":\"https:\/\/knjiznice.nsk.hr\/senj\/drugi-svjetski-rat-filmska-prica\/#webpage\",\"url\":\"https:\/\/knjiznice.nsk.hr\/senj\/drugi-svjetski-rat-filmska-prica\/\",\"name\":\"DRUGI SVJETSKI RAT \\u2013 FILMSKA PRI\\u010cA - Gradska knji\\u017enica Senj\",\"isPartOf\":{\"@id\":\"https:\/\/knjiznice.nsk.hr\/senj\/#website\"},\"primaryImageOfPage\":{\"@id\":\"https:\/\/knjiznice.nsk.hr\/senj\/drugi-svjetski-rat-filmska-prica\/#primaryimage\"},\"datePublished\":\"2017-03-31T05:22:27+00:00\",\"dateModified\":\"2017-03-31T05:26:37+00:00\",\"author\":{\"@id\":\"https:\/\/knjiznice.nsk.hr\/senj\/#\/schema\/person\/c6b0893cdaca205d44fe2c322c042ac7\"},\"breadcrumb\":{\"@id\":\"https:\/\/knjiznice.nsk.hr\/senj\/drugi-svjetski-rat-filmska-prica\/#breadcrumb\"},\"inLanguage\":\"hr\",\"potentialAction\":[{\"@type\":\"ReadAction\",\"target\":[\"https:\/\/knjiznice.nsk.hr\/senj\/drugi-svjetski-rat-filmska-prica\/\"]}]},{\"@type\":\"BreadcrumbList\",\"@id\":\"https:\/\/knjiznice.nsk.hr\/senj\/drugi-svjetski-rat-filmska-prica\/#breadcrumb\",\"itemListElement\":[{\"@type\":\"ListItem\",\"position\":1,\"item\":{\"@type\":\"WebPage\",\"@id\":\"https:\/\/knjiznice.nsk.hr\/senj\/\",\"url\":\"https:\/\/knjiznice.nsk.hr\/senj\/\",\"name\":\"Po\\u010detna stranica\"}},{\"@type\":\"ListItem\",\"position\":2,\"item\":{\"@id\":\"https:\/\/knjiznice.nsk.hr\/senj\/drugi-svjetski-rat-filmska-prica\/#webpage\"}}]},{\"@type\":\"Person\",\"@id\":\"https:\/\/knjiznice.nsk.hr\/senj\/#\/schema\/person\/c6b0893cdaca205d44fe2c322c042ac7\",\"name\":\"senj\",\"image\":{\"@type\":\"ImageObject\",\"@id\":\"https:\/\/knjiznice.nsk.hr\/senj\/#personlogo\",\"inLanguage\":\"hr\",\"url\":\"https:\/\/secure.gravatar.com\/avatar\/b00e8e1a99b5ba41772fe68c6bcfd17c?s=96&d=mm&r=g\",\"contentUrl\":\"https:\/\/secure.gravatar.com\/avatar\/b00e8e1a99b5ba41772fe68c6bcfd17c?s=96&d=mm&r=g\",\"caption\":\"senj\"}}]}<\/script>\n<!-- \/ Yoast SEO plugin. -->","_links":{"self":[{"href":"https:\/\/knjiznice.nsk.hr\/senj\/wp-json\/wp\/v2\/posts\/1077"}],"collection":[{"href":"https:\/\/knjiznice.nsk.hr\/senj\/wp-json\/wp\/v2\/posts"}],"about":[{"href":"https:\/\/knjiznice.nsk.hr\/senj\/wp-json\/wp\/v2\/types\/post"}],"author":[{"embeddable":true,"href":"https:\/\/knjiznice.nsk.hr\/senj\/wp-json\/wp\/v2\/users\/58"}],"replies":[{"embeddable":true,"href":"https:\/\/knjiznice.nsk.hr\/senj\/wp-json\/wp\/v2\/comments?post=1077"}],"version-history":[{"count":2,"href":"https:\/\/knjiznice.nsk.hr\/senj\/wp-json\/wp\/v2\/posts\/1077\/revisions"}],"predecessor-version":[{"id":1083,"href":"https:\/\/knjiznice.nsk.hr\/senj\/wp-json\/wp\/v2\/posts\/1077\/revisions\/1083"}],"wp:featuredmedia":[{"embeddable":true,"href":"https:\/\/knjiznice.nsk.hr\/senj\/wp-json\/wp\/v2\/media\/1078"}],"wp:attachment":[{"href":"https:\/\/knjiznice.nsk.hr\/senj\/wp-json\/wp\/v2\/media?parent=1077"}],"wp:term":[{"taxonomy":"category","embeddable":true,"href":"https:\/\/knjiznice.nsk.hr\/senj\/wp-json\/wp\/v2\/categories?post=1077"},{"taxonomy":"post_tag","embeddable":true,"href":"https:\/\/knjiznice.nsk.hr\/senj\/wp-json\/wp\/v2\/tags?post=1077"}],"curies":[{"name":"wp","href":"https:\/\/api.w.org\/{rel}","templated":true}]}}