{"id":1068,"date":"2017-03-24T17:13:50","date_gmt":"2017-03-24T17:13:50","guid":{"rendered":"http:\/\/knjiznice.nsk.hr\/senj\/?p=1068"},"modified":"2017-03-24T17:13:50","modified_gmt":"2017-03-24T17:13:50","slug":"u-senjskoj-knjiznici-matej-perkov-odrzao-putopisno-predavanje-o-maroku","status":"publish","type":"post","link":"https:\/\/knjiznice.nsk.hr\/senj\/u-senjskoj-knjiznici-matej-perkov-odrzao-putopisno-predavanje-o-maroku\/","title":{"rendered":"U SENJSKOJ KNJI\u017dNICI MATEJ PERKOV ODR\u017dAO PUTOPISNO PREDAVANJE O MAROKU"},"content":{"rendered":"<p>U organizaciji Gradske knji\u017enice Senj i Planinarskog dru\u0161tva \u201eZavi\u017ean\u201c Senj u \u010detvrtak, 23. o\u017eujka u senjskoj je knji\u017enici odr\u017eano putopisno predavanje i predstavljanje ekspedicije o Maroku koju je 2015. g. realizirao planinar i turisti\u010dki novinar Matej Perkov.<\/p>\n<p>Ovaj hrvatski avanturist dobitnik je nagrade Marco Polo za turisti\u010dko novinarstvo, a dosad je objavio knjige <em>\u017delim dotaknutu nebo-pri\u010de o planinskoj romantici<\/em> i <em>Planinarenje je na\u010din izra\u017eavanja: za\u0161to volim snivati pod zvijezdama<\/em> te je autor filma <em>From sea to summit: Marocco 2015: ekspedicija.<\/em><\/p>\n<p>Nakon \u0161to je moderatorica Ana Prpi\u0107 Rogi\u0107 publici uvodno predstavila gosta, okupljeni su u\u017eivali u zanimljivoj slikovnoj prezentaciji o Maroku saznav\u0161i kako se Perkov pripremao za put, \u0161to je jeo, kako je putovao i \u0161to je sve do\u017eivio i koga je sve susreo te kako ga se dojmio Maroko i potpuno druga\u010dija kultura i islam.<\/p>\n<p>Za vrijeme boravka u Maroku Matej se popeo na preko 4 000 metara visok vrh Atlasa, a za vrijeme svoje avanture jo\u0161 se uspeo na 13 vrhova, a jedan je od rijetkih ljudi koji su se popeli na Mont Blanc s morske razine.<\/p>\n<p>Matejevi izleti nisu fokusirani isklju\u010divo na penjanje, ve\u0107 pri posjetu nekom kraju istra\u017euje i cijelo podru\u010dje, znamenitosti, ljude, gastronomiju pa je predstavljanje ove ekspedicije bilo uistinu zanimljivo i pou\u010dno, a nakon predavanja brojni okupljeni rado su se zadr\u017eali uz domjenak u razgovoru s autorom postavljaju\u0107i mu brojna pitanja.<\/p>\n<p>Zaklju\u010dno se publici obratila te predava\u010du zahvalila Danijela Kremeni\u0107 ispred PD-a \u201eZavi\u017ean\u201c kojem knji\u017enica zahvaljuje na uvijek lijepoj suradnji. Tako\u0111er, zahvaljujemo i brojnoj publici na dolasku i pa\u017enji kao i medijima na pra\u0107enju.&nbsp;<\/p>\n<p>&nbsp;<\/p>\n<p>Galerija na fb stranicama GK Senj<\/p>\n","protected":false},"excerpt":{"rendered":"<p>U organizaciji Gradske knji\u017enice Senj i Planinarskog dru\u0161tva \u201eZavi\u017ean\u201c Senj u \u010detvrtak, 23. o\u017eujka u senjskoj je knji\u017enici odr\u017eano putopisno predavanje i predstavljanje ekspedicije o Maroku koju je 2015. g. realizirao planinar i turisti\u010dki novinar Matej Perkov. Ovaj hrvatski avanturist dobitnik je nagrade Marco Polo za turisti\u010dko novinarstvo, a dosad je objavio knjige \u017delim dotaknutu [&hellip;]<\/p>\n","protected":false},"author":58,"featured_media":1069,"comment_status":"closed","ping_status":"closed","sticky":false,"template":"","format":"standard","meta":{"ngg_post_thumbnail":0},"categories":[8],"tags":[],"yoast_head":"<!-- This site is optimized with the Yoast SEO plugin v16.4 - https:\/\/yoast.com\/wordpress\/plugins\/seo\/ -->\n<meta name=\"robots\" content=\"index, follow, max-snippet:-1, max-image-preview:large, max-video-preview:-1\" \/>\n<link rel=\"canonical\" href=\"https:\/\/knjiznice.nsk.hr\/senj\/u-senjskoj-knjiznici-matej-perkov-odrzao-putopisno-predavanje-o-maroku\/\" \/>\n<meta property=\"og:locale\" content=\"hr_HR\" \/>\n<meta property=\"og:type\" content=\"article\" \/>\n<meta property=\"og:title\" content=\"U SENJSKOJ KNJI\u017dNICI MATEJ PERKOV ODR\u017dAO PUTOPISNO PREDAVANJE O MAROKU - Gradska knji\u017enica Senj\" \/>\n<meta property=\"og:description\" content=\"U organizaciji Gradske knji\u017enice Senj i Planinarskog dru\u0161tva \u201eZavi\u017ean\u201c Senj u \u010detvrtak, 23. o\u017eujka u senjskoj je knji\u017enici odr\u017eano putopisno predavanje i predstavljanje ekspedicije o Maroku koju je 2015. g. realizirao planinar i turisti\u010dki novinar Matej Perkov. Ovaj hrvatski avanturist dobitnik je nagrade Marco Polo za turisti\u010dko novinarstvo, a dosad je objavio knjige \u017delim dotaknutu [&hellip;]\" \/>\n<meta property=\"og:url\" content=\"https:\/\/knjiznice.nsk.hr\/senj\/u-senjskoj-knjiznici-matej-perkov-odrzao-putopisno-predavanje-o-maroku\/\" \/>\n<meta property=\"og:site_name\" content=\"Gradska knji\u017enica Senj\" \/>\n<meta property=\"article:publisher\" content=\"http:\/\/facebook.com\/Gradska-knji%c5%benica-SENJ\" \/>\n<meta property=\"article:published_time\" content=\"2017-03-24T17:13:50+00:00\" \/>\n<meta property=\"og:image\" content=\"http:\/\/knjiznice.nsk.hr\/senj\/wp-content\/uploads\/sites\/60\/2017\/03\/b.jpg\" \/>\n\t<meta property=\"og:image:width\" content=\"400\" \/>\n\t<meta property=\"og:image:height\" content=\"300\" \/>\n<meta name=\"twitter:label1\" content=\"Procijenjeno vrijeme \u010ditanja\" \/>\n\t<meta name=\"twitter:data1\" content=\"1 minuta\" \/>\n<script type=\"application\/ld+json\" class=\"yoast-schema-graph\">{\"@context\":\"https:\/\/schema.org\",\"@graph\":[{\"@type\":\"WebSite\",\"@id\":\"https:\/\/knjiznice.nsk.hr\/senj\/#website\",\"url\":\"https:\/\/knjiznice.nsk.hr\/senj\/\",\"name\":\"Gradska knji\\u017enica Senj\",\"description\":\"S vama od 1835. godine\",\"potentialAction\":[{\"@type\":\"SearchAction\",\"target\":\"https:\/\/knjiznice.nsk.hr\/senj\/?s={search_term_string}\",\"query-input\":\"required name=search_term_string\"}],\"inLanguage\":\"hr\"},{\"@type\":\"ImageObject\",\"@id\":\"https:\/\/knjiznice.nsk.hr\/senj\/u-senjskoj-knjiznici-matej-perkov-odrzao-putopisno-predavanje-o-maroku\/#primaryimage\",\"inLanguage\":\"hr\",\"url\":\"https:\/\/knjiznice.nsk.hr\/senj\/wp-content\/uploads\/sites\/60\/2017\/03\/b.jpg\",\"contentUrl\":\"https:\/\/knjiznice.nsk.hr\/senj\/wp-content\/uploads\/sites\/60\/2017\/03\/b.jpg\",\"width\":400,\"height\":300},{\"@type\":\"WebPage\",\"@id\":\"https:\/\/knjiznice.nsk.hr\/senj\/u-senjskoj-knjiznici-matej-perkov-odrzao-putopisno-predavanje-o-maroku\/#webpage\",\"url\":\"https:\/\/knjiznice.nsk.hr\/senj\/u-senjskoj-knjiznici-matej-perkov-odrzao-putopisno-predavanje-o-maroku\/\",\"name\":\"U SENJSKOJ KNJI\\u017dNICI MATEJ PERKOV ODR\\u017dAO PUTOPISNO PREDAVANJE O MAROKU - Gradska knji\\u017enica Senj\",\"isPartOf\":{\"@id\":\"https:\/\/knjiznice.nsk.hr\/senj\/#website\"},\"primaryImageOfPage\":{\"@id\":\"https:\/\/knjiznice.nsk.hr\/senj\/u-senjskoj-knjiznici-matej-perkov-odrzao-putopisno-predavanje-o-maroku\/#primaryimage\"},\"datePublished\":\"2017-03-24T17:13:50+00:00\",\"dateModified\":\"2017-03-24T17:13:50+00:00\",\"author\":{\"@id\":\"https:\/\/knjiznice.nsk.hr\/senj\/#\/schema\/person\/c6b0893cdaca205d44fe2c322c042ac7\"},\"breadcrumb\":{\"@id\":\"https:\/\/knjiznice.nsk.hr\/senj\/u-senjskoj-knjiznici-matej-perkov-odrzao-putopisno-predavanje-o-maroku\/#breadcrumb\"},\"inLanguage\":\"hr\",\"potentialAction\":[{\"@type\":\"ReadAction\",\"target\":[\"https:\/\/knjiznice.nsk.hr\/senj\/u-senjskoj-knjiznici-matej-perkov-odrzao-putopisno-predavanje-o-maroku\/\"]}]},{\"@type\":\"BreadcrumbList\",\"@id\":\"https:\/\/knjiznice.nsk.hr\/senj\/u-senjskoj-knjiznici-matej-perkov-odrzao-putopisno-predavanje-o-maroku\/#breadcrumb\",\"itemListElement\":[{\"@type\":\"ListItem\",\"position\":1,\"item\":{\"@type\":\"WebPage\",\"@id\":\"https:\/\/knjiznice.nsk.hr\/senj\/\",\"url\":\"https:\/\/knjiznice.nsk.hr\/senj\/\",\"name\":\"Po\\u010detna stranica\"}},{\"@type\":\"ListItem\",\"position\":2,\"item\":{\"@id\":\"https:\/\/knjiznice.nsk.hr\/senj\/u-senjskoj-knjiznici-matej-perkov-odrzao-putopisno-predavanje-o-maroku\/#webpage\"}}]},{\"@type\":\"Person\",\"@id\":\"https:\/\/knjiznice.nsk.hr\/senj\/#\/schema\/person\/c6b0893cdaca205d44fe2c322c042ac7\",\"name\":\"senj\",\"image\":{\"@type\":\"ImageObject\",\"@id\":\"https:\/\/knjiznice.nsk.hr\/senj\/#personlogo\",\"inLanguage\":\"hr\",\"url\":\"https:\/\/secure.gravatar.com\/avatar\/b00e8e1a99b5ba41772fe68c6bcfd17c?s=96&d=mm&r=g\",\"contentUrl\":\"https:\/\/secure.gravatar.com\/avatar\/b00e8e1a99b5ba41772fe68c6bcfd17c?s=96&d=mm&r=g\",\"caption\":\"senj\"}}]}<\/script>\n<!-- \/ Yoast SEO plugin. -->","_links":{"self":[{"href":"https:\/\/knjiznice.nsk.hr\/senj\/wp-json\/wp\/v2\/posts\/1068"}],"collection":[{"href":"https:\/\/knjiznice.nsk.hr\/senj\/wp-json\/wp\/v2\/posts"}],"about":[{"href":"https:\/\/knjiznice.nsk.hr\/senj\/wp-json\/wp\/v2\/types\/post"}],"author":[{"embeddable":true,"href":"https:\/\/knjiznice.nsk.hr\/senj\/wp-json\/wp\/v2\/users\/58"}],"replies":[{"embeddable":true,"href":"https:\/\/knjiznice.nsk.hr\/senj\/wp-json\/wp\/v2\/comments?post=1068"}],"version-history":[{"count":1,"href":"https:\/\/knjiznice.nsk.hr\/senj\/wp-json\/wp\/v2\/posts\/1068\/revisions"}],"predecessor-version":[{"id":1070,"href":"https:\/\/knjiznice.nsk.hr\/senj\/wp-json\/wp\/v2\/posts\/1068\/revisions\/1070"}],"wp:featuredmedia":[{"embeddable":true,"href":"https:\/\/knjiznice.nsk.hr\/senj\/wp-json\/wp\/v2\/media\/1069"}],"wp:attachment":[{"href":"https:\/\/knjiznice.nsk.hr\/senj\/wp-json\/wp\/v2\/media?parent=1068"}],"wp:term":[{"taxonomy":"category","embeddable":true,"href":"https:\/\/knjiznice.nsk.hr\/senj\/wp-json\/wp\/v2\/categories?post=1068"},{"taxonomy":"post_tag","embeddable":true,"href":"https:\/\/knjiznice.nsk.hr\/senj\/wp-json\/wp\/v2\/tags?post=1068"}],"curies":[{"name":"wp","href":"https:\/\/api.w.org\/{rel}","templated":true}]}}