{"id":1041,"date":"2017-03-08T05:18:22","date_gmt":"2017-03-08T05:18:22","guid":{"rendered":"http:\/\/knjiznice.nsk.hr\/senj\/?p=1041"},"modified":"2017-03-08T05:18:22","modified_gmt":"2017-03-08T05:18:22","slug":"izlozba-povodom-dana-zena-carobne-niti","status":"publish","type":"post","link":"https:\/\/knjiznice.nsk.hr\/senj\/izlozba-povodom-dana-zena-carobne-niti\/","title":{"rendered":"IZLO\u017dBA POVODOM DANA \u017dENA-\u010cAROBNE NITI"},"content":{"rendered":"<p><strong>IZLO\u017dBA RADOVA<\/strong><\/p>\n<p><strong>MARIJE \u0160PALJ<\/strong><\/p>\n<p><strong>\u201e\u010cAROBNE NITI\u201c<\/strong><\/p>\n<p><strong>&nbsp;<\/strong><\/p>\n<p><strong>Vrijedne \u017eenske ruke kuhaju, \u010diste, peru, ure\u0111uju.<\/strong><\/p>\n<p><strong>One vole, tje\u0161e, hrane i umiruju.<\/strong><\/p>\n<p><strong>A kada se uhvate igle i konca, onda nastaje prava \u010darolija..<\/strong><\/p>\n<p><strong>&nbsp;<\/strong><\/p>\n<p>&nbsp;<\/p>\n<p>Povodom Me\u0111unarodnog dana \u017eena Gradska knji\u017enica Senj 8. o\u017eujka 2017. godine postavlja izlo\u017ebu heklanih rukotvorina na\u0161e sugra\u0111anke Marije \u0160palj pod nazivom \u201e\u010carobne niti\u201c.<\/p>\n<p>Do\u0111ite i razgledajte predivne ru\u010dne radove stvorene s puno truda i ljubavi.<\/p>\n<p>Izlo\u017eba je prodajnog karaktera i mo\u017ee se razgledati sve do 1. travnja 2017. godine u radno vrijeme Knji\u017enice.<\/p>\n<p>&nbsp;<\/p>\n<p>Rado vas o\u010dekujemo, a svim na\u0161im \u010ditateljicama, korisnicama i sugra\u0111ankama od srca \u010destitamo Dan \u017eena.<\/p>\n<p>&nbsp;<\/p>\n","protected":false},"excerpt":{"rendered":"<p>IZLO\u017dBA RADOVA MARIJE \u0160PALJ \u201e\u010cAROBNE NITI\u201c &nbsp; Vrijedne \u017eenske ruke kuhaju, \u010diste, peru, ure\u0111uju. One vole, tje\u0161e, hrane i umiruju. A kada se uhvate igle i konca, onda nastaje prava \u010darolija.. &nbsp; &nbsp; Povodom Me\u0111unarodnog dana \u017eena Gradska knji\u017enica Senj 8. o\u017eujka 2017. godine postavlja izlo\u017ebu heklanih rukotvorina na\u0161e sugra\u0111anke Marije \u0160palj pod nazivom \u201e\u010carobne [&hellip;]<\/p>\n","protected":false},"author":58,"featured_media":1042,"comment_status":"closed","ping_status":"closed","sticky":false,"template":"","format":"standard","meta":{"ngg_post_thumbnail":0},"categories":[8],"tags":[],"yoast_head":"<!-- This site is optimized with the Yoast SEO plugin v16.4 - https:\/\/yoast.com\/wordpress\/plugins\/seo\/ -->\n<meta name=\"robots\" content=\"index, follow, max-snippet:-1, max-image-preview:large, max-video-preview:-1\" \/>\n<link rel=\"canonical\" href=\"https:\/\/knjiznice.nsk.hr\/senj\/izlozba-povodom-dana-zena-carobne-niti\/\" \/>\n<meta property=\"og:locale\" content=\"hr_HR\" \/>\n<meta property=\"og:type\" content=\"article\" \/>\n<meta property=\"og:title\" content=\"IZLO\u017dBA POVODOM DANA \u017dENA-\u010cAROBNE NITI - Gradska knji\u017enica Senj\" \/>\n<meta property=\"og:description\" content=\"IZLO\u017dBA RADOVA MARIJE \u0160PALJ \u201e\u010cAROBNE NITI\u201c &nbsp; Vrijedne \u017eenske ruke kuhaju, \u010diste, peru, ure\u0111uju. One vole, tje\u0161e, hrane i umiruju. A kada se uhvate igle i konca, onda nastaje prava \u010darolija.. &nbsp; &nbsp; Povodom Me\u0111unarodnog dana \u017eena Gradska knji\u017enica Senj 8. o\u017eujka 2017. godine postavlja izlo\u017ebu heklanih rukotvorina na\u0161e sugra\u0111anke Marije \u0160palj pod nazivom \u201e\u010carobne [&hellip;]\" \/>\n<meta property=\"og:url\" content=\"https:\/\/knjiznice.nsk.hr\/senj\/izlozba-povodom-dana-zena-carobne-niti\/\" \/>\n<meta property=\"og:site_name\" content=\"Gradska knji\u017enica Senj\" \/>\n<meta property=\"article:publisher\" content=\"http:\/\/facebook.com\/Gradska-knji%c5%benica-SENJ\" \/>\n<meta property=\"article:published_time\" content=\"2017-03-08T05:18:22+00:00\" \/>\n<meta property=\"og:image\" content=\"http:\/\/knjiznice.nsk.hr\/senj\/wp-content\/uploads\/sites\/60\/2017\/03\/preuzmi.jpg\" \/>\n\t<meta property=\"og:image:width\" content=\"225\" \/>\n\t<meta property=\"og:image:height\" content=\"225\" \/>\n<meta name=\"twitter:label1\" content=\"Procijenjeno vrijeme \u010ditanja\" \/>\n\t<meta name=\"twitter:data1\" content=\"1 minuta\" \/>\n<script type=\"application\/ld+json\" class=\"yoast-schema-graph\">{\"@context\":\"https:\/\/schema.org\",\"@graph\":[{\"@type\":\"WebSite\",\"@id\":\"https:\/\/knjiznice.nsk.hr\/senj\/#website\",\"url\":\"https:\/\/knjiznice.nsk.hr\/senj\/\",\"name\":\"Gradska knji\\u017enica Senj\",\"description\":\"S vama od 1835. godine\",\"potentialAction\":[{\"@type\":\"SearchAction\",\"target\":\"https:\/\/knjiznice.nsk.hr\/senj\/?s={search_term_string}\",\"query-input\":\"required name=search_term_string\"}],\"inLanguage\":\"hr\"},{\"@type\":\"ImageObject\",\"@id\":\"https:\/\/knjiznice.nsk.hr\/senj\/izlozba-povodom-dana-zena-carobne-niti\/#primaryimage\",\"inLanguage\":\"hr\",\"url\":\"https:\/\/knjiznice.nsk.hr\/senj\/wp-content\/uploads\/sites\/60\/2017\/03\/preuzmi.jpg\",\"contentUrl\":\"https:\/\/knjiznice.nsk.hr\/senj\/wp-content\/uploads\/sites\/60\/2017\/03\/preuzmi.jpg\",\"width\":225,\"height\":225},{\"@type\":\"WebPage\",\"@id\":\"https:\/\/knjiznice.nsk.hr\/senj\/izlozba-povodom-dana-zena-carobne-niti\/#webpage\",\"url\":\"https:\/\/knjiznice.nsk.hr\/senj\/izlozba-povodom-dana-zena-carobne-niti\/\",\"name\":\"IZLO\\u017dBA POVODOM DANA \\u017dENA-\\u010cAROBNE NITI - Gradska knji\\u017enica Senj\",\"isPartOf\":{\"@id\":\"https:\/\/knjiznice.nsk.hr\/senj\/#website\"},\"primaryImageOfPage\":{\"@id\":\"https:\/\/knjiznice.nsk.hr\/senj\/izlozba-povodom-dana-zena-carobne-niti\/#primaryimage\"},\"datePublished\":\"2017-03-08T05:18:22+00:00\",\"dateModified\":\"2017-03-08T05:18:22+00:00\",\"author\":{\"@id\":\"https:\/\/knjiznice.nsk.hr\/senj\/#\/schema\/person\/c6b0893cdaca205d44fe2c322c042ac7\"},\"breadcrumb\":{\"@id\":\"https:\/\/knjiznice.nsk.hr\/senj\/izlozba-povodom-dana-zena-carobne-niti\/#breadcrumb\"},\"inLanguage\":\"hr\",\"potentialAction\":[{\"@type\":\"ReadAction\",\"target\":[\"https:\/\/knjiznice.nsk.hr\/senj\/izlozba-povodom-dana-zena-carobne-niti\/\"]}]},{\"@type\":\"BreadcrumbList\",\"@id\":\"https:\/\/knjiznice.nsk.hr\/senj\/izlozba-povodom-dana-zena-carobne-niti\/#breadcrumb\",\"itemListElement\":[{\"@type\":\"ListItem\",\"position\":1,\"item\":{\"@type\":\"WebPage\",\"@id\":\"https:\/\/knjiznice.nsk.hr\/senj\/\",\"url\":\"https:\/\/knjiznice.nsk.hr\/senj\/\",\"name\":\"Po\\u010detna stranica\"}},{\"@type\":\"ListItem\",\"position\":2,\"item\":{\"@id\":\"https:\/\/knjiznice.nsk.hr\/senj\/izlozba-povodom-dana-zena-carobne-niti\/#webpage\"}}]},{\"@type\":\"Person\",\"@id\":\"https:\/\/knjiznice.nsk.hr\/senj\/#\/schema\/person\/c6b0893cdaca205d44fe2c322c042ac7\",\"name\":\"senj\",\"image\":{\"@type\":\"ImageObject\",\"@id\":\"https:\/\/knjiznice.nsk.hr\/senj\/#personlogo\",\"inLanguage\":\"hr\",\"url\":\"https:\/\/secure.gravatar.com\/avatar\/b00e8e1a99b5ba41772fe68c6bcfd17c?s=96&d=mm&r=g\",\"contentUrl\":\"https:\/\/secure.gravatar.com\/avatar\/b00e8e1a99b5ba41772fe68c6bcfd17c?s=96&d=mm&r=g\",\"caption\":\"senj\"}}]}<\/script>\n<!-- \/ Yoast SEO plugin. -->","_links":{"self":[{"href":"https:\/\/knjiznice.nsk.hr\/senj\/wp-json\/wp\/v2\/posts\/1041"}],"collection":[{"href":"https:\/\/knjiznice.nsk.hr\/senj\/wp-json\/wp\/v2\/posts"}],"about":[{"href":"https:\/\/knjiznice.nsk.hr\/senj\/wp-json\/wp\/v2\/types\/post"}],"author":[{"embeddable":true,"href":"https:\/\/knjiznice.nsk.hr\/senj\/wp-json\/wp\/v2\/users\/58"}],"replies":[{"embeddable":true,"href":"https:\/\/knjiznice.nsk.hr\/senj\/wp-json\/wp\/v2\/comments?post=1041"}],"version-history":[{"count":1,"href":"https:\/\/knjiznice.nsk.hr\/senj\/wp-json\/wp\/v2\/posts\/1041\/revisions"}],"predecessor-version":[{"id":1043,"href":"https:\/\/knjiznice.nsk.hr\/senj\/wp-json\/wp\/v2\/posts\/1041\/revisions\/1043"}],"wp:featuredmedia":[{"embeddable":true,"href":"https:\/\/knjiznice.nsk.hr\/senj\/wp-json\/wp\/v2\/media\/1042"}],"wp:attachment":[{"href":"https:\/\/knjiznice.nsk.hr\/senj\/wp-json\/wp\/v2\/media?parent=1041"}],"wp:term":[{"taxonomy":"category","embeddable":true,"href":"https:\/\/knjiznice.nsk.hr\/senj\/wp-json\/wp\/v2\/categories?post=1041"},{"taxonomy":"post_tag","embeddable":true,"href":"https:\/\/knjiznice.nsk.hr\/senj\/wp-json\/wp\/v2\/tags?post=1041"}],"curies":[{"name":"wp","href":"https:\/\/api.w.org\/{rel}","templated":true}]}}