{"id":994,"date":"2024-08-13T11:31:30","date_gmt":"2024-08-13T09:31:30","guid":{"rendered":"http:\/\/knjiznice.nsk.hr\/prelog\/?p=994"},"modified":"2024-08-13T11:31:31","modified_gmt":"2024-08-13T09:31:31","slug":"ljetne-pricaonice-uz-kucice-s-knjigama","status":"publish","type":"post","link":"https:\/\/knjiznice.nsk.hr\/prelog\/2024\/08\/13\/ljetne-pricaonice-uz-kucice-s-knjigama\/","title":{"rendered":"LJETNE PRI\u010cAONICE UZ KU\u0106ICE S KNJIGAMA"},"content":{"rendered":"\n<p>Kona\u010dno je do\u0161lo vrijeme za drugi dio ljetnih aktivnosti i radionica u prelo\u0161koj knji\u017enici! Ve\u0107 \u010detvrtu godinu za redom <strong>Knji\u017enica i \u010ditaonica Grada Preloga<\/strong> u suradnji s <strong>Dru\u0161tvom Na\u0161a djeca Prelog<\/strong> organizira pri\u010daonice uz male slobodne knji\u017enice u svim naseljima Grada Preloga. U prilogu se nalazi raspored pri\u010daonica uz ku\u0107ice s knjigama povodom kojih \u010ditamo neobi\u010dne bajke prigodne za uzrast od 4+. Pri\u010daonice su besplatne, nije potrebna najava sudjelovanja, a tu su i aktivnosti nakon pri\u010de uz zabavne listi\u0107e i igre. Ovaj simpati\u010dni pri\u010dopri\u010dateljski maraton organizira se u okviru nacionalne kampanje <strong>\u010citaj mi<\/strong> i <strong>Mre\u017ee #Malih slobodnih knji\u017enica Hrvatske<\/strong>. Vidimo se uskoro!<\/p>\n\n\n\n<div class=\"wp-block-media-text alignwide is-stacked-on-mobile\"><figure class=\"wp-block-media-text__media\"><img loading=\"lazy\" width=\"724\" height=\"1024\" src=\"http:\/\/knjiznice.nsk.hr\/prelog\/wp-content\/uploads\/sites\/115\/2024\/08\/Publication1-724x1024.jpg\" alt=\"\" class=\"wp-image-995 size-full\" srcset=\"https:\/\/knjiznice.nsk.hr\/prelog\/wp-content\/uploads\/sites\/115\/2024\/08\/Publication1-724x1024.jpg 724w, https:\/\/knjiznice.nsk.hr\/prelog\/wp-content\/uploads\/sites\/115\/2024\/08\/Publication1-212x300.jpg 212w, https:\/\/knjiznice.nsk.hr\/prelog\/wp-content\/uploads\/sites\/115\/2024\/08\/Publication1-768x1086.jpg 768w, https:\/\/knjiznice.nsk.hr\/prelog\/wp-content\/uploads\/sites\/115\/2024\/08\/Publication1-600x849.jpg 600w, https:\/\/knjiznice.nsk.hr\/prelog\/wp-content\/uploads\/sites\/115\/2024\/08\/Publication1-1086x1536.jpg 1086w, https:\/\/knjiznice.nsk.hr\/prelog\/wp-content\/uploads\/sites\/115\/2024\/08\/Publication1-624x883.jpg 624w, https:\/\/knjiznice.nsk.hr\/prelog\/wp-content\/uploads\/sites\/115\/2024\/08\/Publication1.jpg 1240w\" sizes=\"(max-width: 724px) 100vw, 724px\" \/><\/figure><div class=\"wp-block-media-text__content\">\n<ul id=\"block-3159f61b-c25f-498c-b1ea-b2d3d8d5522e\"><li>19.08. ponedjeljak &#8211; Prelog (park S. Radi\u0107a)<\/li><li>20.08. utorak &#8211; Cirkovljan (kraj vrti\u0107a)<\/li><li>21.08. srijeda &#8211; \u010cehovec (centar)<\/li><li>22.08. \u010detvrtak &#8211; Hemu\u0161evec (park)<\/li><li>23.08. petak &#8211; Dra\u0161kovec (kod crkve)<\/li><li>26.08. ponedjeljak &#8211; Oporovec (dru\u0161tveni dom)<\/li><li>27.08. utorak &#8211; Otok (sportski park)<\/li><li>28.08. srijeda &#8211; \u010cukovec (busna stanica)<\/li><li>29.08. \u010detvrtak &#8211; \u010cehovec (dje\u010dja ku\u0107ica)<\/li><\/ul>\n<\/div><\/div>\n","protected":false},"excerpt":{"rendered":"<p>Kona\u010dno je do\u0161lo vrijeme za drugi dio ljetnih aktivnosti i radionica u prelo\u0161koj knji\u017enici! Ve\u0107 \u010detvrtu godinu za redom Knji\u017enica i \u010ditaonica Grada Preloga u suradnji s Dru\u0161tvom Na\u0161a djeca [&hellip;]<\/p>\n","protected":false},"author":192,"featured_media":0,"comment_status":"closed","ping_status":"closed","sticky":false,"template":"","format":"standard","meta":{"ngg_post_thumbnail":0},"categories":[1],"tags":[],"yoast_head":"<!-- This site is optimized with the Yoast SEO plugin v16.4 - https:\/\/yoast.com\/wordpress\/plugins\/seo\/ -->\n<meta name=\"robots\" content=\"index, follow, max-snippet:-1, max-image-preview:large, max-video-preview:-1\" \/>\n<link rel=\"canonical\" href=\"https:\/\/knjiznice.nsk.hr\/prelog\/2024\/08\/13\/ljetne-pricaonice-uz-kucice-s-knjigama\/\" \/>\n<meta property=\"og:locale\" content=\"hr_HR\" \/>\n<meta property=\"og:type\" content=\"article\" \/>\n<meta property=\"og:title\" content=\"LJETNE PRI\u010cAONICE UZ KU\u0106ICE S KNJIGAMA - Knji\u017enica i \u010ditaonica Grada Preloga\" \/>\n<meta property=\"og:description\" content=\"Kona\u010dno je do\u0161lo vrijeme za drugi dio ljetnih aktivnosti i radionica u prelo\u0161koj knji\u017enici! Ve\u0107 \u010detvrtu godinu za redom Knji\u017enica i \u010ditaonica Grada Preloga u suradnji s Dru\u0161tvom Na\u0161a djeca [&hellip;]\" \/>\n<meta property=\"og:url\" content=\"https:\/\/knjiznice.nsk.hr\/prelog\/2024\/08\/13\/ljetne-pricaonice-uz-kucice-s-knjigama\/\" \/>\n<meta property=\"og:site_name\" content=\"Knji\u017enica i \u010ditaonica Grada Preloga\" \/>\n<meta property=\"article:publisher\" content=\"https:\/\/www.facebook.com\/kicgprelog\" \/>\n<meta property=\"article:published_time\" content=\"2024-08-13T09:31:30+00:00\" \/>\n<meta property=\"article:modified_time\" content=\"2024-08-13T09:31:31+00:00\" \/>\n<meta property=\"og:image\" content=\"http:\/\/knjiznice.nsk.hr\/prelog\/wp-content\/uploads\/sites\/115\/2024\/08\/Publication1-724x1024.jpg\" \/>\n<meta name=\"twitter:card\" content=\"summary_large_image\" \/>\n<meta name=\"twitter:label1\" content=\"Procijenjeno vrijeme \u010ditanja\" \/>\n\t<meta name=\"twitter:data1\" content=\"1 minuta\" \/>\n<script type=\"application\/ld+json\" class=\"yoast-schema-graph\">{\"@context\":\"https:\/\/schema.org\",\"@graph\":[{\"@type\":\"Organization\",\"@id\":\"http:\/\/knjiznice.nsk.hr\/prelog\/#organization\",\"name\":\"Knji\\u017enica i \\u010ditaonica Grada Preloga\",\"url\":\"http:\/\/knjiznice.nsk.hr\/prelog\/\",\"sameAs\":[\"https:\/\/www.facebook.com\/kicgprelog\",\"https:\/\/www.instagram.com\/kicgprelog\/?hl=hr\",\"https:\/\/www.youtube.com\/channel\/UCPoJLs4KlDbQu79pK5HoY4g\"],\"logo\":{\"@type\":\"ImageObject\",\"@id\":\"http:\/\/knjiznice.nsk.hr\/prelog\/#logo\",\"inLanguage\":\"hr\",\"url\":\"http:\/\/knjiznice.nsk.hr\/prelog\/wp-content\/uploads\/sites\/115\/2021\/02\/201803211410360.logo2_.jpg\",\"contentUrl\":\"http:\/\/knjiznice.nsk.hr\/prelog\/wp-content\/uploads\/sites\/115\/2021\/02\/201803211410360.logo2_.jpg\",\"width\":970,\"height\":561,\"caption\":\"Knji\\u017enica i \\u010ditaonica Grada Preloga\"},\"image\":{\"@id\":\"http:\/\/knjiznice.nsk.hr\/prelog\/#logo\"}},{\"@type\":\"WebSite\",\"@id\":\"http:\/\/knjiznice.nsk.hr\/prelog\/#website\",\"url\":\"http:\/\/knjiznice.nsk.hr\/prelog\/\",\"name\":\"Knji\\u017enica i \\u010ditaonica Grada Preloga\",\"description\":\"Iza svake sjajne zajednice stoji sjajna knji\\u017enica. Behind Every Great Community is a Great Library.\",\"publisher\":{\"@id\":\"http:\/\/knjiznice.nsk.hr\/prelog\/#organization\"},\"potentialAction\":[{\"@type\":\"SearchAction\",\"target\":\"http:\/\/knjiznice.nsk.hr\/prelog\/?s={search_term_string}\",\"query-input\":\"required name=search_term_string\"}],\"inLanguage\":\"hr\"},{\"@type\":\"ImageObject\",\"@id\":\"https:\/\/knjiznice.nsk.hr\/prelog\/2024\/08\/13\/ljetne-pricaonice-uz-kucice-s-knjigama\/#primaryimage\",\"inLanguage\":\"hr\",\"url\":\"http:\/\/knjiznice.nsk.hr\/prelog\/wp-content\/uploads\/sites\/115\/2024\/08\/Publication1-724x1024.jpg\",\"contentUrl\":\"http:\/\/knjiznice.nsk.hr\/prelog\/wp-content\/uploads\/sites\/115\/2024\/08\/Publication1-724x1024.jpg\"},{\"@type\":\"WebPage\",\"@id\":\"https:\/\/knjiznice.nsk.hr\/prelog\/2024\/08\/13\/ljetne-pricaonice-uz-kucice-s-knjigama\/#webpage\",\"url\":\"https:\/\/knjiznice.nsk.hr\/prelog\/2024\/08\/13\/ljetne-pricaonice-uz-kucice-s-knjigama\/\",\"name\":\"LJETNE PRI\\u010cAONICE UZ KU\\u0106ICE S KNJIGAMA - Knji\\u017enica i \\u010ditaonica Grada Preloga\",\"isPartOf\":{\"@id\":\"http:\/\/knjiznice.nsk.hr\/prelog\/#website\"},\"primaryImageOfPage\":{\"@id\":\"https:\/\/knjiznice.nsk.hr\/prelog\/2024\/08\/13\/ljetne-pricaonice-uz-kucice-s-knjigama\/#primaryimage\"},\"datePublished\":\"2024-08-13T09:31:30+00:00\",\"dateModified\":\"2024-08-13T09:31:31+00:00\",\"breadcrumb\":{\"@id\":\"https:\/\/knjiznice.nsk.hr\/prelog\/2024\/08\/13\/ljetne-pricaonice-uz-kucice-s-knjigama\/#breadcrumb\"},\"inLanguage\":\"hr\",\"potentialAction\":[{\"@type\":\"ReadAction\",\"target\":[\"https:\/\/knjiznice.nsk.hr\/prelog\/2024\/08\/13\/ljetne-pricaonice-uz-kucice-s-knjigama\/\"]}]},{\"@type\":\"BreadcrumbList\",\"@id\":\"https:\/\/knjiznice.nsk.hr\/prelog\/2024\/08\/13\/ljetne-pricaonice-uz-kucice-s-knjigama\/#breadcrumb\",\"itemListElement\":[{\"@type\":\"ListItem\",\"position\":1,\"item\":{\"@type\":\"WebPage\",\"@id\":\"http:\/\/knjiznice.nsk.hr\/prelog\/\",\"url\":\"http:\/\/knjiznice.nsk.hr\/prelog\/\",\"name\":\"Po\\u010detna stranica\"}},{\"@type\":\"ListItem\",\"position\":2,\"item\":{\"@id\":\"https:\/\/knjiznice.nsk.hr\/prelog\/2024\/08\/13\/ljetne-pricaonice-uz-kucice-s-knjigama\/#webpage\"}}]},{\"@type\":\"Article\",\"@id\":\"https:\/\/knjiznice.nsk.hr\/prelog\/2024\/08\/13\/ljetne-pricaonice-uz-kucice-s-knjigama\/#article\",\"isPartOf\":{\"@id\":\"https:\/\/knjiznice.nsk.hr\/prelog\/2024\/08\/13\/ljetne-pricaonice-uz-kucice-s-knjigama\/#webpage\"},\"author\":{\"@id\":\"http:\/\/knjiznice.nsk.hr\/prelog\/#\/schema\/person\/909622ca9408051fd3ea81ae633d370a\"},\"headline\":\"LJETNE PRI\\u010cAONICE UZ KU\\u0106ICE S KNJIGAMA\",\"datePublished\":\"2024-08-13T09:31:30+00:00\",\"dateModified\":\"2024-08-13T09:31:31+00:00\",\"mainEntityOfPage\":{\"@id\":\"https:\/\/knjiznice.nsk.hr\/prelog\/2024\/08\/13\/ljetne-pricaonice-uz-kucice-s-knjigama\/#webpage\"},\"wordCount\":180,\"publisher\":{\"@id\":\"http:\/\/knjiznice.nsk.hr\/prelog\/#organization\"},\"image\":{\"@id\":\"https:\/\/knjiznice.nsk.hr\/prelog\/2024\/08\/13\/ljetne-pricaonice-uz-kucice-s-knjigama\/#primaryimage\"},\"thumbnailUrl\":\"http:\/\/knjiznice.nsk.hr\/prelog\/wp-content\/uploads\/sites\/115\/2024\/08\/Publication1-724x1024.jpg\",\"inLanguage\":\"hr\"},{\"@type\":\"Person\",\"@id\":\"http:\/\/knjiznice.nsk.hr\/prelog\/#\/schema\/person\/909622ca9408051fd3ea81ae633d370a\",\"name\":\"prelog\",\"image\":{\"@type\":\"ImageObject\",\"@id\":\"http:\/\/knjiznice.nsk.hr\/prelog\/#personlogo\",\"inLanguage\":\"hr\",\"url\":\"https:\/\/secure.gravatar.com\/avatar\/29849af0692893a52460d0ec299415d7?s=96&d=mm&r=g\",\"contentUrl\":\"https:\/\/secure.gravatar.com\/avatar\/29849af0692893a52460d0ec299415d7?s=96&d=mm&r=g\",\"caption\":\"prelog\"}}]}<\/script>\n<!-- \/ Yoast SEO plugin. -->","_links":{"self":[{"href":"https:\/\/knjiznice.nsk.hr\/prelog\/wp-json\/wp\/v2\/posts\/994"}],"collection":[{"href":"https:\/\/knjiznice.nsk.hr\/prelog\/wp-json\/wp\/v2\/posts"}],"about":[{"href":"https:\/\/knjiznice.nsk.hr\/prelog\/wp-json\/wp\/v2\/types\/post"}],"author":[{"embeddable":true,"href":"https:\/\/knjiznice.nsk.hr\/prelog\/wp-json\/wp\/v2\/users\/192"}],"replies":[{"embeddable":true,"href":"https:\/\/knjiznice.nsk.hr\/prelog\/wp-json\/wp\/v2\/comments?post=994"}],"version-history":[{"count":1,"href":"https:\/\/knjiznice.nsk.hr\/prelog\/wp-json\/wp\/v2\/posts\/994\/revisions"}],"predecessor-version":[{"id":996,"href":"https:\/\/knjiznice.nsk.hr\/prelog\/wp-json\/wp\/v2\/posts\/994\/revisions\/996"}],"wp:attachment":[{"href":"https:\/\/knjiznice.nsk.hr\/prelog\/wp-json\/wp\/v2\/media?parent=994"}],"wp:term":[{"taxonomy":"category","embeddable":true,"href":"https:\/\/knjiznice.nsk.hr\/prelog\/wp-json\/wp\/v2\/categories?post=994"},{"taxonomy":"post_tag","embeddable":true,"href":"https:\/\/knjiznice.nsk.hr\/prelog\/wp-json\/wp\/v2\/tags?post=994"}],"curies":[{"name":"wp","href":"https:\/\/api.w.org\/{rel}","templated":true}]}}