{"id":1228,"date":"2026-04-08T13:23:22","date_gmt":"2026-04-08T11:23:22","guid":{"rendered":"https:\/\/knjiznice.nsk.hr\/prelog\/?p=1228"},"modified":"2026-04-08T13:23:23","modified_gmt":"2026-04-08T11:23:23","slug":"dani-medijske-pismenosti-2026","status":"publish","type":"post","link":"https:\/\/knjiznice.nsk.hr\/prelog\/2026\/04\/08\/dani-medijske-pismenosti-2026\/","title":{"rendered":"DANI MEDIJSKE PISMENOSTI 2026."},"content":{"rendered":"\n<p>DATA DETOX BAR &#8211; IZLO\u017dBA<\/p>\n\n\n\n<p><br><strong>9. Dani medijske pismenosti<\/strong> odr\u017eavaju se <strong>od 20. do 26. travnja 2026.<\/strong>, a aktivnosti se, kao i prija\u0161njih godina, mogu provoditi i tijekom travnja i svibnja. Manifestaciju organiziraju <strong>Agencija za elektroni\u010dke medije<\/strong> i <strong>Ured UNICEF-a za Hrvatsku<\/strong>, u suradnji s brojnim partnerima, pod pokroviteljstvom <strong>Ministarstva kulture i medija<\/strong> te <strong>Ministarstva znanosti, obrazovanja i mladih<\/strong>. Cilj manifestacije je potaknuti razvoj medijske pismenosti djece, mladih i odraslih te uklju\u010diti \u0161kole, knji\u017enice, kulturne ustanove, medije i udruge u zajedni\u010dke aktivnosti diljem Hrvatske.<\/p>\n\n\n\n<p><br><strong>Data Detox Bar<\/strong> proizlazi iz me\u0111unarodne inicijative <strong>Data Detox Kit<\/strong>, koju razvija <strong>Tactical Tech<\/strong>, a projekt je usmjeren na digitalnu dobrobit, privatnost, sigurnost i promi\u0161ljen odnos prema tehnologiji. Materijali i aktivnosti osmi\u0161ljeni su tako da na pristupa\u010dan i prakti\u010dan na\u010din potaknu posjetitelje na razmi\u0161ljanje o vlastitim digitalnim navikama, podacima koje ostavljaju na internetu, utjecaju platformi i umjetne inteligencije te na\u010dinima sigurnijeg i svjesnijeg kori\u0161tenja digitalnih alata. Tactical Tech posebno isti\u010de da Data Detox Kit nudi prakti\u010dne savjete o digitalnoj sigurnosti, privatnosti i dobrobiti, a noviji vodi\u010di bave se i utjecajem umjetne inteligencije, prijevara, pristranosti i digitalnog okru\u017eenja op\u0107enito.<\/p>\n\n\n\n<figure class=\"wp-block-image size-large\"><img loading=\"lazy\" width=\"960\" height=\"640\" src=\"https:\/\/knjiznice.nsk.hr\/prelog\/wp-content\/uploads\/sites\/115\/2026\/04\/medijska-pismenost-Dani-medijske-pismenosti-2026-vizual-1.jpg\" alt=\"\" class=\"wp-image-1229\" srcset=\"https:\/\/knjiznice.nsk.hr\/prelog\/wp-content\/uploads\/sites\/115\/2026\/04\/medijska-pismenost-Dani-medijske-pismenosti-2026-vizual-1.jpg 960w, https:\/\/knjiznice.nsk.hr\/prelog\/wp-content\/uploads\/sites\/115\/2026\/04\/medijska-pismenost-Dani-medijske-pismenosti-2026-vizual-1-300x200.jpg 300w, https:\/\/knjiznice.nsk.hr\/prelog\/wp-content\/uploads\/sites\/115\/2026\/04\/medijska-pismenost-Dani-medijske-pismenosti-2026-vizual-1-768x512.jpg 768w, https:\/\/knjiznice.nsk.hr\/prelog\/wp-content\/uploads\/sites\/115\/2026\/04\/medijska-pismenost-Dani-medijske-pismenosti-2026-vizual-1-600x400.jpg 600w, https:\/\/knjiznice.nsk.hr\/prelog\/wp-content\/uploads\/sites\/115\/2026\/04\/medijska-pismenost-Dani-medijske-pismenosti-2026-vizual-1-624x416.jpg 624w\" sizes=\"(max-width: 960px) 100vw, 960px\" \/><\/figure>\n","protected":false},"excerpt":{"rendered":"<p>DATA DETOX BAR &#8211; IZLO\u017dBA 9. Dani medijske pismenosti odr\u017eavaju se od 20. do 26. travnja 2026., a aktivnosti se, kao i prija\u0161njih godina, mogu provoditi i tijekom travnja i [&hellip;]<\/p>\n","protected":false},"author":192,"featured_media":0,"comment_status":"closed","ping_status":"closed","sticky":false,"template":"","format":"standard","meta":{"ngg_post_thumbnail":0},"categories":[1],"tags":[],"yoast_head":"<!-- This site is optimized with the Yoast SEO plugin v16.4 - https:\/\/yoast.com\/wordpress\/plugins\/seo\/ -->\n<meta name=\"robots\" content=\"index, follow, max-snippet:-1, max-image-preview:large, max-video-preview:-1\" \/>\n<link rel=\"canonical\" href=\"https:\/\/knjiznice.nsk.hr\/prelog\/2026\/04\/08\/dani-medijske-pismenosti-2026\/\" \/>\n<meta property=\"og:locale\" content=\"hr_HR\" \/>\n<meta property=\"og:type\" content=\"article\" \/>\n<meta property=\"og:title\" content=\"DANI MEDIJSKE PISMENOSTI 2026. - Knji\u017enica i \u010ditaonica Grada Preloga\" \/>\n<meta property=\"og:description\" content=\"DATA DETOX BAR &#8211; IZLO\u017dBA 9. Dani medijske pismenosti odr\u017eavaju se od 20. do 26. travnja 2026., a aktivnosti se, kao i prija\u0161njih godina, mogu provoditi i tijekom travnja i [&hellip;]\" \/>\n<meta property=\"og:url\" content=\"https:\/\/knjiznice.nsk.hr\/prelog\/2026\/04\/08\/dani-medijske-pismenosti-2026\/\" \/>\n<meta property=\"og:site_name\" content=\"Knji\u017enica i \u010ditaonica Grada Preloga\" \/>\n<meta property=\"article:publisher\" content=\"https:\/\/www.facebook.com\/kicgprelog\" \/>\n<meta property=\"article:published_time\" content=\"2026-04-08T11:23:22+00:00\" \/>\n<meta property=\"article:modified_time\" content=\"2026-04-08T11:23:23+00:00\" \/>\n<meta property=\"og:image\" content=\"https:\/\/knjiznice.nsk.hr\/prelog\/wp-content\/uploads\/sites\/115\/2026\/04\/medijska-pismenost-Dani-medijske-pismenosti-2026-vizual-1.jpg\" \/>\n<meta name=\"twitter:card\" content=\"summary_large_image\" \/>\n<meta name=\"twitter:label1\" content=\"Procijenjeno vrijeme \u010ditanja\" \/>\n\t<meta name=\"twitter:data1\" content=\"1 minuta\" \/>\n<script type=\"application\/ld+json\" class=\"yoast-schema-graph\">{\"@context\":\"https:\/\/schema.org\",\"@graph\":[{\"@type\":\"Organization\",\"@id\":\"http:\/\/knjiznice.nsk.hr\/prelog\/#organization\",\"name\":\"Knji\\u017enica i \\u010ditaonica Grada Preloga\",\"url\":\"http:\/\/knjiznice.nsk.hr\/prelog\/\",\"sameAs\":[\"https:\/\/www.facebook.com\/kicgprelog\",\"https:\/\/www.instagram.com\/kicgprelog\/?hl=hr\",\"https:\/\/www.youtube.com\/channel\/UCPoJLs4KlDbQu79pK5HoY4g\"],\"logo\":{\"@type\":\"ImageObject\",\"@id\":\"http:\/\/knjiznice.nsk.hr\/prelog\/#logo\",\"inLanguage\":\"hr\",\"url\":\"http:\/\/knjiznice.nsk.hr\/prelog\/wp-content\/uploads\/sites\/115\/2021\/02\/201803211410360.logo2_.jpg\",\"contentUrl\":\"http:\/\/knjiznice.nsk.hr\/prelog\/wp-content\/uploads\/sites\/115\/2021\/02\/201803211410360.logo2_.jpg\",\"width\":970,\"height\":561,\"caption\":\"Knji\\u017enica i \\u010ditaonica Grada Preloga\"},\"image\":{\"@id\":\"http:\/\/knjiznice.nsk.hr\/prelog\/#logo\"}},{\"@type\":\"WebSite\",\"@id\":\"http:\/\/knjiznice.nsk.hr\/prelog\/#website\",\"url\":\"http:\/\/knjiznice.nsk.hr\/prelog\/\",\"name\":\"Knji\\u017enica i \\u010ditaonica Grada Preloga\",\"description\":\"Iza svake sjajne zajednice stoji sjajna knji\\u017enica. Behind Every Great Community is a Great Library.\",\"publisher\":{\"@id\":\"http:\/\/knjiznice.nsk.hr\/prelog\/#organization\"},\"potentialAction\":[{\"@type\":\"SearchAction\",\"target\":\"http:\/\/knjiznice.nsk.hr\/prelog\/?s={search_term_string}\",\"query-input\":\"required name=search_term_string\"}],\"inLanguage\":\"hr\"},{\"@type\":\"ImageObject\",\"@id\":\"https:\/\/knjiznice.nsk.hr\/prelog\/2026\/04\/08\/dani-medijske-pismenosti-2026\/#primaryimage\",\"inLanguage\":\"hr\",\"url\":\"https:\/\/knjiznice.nsk.hr\/prelog\/wp-content\/uploads\/sites\/115\/2026\/04\/medijska-pismenost-Dani-medijske-pismenosti-2026-vizual-1.jpg\",\"contentUrl\":\"https:\/\/knjiznice.nsk.hr\/prelog\/wp-content\/uploads\/sites\/115\/2026\/04\/medijska-pismenost-Dani-medijske-pismenosti-2026-vizual-1.jpg\"},{\"@type\":\"WebPage\",\"@id\":\"https:\/\/knjiznice.nsk.hr\/prelog\/2026\/04\/08\/dani-medijske-pismenosti-2026\/#webpage\",\"url\":\"https:\/\/knjiznice.nsk.hr\/prelog\/2026\/04\/08\/dani-medijske-pismenosti-2026\/\",\"name\":\"DANI MEDIJSKE PISMENOSTI 2026. - Knji\\u017enica i \\u010ditaonica Grada Preloga\",\"isPartOf\":{\"@id\":\"http:\/\/knjiznice.nsk.hr\/prelog\/#website\"},\"primaryImageOfPage\":{\"@id\":\"https:\/\/knjiznice.nsk.hr\/prelog\/2026\/04\/08\/dani-medijske-pismenosti-2026\/#primaryimage\"},\"datePublished\":\"2026-04-08T11:23:22+00:00\",\"dateModified\":\"2026-04-08T11:23:23+00:00\",\"breadcrumb\":{\"@id\":\"https:\/\/knjiznice.nsk.hr\/prelog\/2026\/04\/08\/dani-medijske-pismenosti-2026\/#breadcrumb\"},\"inLanguage\":\"hr\",\"potentialAction\":[{\"@type\":\"ReadAction\",\"target\":[\"https:\/\/knjiznice.nsk.hr\/prelog\/2026\/04\/08\/dani-medijske-pismenosti-2026\/\"]}]},{\"@type\":\"BreadcrumbList\",\"@id\":\"https:\/\/knjiznice.nsk.hr\/prelog\/2026\/04\/08\/dani-medijske-pismenosti-2026\/#breadcrumb\",\"itemListElement\":[{\"@type\":\"ListItem\",\"position\":1,\"item\":{\"@type\":\"WebPage\",\"@id\":\"http:\/\/knjiznice.nsk.hr\/prelog\/\",\"url\":\"http:\/\/knjiznice.nsk.hr\/prelog\/\",\"name\":\"Po\\u010detna stranica\"}},{\"@type\":\"ListItem\",\"position\":2,\"item\":{\"@id\":\"https:\/\/knjiznice.nsk.hr\/prelog\/2026\/04\/08\/dani-medijske-pismenosti-2026\/#webpage\"}}]},{\"@type\":\"Article\",\"@id\":\"https:\/\/knjiznice.nsk.hr\/prelog\/2026\/04\/08\/dani-medijske-pismenosti-2026\/#article\",\"isPartOf\":{\"@id\":\"https:\/\/knjiznice.nsk.hr\/prelog\/2026\/04\/08\/dani-medijske-pismenosti-2026\/#webpage\"},\"author\":{\"@id\":\"http:\/\/knjiznice.nsk.hr\/prelog\/#\/schema\/person\/909622ca9408051fd3ea81ae633d370a\"},\"headline\":\"DANI MEDIJSKE PISMENOSTI 2026.\",\"datePublished\":\"2026-04-08T11:23:22+00:00\",\"dateModified\":\"2026-04-08T11:23:23+00:00\",\"mainEntityOfPage\":{\"@id\":\"https:\/\/knjiznice.nsk.hr\/prelog\/2026\/04\/08\/dani-medijske-pismenosti-2026\/#webpage\"},\"wordCount\":202,\"publisher\":{\"@id\":\"http:\/\/knjiznice.nsk.hr\/prelog\/#organization\"},\"image\":{\"@id\":\"https:\/\/knjiznice.nsk.hr\/prelog\/2026\/04\/08\/dani-medijske-pismenosti-2026\/#primaryimage\"},\"thumbnailUrl\":\"https:\/\/knjiznice.nsk.hr\/prelog\/wp-content\/uploads\/sites\/115\/2026\/04\/medijska-pismenost-Dani-medijske-pismenosti-2026-vizual-1.jpg\",\"inLanguage\":\"hr\"},{\"@type\":\"Person\",\"@id\":\"http:\/\/knjiznice.nsk.hr\/prelog\/#\/schema\/person\/909622ca9408051fd3ea81ae633d370a\",\"name\":\"prelog\",\"image\":{\"@type\":\"ImageObject\",\"@id\":\"http:\/\/knjiznice.nsk.hr\/prelog\/#personlogo\",\"inLanguage\":\"hr\",\"url\":\"https:\/\/secure.gravatar.com\/avatar\/29849af0692893a52460d0ec299415d7?s=96&d=mm&r=g\",\"contentUrl\":\"https:\/\/secure.gravatar.com\/avatar\/29849af0692893a52460d0ec299415d7?s=96&d=mm&r=g\",\"caption\":\"prelog\"}}]}<\/script>\n<!-- \/ Yoast SEO plugin. -->","_links":{"self":[{"href":"https:\/\/knjiznice.nsk.hr\/prelog\/wp-json\/wp\/v2\/posts\/1228"}],"collection":[{"href":"https:\/\/knjiznice.nsk.hr\/prelog\/wp-json\/wp\/v2\/posts"}],"about":[{"href":"https:\/\/knjiznice.nsk.hr\/prelog\/wp-json\/wp\/v2\/types\/post"}],"author":[{"embeddable":true,"href":"https:\/\/knjiznice.nsk.hr\/prelog\/wp-json\/wp\/v2\/users\/192"}],"replies":[{"embeddable":true,"href":"https:\/\/knjiznice.nsk.hr\/prelog\/wp-json\/wp\/v2\/comments?post=1228"}],"version-history":[{"count":1,"href":"https:\/\/knjiznice.nsk.hr\/prelog\/wp-json\/wp\/v2\/posts\/1228\/revisions"}],"predecessor-version":[{"id":1230,"href":"https:\/\/knjiznice.nsk.hr\/prelog\/wp-json\/wp\/v2\/posts\/1228\/revisions\/1230"}],"wp:attachment":[{"href":"https:\/\/knjiznice.nsk.hr\/prelog\/wp-json\/wp\/v2\/media?parent=1228"}],"wp:term":[{"taxonomy":"category","embeddable":true,"href":"https:\/\/knjiznice.nsk.hr\/prelog\/wp-json\/wp\/v2\/categories?post=1228"},{"taxonomy":"post_tag","embeddable":true,"href":"https:\/\/knjiznice.nsk.hr\/prelog\/wp-json\/wp\/v2\/tags?post=1228"}],"curies":[{"name":"wp","href":"https:\/\/api.w.org\/{rel}","templated":true}]}}