{"id":1150,"date":"2025-12-27T23:44:11","date_gmt":"2025-12-27T22:44:11","guid":{"rendered":"http:\/\/knjiznice.nsk.hr\/prelog\/?p=1150"},"modified":"2025-12-27T23:44:12","modified_gmt":"2025-12-27T22:44:12","slug":"kolektivni-godisnji-odmor","status":"publish","type":"post","link":"https:\/\/knjiznice.nsk.hr\/prelog\/2025\/12\/27\/kolektivni-godisnji-odmor\/","title":{"rendered":"KOLEKTIVNI GODI\u0160NJI ODMOR"},"content":{"rendered":"\n<p>U RAZDOBLJU OD 22.12.2025. DO 06.01.2026. KNJI\u017dNICA NE\u0106E BITI DOSTUPNA ZA POSUDBE ZBOG KORI\u0160TENJA KOLEKTIVNOG GODI\u0160NJEG ODMORA.<\/p>\n\n\n\n<p>Svim \u010dlanovima i korisnicima \u017elimo mirne blagdane, blagoslovljen Bo\u017ei\u0107 te sretni novu godinu!<\/p>\n\n\n\n<figure class=\"wp-block-image size-large is-style-default\"><img loading=\"lazy\" width=\"1024\" height=\"724\" src=\"http:\/\/knjiznice.nsk.hr\/prelog\/wp-content\/uploads\/sites\/115\/2025\/12\/601093570_1280483037456726_4525706662400324207_n-1024x724.jpg\" alt=\"\" class=\"wp-image-1151\" srcset=\"https:\/\/knjiznice.nsk.hr\/prelog\/wp-content\/uploads\/sites\/115\/2025\/12\/601093570_1280483037456726_4525706662400324207_n-1024x724.jpg 1024w, https:\/\/knjiznice.nsk.hr\/prelog\/wp-content\/uploads\/sites\/115\/2025\/12\/601093570_1280483037456726_4525706662400324207_n-300x212.jpg 300w, https:\/\/knjiznice.nsk.hr\/prelog\/wp-content\/uploads\/sites\/115\/2025\/12\/601093570_1280483037456726_4525706662400324207_n-768x543.jpg 768w, https:\/\/knjiznice.nsk.hr\/prelog\/wp-content\/uploads\/sites\/115\/2025\/12\/601093570_1280483037456726_4525706662400324207_n-600x424.jpg 600w, https:\/\/knjiznice.nsk.hr\/prelog\/wp-content\/uploads\/sites\/115\/2025\/12\/601093570_1280483037456726_4525706662400324207_n-1536x1086.jpg 1536w, https:\/\/knjiznice.nsk.hr\/prelog\/wp-content\/uploads\/sites\/115\/2025\/12\/601093570_1280483037456726_4525706662400324207_n-624x441.jpg 624w, https:\/\/knjiznice.nsk.hr\/prelog\/wp-content\/uploads\/sites\/115\/2025\/12\/601093570_1280483037456726_4525706662400324207_n.jpg 2048w\" sizes=\"(max-width: 1024px) 100vw, 1024px\" \/><\/figure>\n","protected":false},"excerpt":{"rendered":"<p>U RAZDOBLJU OD 22.12.2025. DO 06.01.2026. KNJI\u017dNICA NE\u0106E BITI DOSTUPNA ZA POSUDBE ZBOG KORI\u0160TENJA KOLEKTIVNOG GODI\u0160NJEG ODMORA. Svim \u010dlanovima i korisnicima \u017elimo mirne blagdane, blagoslovljen Bo\u017ei\u0107 te sretni novu godinu!<\/p>\n","protected":false},"author":192,"featured_media":0,"comment_status":"closed","ping_status":"closed","sticky":false,"template":"","format":"standard","meta":{"ngg_post_thumbnail":0},"categories":[1],"tags":[],"yoast_head":"<!-- This site is optimized with the Yoast SEO plugin v16.4 - https:\/\/yoast.com\/wordpress\/plugins\/seo\/ -->\n<meta name=\"robots\" content=\"index, follow, max-snippet:-1, max-image-preview:large, max-video-preview:-1\" \/>\n<link rel=\"canonical\" href=\"https:\/\/knjiznice.nsk.hr\/prelog\/2025\/12\/27\/kolektivni-godisnji-odmor\/\" \/>\n<meta property=\"og:locale\" content=\"hr_HR\" \/>\n<meta property=\"og:type\" content=\"article\" \/>\n<meta property=\"og:title\" content=\"KOLEKTIVNI GODI\u0160NJI ODMOR - Knji\u017enica i \u010ditaonica Grada Preloga\" \/>\n<meta property=\"og:description\" content=\"U RAZDOBLJU OD 22.12.2025. DO 06.01.2026. KNJI\u017dNICA NE\u0106E BITI DOSTUPNA ZA POSUDBE ZBOG KORI\u0160TENJA KOLEKTIVNOG GODI\u0160NJEG ODMORA. Svim \u010dlanovima i korisnicima \u017elimo mirne blagdane, blagoslovljen Bo\u017ei\u0107 te sretni novu godinu!\" \/>\n<meta property=\"og:url\" content=\"https:\/\/knjiznice.nsk.hr\/prelog\/2025\/12\/27\/kolektivni-godisnji-odmor\/\" \/>\n<meta property=\"og:site_name\" content=\"Knji\u017enica i \u010ditaonica Grada Preloga\" \/>\n<meta property=\"article:publisher\" content=\"https:\/\/www.facebook.com\/kicgprelog\" \/>\n<meta property=\"article:published_time\" content=\"2025-12-27T22:44:11+00:00\" \/>\n<meta property=\"article:modified_time\" content=\"2025-12-27T22:44:12+00:00\" \/>\n<meta property=\"og:image\" content=\"http:\/\/knjiznice.nsk.hr\/prelog\/wp-content\/uploads\/sites\/115\/2025\/12\/601093570_1280483037456726_4525706662400324207_n-1024x724.jpg\" \/>\n<meta name=\"twitter:card\" content=\"summary_large_image\" \/>\n<meta name=\"twitter:label1\" content=\"Procijenjeno vrijeme \u010ditanja\" \/>\n\t<meta name=\"twitter:data1\" content=\"1 minuta\" \/>\n<script type=\"application\/ld+json\" class=\"yoast-schema-graph\">{\"@context\":\"https:\/\/schema.org\",\"@graph\":[{\"@type\":\"Organization\",\"@id\":\"http:\/\/knjiznice.nsk.hr\/prelog\/#organization\",\"name\":\"Knji\\u017enica i \\u010ditaonica Grada Preloga\",\"url\":\"http:\/\/knjiznice.nsk.hr\/prelog\/\",\"sameAs\":[\"https:\/\/www.facebook.com\/kicgprelog\",\"https:\/\/www.instagram.com\/kicgprelog\/?hl=hr\",\"https:\/\/www.youtube.com\/channel\/UCPoJLs4KlDbQu79pK5HoY4g\"],\"logo\":{\"@type\":\"ImageObject\",\"@id\":\"http:\/\/knjiznice.nsk.hr\/prelog\/#logo\",\"inLanguage\":\"hr\",\"url\":\"http:\/\/knjiznice.nsk.hr\/prelog\/wp-content\/uploads\/sites\/115\/2021\/02\/201803211410360.logo2_.jpg\",\"contentUrl\":\"http:\/\/knjiznice.nsk.hr\/prelog\/wp-content\/uploads\/sites\/115\/2021\/02\/201803211410360.logo2_.jpg\",\"width\":970,\"height\":561,\"caption\":\"Knji\\u017enica i \\u010ditaonica Grada Preloga\"},\"image\":{\"@id\":\"http:\/\/knjiznice.nsk.hr\/prelog\/#logo\"}},{\"@type\":\"WebSite\",\"@id\":\"http:\/\/knjiznice.nsk.hr\/prelog\/#website\",\"url\":\"http:\/\/knjiznice.nsk.hr\/prelog\/\",\"name\":\"Knji\\u017enica i \\u010ditaonica Grada Preloga\",\"description\":\"Iza svake sjajne zajednice stoji sjajna knji\\u017enica. Behind Every Great Community is a Great Library.\",\"publisher\":{\"@id\":\"http:\/\/knjiznice.nsk.hr\/prelog\/#organization\"},\"potentialAction\":[{\"@type\":\"SearchAction\",\"target\":\"http:\/\/knjiznice.nsk.hr\/prelog\/?s={search_term_string}\",\"query-input\":\"required name=search_term_string\"}],\"inLanguage\":\"hr\"},{\"@type\":\"ImageObject\",\"@id\":\"https:\/\/knjiznice.nsk.hr\/prelog\/2025\/12\/27\/kolektivni-godisnji-odmor\/#primaryimage\",\"inLanguage\":\"hr\",\"url\":\"http:\/\/knjiznice.nsk.hr\/prelog\/wp-content\/uploads\/sites\/115\/2025\/12\/601093570_1280483037456726_4525706662400324207_n-1024x724.jpg\",\"contentUrl\":\"http:\/\/knjiznice.nsk.hr\/prelog\/wp-content\/uploads\/sites\/115\/2025\/12\/601093570_1280483037456726_4525706662400324207_n-1024x724.jpg\"},{\"@type\":\"WebPage\",\"@id\":\"https:\/\/knjiznice.nsk.hr\/prelog\/2025\/12\/27\/kolektivni-godisnji-odmor\/#webpage\",\"url\":\"https:\/\/knjiznice.nsk.hr\/prelog\/2025\/12\/27\/kolektivni-godisnji-odmor\/\",\"name\":\"KOLEKTIVNI GODI\\u0160NJI ODMOR - Knji\\u017enica i \\u010ditaonica Grada Preloga\",\"isPartOf\":{\"@id\":\"http:\/\/knjiznice.nsk.hr\/prelog\/#website\"},\"primaryImageOfPage\":{\"@id\":\"https:\/\/knjiznice.nsk.hr\/prelog\/2025\/12\/27\/kolektivni-godisnji-odmor\/#primaryimage\"},\"datePublished\":\"2025-12-27T22:44:11+00:00\",\"dateModified\":\"2025-12-27T22:44:12+00:00\",\"breadcrumb\":{\"@id\":\"https:\/\/knjiznice.nsk.hr\/prelog\/2025\/12\/27\/kolektivni-godisnji-odmor\/#breadcrumb\"},\"inLanguage\":\"hr\",\"potentialAction\":[{\"@type\":\"ReadAction\",\"target\":[\"https:\/\/knjiznice.nsk.hr\/prelog\/2025\/12\/27\/kolektivni-godisnji-odmor\/\"]}]},{\"@type\":\"BreadcrumbList\",\"@id\":\"https:\/\/knjiznice.nsk.hr\/prelog\/2025\/12\/27\/kolektivni-godisnji-odmor\/#breadcrumb\",\"itemListElement\":[{\"@type\":\"ListItem\",\"position\":1,\"item\":{\"@type\":\"WebPage\",\"@id\":\"http:\/\/knjiznice.nsk.hr\/prelog\/\",\"url\":\"http:\/\/knjiznice.nsk.hr\/prelog\/\",\"name\":\"Po\\u010detna stranica\"}},{\"@type\":\"ListItem\",\"position\":2,\"item\":{\"@id\":\"https:\/\/knjiznice.nsk.hr\/prelog\/2025\/12\/27\/kolektivni-godisnji-odmor\/#webpage\"}}]},{\"@type\":\"Article\",\"@id\":\"https:\/\/knjiznice.nsk.hr\/prelog\/2025\/12\/27\/kolektivni-godisnji-odmor\/#article\",\"isPartOf\":{\"@id\":\"https:\/\/knjiznice.nsk.hr\/prelog\/2025\/12\/27\/kolektivni-godisnji-odmor\/#webpage\"},\"author\":{\"@id\":\"http:\/\/knjiznice.nsk.hr\/prelog\/#\/schema\/person\/909622ca9408051fd3ea81ae633d370a\"},\"headline\":\"KOLEKTIVNI GODI\\u0160NJI ODMOR\",\"datePublished\":\"2025-12-27T22:44:11+00:00\",\"dateModified\":\"2025-12-27T22:44:12+00:00\",\"mainEntityOfPage\":{\"@id\":\"https:\/\/knjiznice.nsk.hr\/prelog\/2025\/12\/27\/kolektivni-godisnji-odmor\/#webpage\"},\"wordCount\":37,\"publisher\":{\"@id\":\"http:\/\/knjiznice.nsk.hr\/prelog\/#organization\"},\"image\":{\"@id\":\"https:\/\/knjiznice.nsk.hr\/prelog\/2025\/12\/27\/kolektivni-godisnji-odmor\/#primaryimage\"},\"thumbnailUrl\":\"http:\/\/knjiznice.nsk.hr\/prelog\/wp-content\/uploads\/sites\/115\/2025\/12\/601093570_1280483037456726_4525706662400324207_n-1024x724.jpg\",\"inLanguage\":\"hr\"},{\"@type\":\"Person\",\"@id\":\"http:\/\/knjiznice.nsk.hr\/prelog\/#\/schema\/person\/909622ca9408051fd3ea81ae633d370a\",\"name\":\"prelog\",\"image\":{\"@type\":\"ImageObject\",\"@id\":\"http:\/\/knjiznice.nsk.hr\/prelog\/#personlogo\",\"inLanguage\":\"hr\",\"url\":\"https:\/\/secure.gravatar.com\/avatar\/29849af0692893a52460d0ec299415d7?s=96&d=mm&r=g\",\"contentUrl\":\"https:\/\/secure.gravatar.com\/avatar\/29849af0692893a52460d0ec299415d7?s=96&d=mm&r=g\",\"caption\":\"prelog\"}}]}<\/script>\n<!-- \/ Yoast SEO plugin. -->","_links":{"self":[{"href":"https:\/\/knjiznice.nsk.hr\/prelog\/wp-json\/wp\/v2\/posts\/1150"}],"collection":[{"href":"https:\/\/knjiznice.nsk.hr\/prelog\/wp-json\/wp\/v2\/posts"}],"about":[{"href":"https:\/\/knjiznice.nsk.hr\/prelog\/wp-json\/wp\/v2\/types\/post"}],"author":[{"embeddable":true,"href":"https:\/\/knjiznice.nsk.hr\/prelog\/wp-json\/wp\/v2\/users\/192"}],"replies":[{"embeddable":true,"href":"https:\/\/knjiznice.nsk.hr\/prelog\/wp-json\/wp\/v2\/comments?post=1150"}],"version-history":[{"count":1,"href":"https:\/\/knjiznice.nsk.hr\/prelog\/wp-json\/wp\/v2\/posts\/1150\/revisions"}],"predecessor-version":[{"id":1152,"href":"https:\/\/knjiznice.nsk.hr\/prelog\/wp-json\/wp\/v2\/posts\/1150\/revisions\/1152"}],"wp:attachment":[{"href":"https:\/\/knjiznice.nsk.hr\/prelog\/wp-json\/wp\/v2\/media?parent=1150"}],"wp:term":[{"taxonomy":"category","embeddable":true,"href":"https:\/\/knjiznice.nsk.hr\/prelog\/wp-json\/wp\/v2\/categories?post=1150"},{"taxonomy":"post_tag","embeddable":true,"href":"https:\/\/knjiznice.nsk.hr\/prelog\/wp-json\/wp\/v2\/tags?post=1150"}],"curies":[{"name":"wp","href":"https:\/\/api.w.org\/{rel}","templated":true}]}}