{"id":1079,"date":"2025-06-04T17:38:29","date_gmt":"2025-06-04T15:38:29","guid":{"rendered":"http:\/\/knjiznice.nsk.hr\/prelog\/?p=1079"},"modified":"2025-06-04T17:38:30","modified_gmt":"2025-06-04T15:38:30","slug":"ljetno-radno-vrijeme","status":"publish","type":"post","link":"https:\/\/knjiznice.nsk.hr\/prelog\/2025\/06\/04\/ljetno-radno-vrijeme\/","title":{"rendered":"LJETNO RADNO VRIJEME"},"content":{"rendered":"\n<p>04.06.2025. &#8211; 08.09.2025.<br>Zbog organizacije Legendra festivala, odr\u017eavanja ljetnih radionica, pri\u010daonica i kori\u0161tenja godi\u0161njih odmora, u navedenom razdoblju uvodimo JEDNOSMJENSKI RAD.<br><strong>PONEDJELJAK I \u010cETVRTAK 13:00 &#8211; 19:00<br>UTORAK, SRIJEDA I PETAK 9:00 &#8211; 15:00<\/strong><\/p>\n\n\n\n<figure class=\"wp-block-image size-large\"><img loading=\"lazy\" width=\"720\" height=\"521\" src=\"http:\/\/knjiznice.nsk.hr\/prelog\/wp-content\/uploads\/sites\/115\/2025\/06\/496835691_1113694360802262_5588845259897432696_n.jpg\" alt=\"\" class=\"wp-image-1080\" srcset=\"https:\/\/knjiznice.nsk.hr\/prelog\/wp-content\/uploads\/sites\/115\/2025\/06\/496835691_1113694360802262_5588845259897432696_n.jpg 720w, https:\/\/knjiznice.nsk.hr\/prelog\/wp-content\/uploads\/sites\/115\/2025\/06\/496835691_1113694360802262_5588845259897432696_n-300x217.jpg 300w, https:\/\/knjiznice.nsk.hr\/prelog\/wp-content\/uploads\/sites\/115\/2025\/06\/496835691_1113694360802262_5588845259897432696_n-600x434.jpg 600w, https:\/\/knjiznice.nsk.hr\/prelog\/wp-content\/uploads\/sites\/115\/2025\/06\/496835691_1113694360802262_5588845259897432696_n-624x452.jpg 624w\" sizes=\"(max-width: 720px) 100vw, 720px\" \/><\/figure>\n","protected":false},"excerpt":{"rendered":"<p>04.06.2025. &#8211; 08.09.2025.Zbog organizacije Legendra festivala, odr\u017eavanja ljetnih radionica, pri\u010daonica i kori\u0161tenja godi\u0161njih odmora, u navedenom razdoblju uvodimo JEDNOSMJENSKI RAD.PONEDJELJAK I \u010cETVRTAK 13:00 &#8211; 19:00UTORAK, SRIJEDA I PETAK 9:00 &#8211; [&hellip;]<\/p>\n","protected":false},"author":192,"featured_media":0,"comment_status":"closed","ping_status":"closed","sticky":false,"template":"","format":"standard","meta":{"ngg_post_thumbnail":0},"categories":[1],"tags":[],"yoast_head":"<!-- This site is optimized with the Yoast SEO plugin v16.4 - https:\/\/yoast.com\/wordpress\/plugins\/seo\/ -->\n<meta name=\"robots\" content=\"index, follow, max-snippet:-1, max-image-preview:large, max-video-preview:-1\" \/>\n<link rel=\"canonical\" href=\"https:\/\/knjiznice.nsk.hr\/prelog\/2025\/06\/04\/ljetno-radno-vrijeme\/\" \/>\n<meta property=\"og:locale\" content=\"hr_HR\" \/>\n<meta property=\"og:type\" content=\"article\" \/>\n<meta property=\"og:title\" content=\"LJETNO RADNO VRIJEME - Knji\u017enica i \u010ditaonica Grada Preloga\" \/>\n<meta property=\"og:description\" content=\"04.06.2025. &#8211; 08.09.2025.Zbog organizacije Legendra festivala, odr\u017eavanja ljetnih radionica, pri\u010daonica i kori\u0161tenja godi\u0161njih odmora, u navedenom razdoblju uvodimo JEDNOSMJENSKI RAD.PONEDJELJAK I \u010cETVRTAK 13:00 &#8211; 19:00UTORAK, SRIJEDA I PETAK 9:00 &#8211; [&hellip;]\" \/>\n<meta property=\"og:url\" content=\"https:\/\/knjiznice.nsk.hr\/prelog\/2025\/06\/04\/ljetno-radno-vrijeme\/\" \/>\n<meta property=\"og:site_name\" content=\"Knji\u017enica i \u010ditaonica Grada Preloga\" \/>\n<meta property=\"article:publisher\" content=\"https:\/\/www.facebook.com\/kicgprelog\" \/>\n<meta property=\"article:published_time\" content=\"2025-06-04T15:38:29+00:00\" \/>\n<meta property=\"article:modified_time\" content=\"2025-06-04T15:38:30+00:00\" \/>\n<meta property=\"og:image\" content=\"http:\/\/knjiznice.nsk.hr\/prelog\/wp-content\/uploads\/sites\/115\/2025\/06\/496835691_1113694360802262_5588845259897432696_n.jpg\" \/>\n<meta name=\"twitter:card\" content=\"summary_large_image\" \/>\n<meta name=\"twitter:label1\" content=\"Procijenjeno vrijeme \u010ditanja\" \/>\n\t<meta name=\"twitter:data1\" content=\"1 minuta\" \/>\n<script type=\"application\/ld+json\" class=\"yoast-schema-graph\">{\"@context\":\"https:\/\/schema.org\",\"@graph\":[{\"@type\":\"Organization\",\"@id\":\"http:\/\/knjiznice.nsk.hr\/prelog\/#organization\",\"name\":\"Knji\\u017enica i \\u010ditaonica Grada Preloga\",\"url\":\"http:\/\/knjiznice.nsk.hr\/prelog\/\",\"sameAs\":[\"https:\/\/www.facebook.com\/kicgprelog\",\"https:\/\/www.instagram.com\/kicgprelog\/?hl=hr\",\"https:\/\/www.youtube.com\/channel\/UCPoJLs4KlDbQu79pK5HoY4g\"],\"logo\":{\"@type\":\"ImageObject\",\"@id\":\"http:\/\/knjiznice.nsk.hr\/prelog\/#logo\",\"inLanguage\":\"hr\",\"url\":\"http:\/\/knjiznice.nsk.hr\/prelog\/wp-content\/uploads\/sites\/115\/2021\/02\/201803211410360.logo2_.jpg\",\"contentUrl\":\"http:\/\/knjiznice.nsk.hr\/prelog\/wp-content\/uploads\/sites\/115\/2021\/02\/201803211410360.logo2_.jpg\",\"width\":970,\"height\":561,\"caption\":\"Knji\\u017enica i \\u010ditaonica Grada Preloga\"},\"image\":{\"@id\":\"http:\/\/knjiznice.nsk.hr\/prelog\/#logo\"}},{\"@type\":\"WebSite\",\"@id\":\"http:\/\/knjiznice.nsk.hr\/prelog\/#website\",\"url\":\"http:\/\/knjiznice.nsk.hr\/prelog\/\",\"name\":\"Knji\\u017enica i \\u010ditaonica Grada Preloga\",\"description\":\"Iza svake sjajne zajednice stoji sjajna knji\\u017enica. Behind Every Great Community is a Great Library.\",\"publisher\":{\"@id\":\"http:\/\/knjiznice.nsk.hr\/prelog\/#organization\"},\"potentialAction\":[{\"@type\":\"SearchAction\",\"target\":\"http:\/\/knjiznice.nsk.hr\/prelog\/?s={search_term_string}\",\"query-input\":\"required name=search_term_string\"}],\"inLanguage\":\"hr\"},{\"@type\":\"ImageObject\",\"@id\":\"https:\/\/knjiznice.nsk.hr\/prelog\/2025\/06\/04\/ljetno-radno-vrijeme\/#primaryimage\",\"inLanguage\":\"hr\",\"url\":\"http:\/\/knjiznice.nsk.hr\/prelog\/wp-content\/uploads\/sites\/115\/2025\/06\/496835691_1113694360802262_5588845259897432696_n.jpg\",\"contentUrl\":\"http:\/\/knjiznice.nsk.hr\/prelog\/wp-content\/uploads\/sites\/115\/2025\/06\/496835691_1113694360802262_5588845259897432696_n.jpg\"},{\"@type\":\"WebPage\",\"@id\":\"https:\/\/knjiznice.nsk.hr\/prelog\/2025\/06\/04\/ljetno-radno-vrijeme\/#webpage\",\"url\":\"https:\/\/knjiznice.nsk.hr\/prelog\/2025\/06\/04\/ljetno-radno-vrijeme\/\",\"name\":\"LJETNO RADNO VRIJEME - Knji\\u017enica i \\u010ditaonica Grada Preloga\",\"isPartOf\":{\"@id\":\"http:\/\/knjiznice.nsk.hr\/prelog\/#website\"},\"primaryImageOfPage\":{\"@id\":\"https:\/\/knjiznice.nsk.hr\/prelog\/2025\/06\/04\/ljetno-radno-vrijeme\/#primaryimage\"},\"datePublished\":\"2025-06-04T15:38:29+00:00\",\"dateModified\":\"2025-06-04T15:38:30+00:00\",\"breadcrumb\":{\"@id\":\"https:\/\/knjiznice.nsk.hr\/prelog\/2025\/06\/04\/ljetno-radno-vrijeme\/#breadcrumb\"},\"inLanguage\":\"hr\",\"potentialAction\":[{\"@type\":\"ReadAction\",\"target\":[\"https:\/\/knjiznice.nsk.hr\/prelog\/2025\/06\/04\/ljetno-radno-vrijeme\/\"]}]},{\"@type\":\"BreadcrumbList\",\"@id\":\"https:\/\/knjiznice.nsk.hr\/prelog\/2025\/06\/04\/ljetno-radno-vrijeme\/#breadcrumb\",\"itemListElement\":[{\"@type\":\"ListItem\",\"position\":1,\"item\":{\"@type\":\"WebPage\",\"@id\":\"http:\/\/knjiznice.nsk.hr\/prelog\/\",\"url\":\"http:\/\/knjiznice.nsk.hr\/prelog\/\",\"name\":\"Po\\u010detna stranica\"}},{\"@type\":\"ListItem\",\"position\":2,\"item\":{\"@id\":\"https:\/\/knjiznice.nsk.hr\/prelog\/2025\/06\/04\/ljetno-radno-vrijeme\/#webpage\"}}]},{\"@type\":\"Article\",\"@id\":\"https:\/\/knjiznice.nsk.hr\/prelog\/2025\/06\/04\/ljetno-radno-vrijeme\/#article\",\"isPartOf\":{\"@id\":\"https:\/\/knjiznice.nsk.hr\/prelog\/2025\/06\/04\/ljetno-radno-vrijeme\/#webpage\"},\"author\":{\"@id\":\"http:\/\/knjiznice.nsk.hr\/prelog\/#\/schema\/person\/909622ca9408051fd3ea81ae633d370a\"},\"headline\":\"LJETNO RADNO VRIJEME\",\"datePublished\":\"2025-06-04T15:38:29+00:00\",\"dateModified\":\"2025-06-04T15:38:30+00:00\",\"mainEntityOfPage\":{\"@id\":\"https:\/\/knjiznice.nsk.hr\/prelog\/2025\/06\/04\/ljetno-radno-vrijeme\/#webpage\"},\"wordCount\":35,\"publisher\":{\"@id\":\"http:\/\/knjiznice.nsk.hr\/prelog\/#organization\"},\"image\":{\"@id\":\"https:\/\/knjiznice.nsk.hr\/prelog\/2025\/06\/04\/ljetno-radno-vrijeme\/#primaryimage\"},\"thumbnailUrl\":\"http:\/\/knjiznice.nsk.hr\/prelog\/wp-content\/uploads\/sites\/115\/2025\/06\/496835691_1113694360802262_5588845259897432696_n.jpg\",\"inLanguage\":\"hr\"},{\"@type\":\"Person\",\"@id\":\"http:\/\/knjiznice.nsk.hr\/prelog\/#\/schema\/person\/909622ca9408051fd3ea81ae633d370a\",\"name\":\"prelog\",\"image\":{\"@type\":\"ImageObject\",\"@id\":\"http:\/\/knjiznice.nsk.hr\/prelog\/#personlogo\",\"inLanguage\":\"hr\",\"url\":\"https:\/\/secure.gravatar.com\/avatar\/29849af0692893a52460d0ec299415d7?s=96&d=mm&r=g\",\"contentUrl\":\"https:\/\/secure.gravatar.com\/avatar\/29849af0692893a52460d0ec299415d7?s=96&d=mm&r=g\",\"caption\":\"prelog\"}}]}<\/script>\n<!-- \/ Yoast SEO plugin. -->","_links":{"self":[{"href":"https:\/\/knjiznice.nsk.hr\/prelog\/wp-json\/wp\/v2\/posts\/1079"}],"collection":[{"href":"https:\/\/knjiznice.nsk.hr\/prelog\/wp-json\/wp\/v2\/posts"}],"about":[{"href":"https:\/\/knjiznice.nsk.hr\/prelog\/wp-json\/wp\/v2\/types\/post"}],"author":[{"embeddable":true,"href":"https:\/\/knjiznice.nsk.hr\/prelog\/wp-json\/wp\/v2\/users\/192"}],"replies":[{"embeddable":true,"href":"https:\/\/knjiznice.nsk.hr\/prelog\/wp-json\/wp\/v2\/comments?post=1079"}],"version-history":[{"count":1,"href":"https:\/\/knjiznice.nsk.hr\/prelog\/wp-json\/wp\/v2\/posts\/1079\/revisions"}],"predecessor-version":[{"id":1081,"href":"https:\/\/knjiznice.nsk.hr\/prelog\/wp-json\/wp\/v2\/posts\/1079\/revisions\/1081"}],"wp:attachment":[{"href":"https:\/\/knjiznice.nsk.hr\/prelog\/wp-json\/wp\/v2\/media?parent=1079"}],"wp:term":[{"taxonomy":"category","embeddable":true,"href":"https:\/\/knjiznice.nsk.hr\/prelog\/wp-json\/wp\/v2\/categories?post=1079"},{"taxonomy":"post_tag","embeddable":true,"href":"https:\/\/knjiznice.nsk.hr\/prelog\/wp-json\/wp\/v2\/tags?post=1079"}],"curies":[{"name":"wp","href":"https:\/\/api.w.org\/{rel}","templated":true}]}}