{"id":1033,"date":"2024-11-20T17:03:47","date_gmt":"2024-11-20T16:03:47","guid":{"rendered":"http:\/\/knjiznice.nsk.hr\/prelog\/?p=1033"},"modified":"2024-11-20T17:03:48","modified_gmt":"2024-11-20T16:03:48","slug":"vjerske-teme-i-vrijeme","status":"publish","type":"post","link":"https:\/\/knjiznice.nsk.hr\/prelog\/2024\/11\/20\/vjerske-teme-i-vrijeme\/","title":{"rendered":"Vjerske teme i vrijeme"},"content":{"rendered":"\n<p>Gostovanje Zorana Vakule u Prelogu<\/p>\n\n\n\n<figure class=\"wp-block-image size-large\"><img loading=\"lazy\" width=\"1024\" height=\"768\" src=\"http:\/\/knjiznice.nsk.hr\/prelog\/wp-content\/uploads\/sites\/115\/2024\/11\/Vakula-GKiC-Belisce-1024x768-1.jpg\" alt=\"\" class=\"wp-image-1036\" srcset=\"https:\/\/knjiznice.nsk.hr\/prelog\/wp-content\/uploads\/sites\/115\/2024\/11\/Vakula-GKiC-Belisce-1024x768-1.jpg 1024w, https:\/\/knjiznice.nsk.hr\/prelog\/wp-content\/uploads\/sites\/115\/2024\/11\/Vakula-GKiC-Belisce-1024x768-1-300x225.jpg 300w, https:\/\/knjiznice.nsk.hr\/prelog\/wp-content\/uploads\/sites\/115\/2024\/11\/Vakula-GKiC-Belisce-1024x768-1-768x576.jpg 768w, https:\/\/knjiznice.nsk.hr\/prelog\/wp-content\/uploads\/sites\/115\/2024\/11\/Vakula-GKiC-Belisce-1024x768-1-600x450.jpg 600w, https:\/\/knjiznice.nsk.hr\/prelog\/wp-content\/uploads\/sites\/115\/2024\/11\/Vakula-GKiC-Belisce-1024x768-1-624x468.jpg 624w\" sizes=\"(max-width: 1024px) 100vw, 1024px\" \/><\/figure>\n\n\n\n<p>Predstavljanje zbirke \u201eVjerske teme i vrijeme\u201c \u2013 Meteorima o svecima i blagdanima<br>Knji\u017enica i \u010ditaonica Grada Preloga poziva vas na promociju zbirke \u201eVjerske teme i vrijeme\u201c, \u010diji je autor poznato TV lice, meteorolog i pisac za najmla\u0111e Zoran Vakula. Ova jedinstvena zbirka okuplja mudrosti pu\u010dke meteorologije i znanstveno utemeljene prognoze o vremenskim prilikama i blagdanima, posve\u0107uju\u0107i se radu i naslje\u0111u legendarnog meteorologa mr. sc. Milana Sijerkovi\u0107a. Zbirka nudi jedinstven pogled na stare narodne izreke, a istovremeno suvremene prognoze u stihu i rimi.<br>\ud83d\udcc5 Datum i vrijeme: srijeda, 20. studenoga 2024. u 18:00 sati<br>\ud83d\udccd Lokacija: Multimedijalna dvorana<br>Ova zbirka kroz \u010detiri dijela uspore\u0111uje pu\u010dko vjerovanje u svece kao \u201eprognozere\u201c i znanstveno utemeljene prognoze, nagla\u0161avaju\u0107i aktualne klimatske promjene. U\u017eivajte u \u010ditanju zanimljivih izreka, \u201eaforisti\u010dnim prognozama\u201c i posebnim \u201eklimatskim rimama\u201c koje su inspirirale \u010ditatelje tijekom pandemijskih godina.<br>Pridru\u017eite nam se i uronite u jedinstveni spoj pu\u010dke mudrosti i znanstvene to\u010dnosti \u2013 sve na jednome mjestu! Ulaz je slobodan, najava dolaska nije potrebna.<\/p>\n","protected":false},"excerpt":{"rendered":"<p>Gostovanje Zorana Vakule u Prelogu Predstavljanje zbirke \u201eVjerske teme i vrijeme\u201c \u2013 Meteorima o svecima i blagdanimaKnji\u017enica i \u010ditaonica Grada Preloga poziva vas na promociju zbirke \u201eVjerske teme i vrijeme\u201c, [&hellip;]<\/p>\n","protected":false},"author":192,"featured_media":0,"comment_status":"closed","ping_status":"closed","sticky":false,"template":"","format":"standard","meta":{"ngg_post_thumbnail":0},"categories":[1],"tags":[],"yoast_head":"<!-- This site is optimized with the Yoast SEO plugin v16.4 - https:\/\/yoast.com\/wordpress\/plugins\/seo\/ -->\n<meta name=\"robots\" content=\"index, follow, max-snippet:-1, max-image-preview:large, max-video-preview:-1\" \/>\n<link rel=\"canonical\" href=\"https:\/\/knjiznice.nsk.hr\/prelog\/2024\/11\/20\/vjerske-teme-i-vrijeme\/\" \/>\n<meta property=\"og:locale\" content=\"hr_HR\" \/>\n<meta property=\"og:type\" content=\"article\" \/>\n<meta property=\"og:title\" content=\"Vjerske teme i vrijeme - Knji\u017enica i \u010ditaonica Grada Preloga\" \/>\n<meta property=\"og:description\" content=\"Gostovanje Zorana Vakule u Prelogu Predstavljanje zbirke \u201eVjerske teme i vrijeme\u201c \u2013 Meteorima o svecima i blagdanimaKnji\u017enica i \u010ditaonica Grada Preloga poziva vas na promociju zbirke \u201eVjerske teme i vrijeme\u201c, [&hellip;]\" \/>\n<meta property=\"og:url\" content=\"https:\/\/knjiznice.nsk.hr\/prelog\/2024\/11\/20\/vjerske-teme-i-vrijeme\/\" \/>\n<meta property=\"og:site_name\" content=\"Knji\u017enica i \u010ditaonica Grada Preloga\" \/>\n<meta property=\"article:publisher\" content=\"https:\/\/www.facebook.com\/kicgprelog\" \/>\n<meta property=\"article:published_time\" content=\"2024-11-20T16:03:47+00:00\" \/>\n<meta property=\"article:modified_time\" content=\"2024-11-20T16:03:48+00:00\" \/>\n<meta property=\"og:image\" content=\"http:\/\/knjiznice.nsk.hr\/prelog\/wp-content\/uploads\/sites\/115\/2024\/11\/Vakula-GKiC-Belisce-1024x768-1.jpg\" \/>\n<meta name=\"twitter:card\" content=\"summary_large_image\" \/>\n<meta name=\"twitter:label1\" content=\"Procijenjeno vrijeme \u010ditanja\" \/>\n\t<meta name=\"twitter:data1\" content=\"1 minuta\" \/>\n<script type=\"application\/ld+json\" class=\"yoast-schema-graph\">{\"@context\":\"https:\/\/schema.org\",\"@graph\":[{\"@type\":\"Organization\",\"@id\":\"http:\/\/knjiznice.nsk.hr\/prelog\/#organization\",\"name\":\"Knji\\u017enica i \\u010ditaonica Grada Preloga\",\"url\":\"http:\/\/knjiznice.nsk.hr\/prelog\/\",\"sameAs\":[\"https:\/\/www.facebook.com\/kicgprelog\",\"https:\/\/www.instagram.com\/kicgprelog\/?hl=hr\",\"https:\/\/www.youtube.com\/channel\/UCPoJLs4KlDbQu79pK5HoY4g\"],\"logo\":{\"@type\":\"ImageObject\",\"@id\":\"http:\/\/knjiznice.nsk.hr\/prelog\/#logo\",\"inLanguage\":\"hr\",\"url\":\"http:\/\/knjiznice.nsk.hr\/prelog\/wp-content\/uploads\/sites\/115\/2021\/02\/201803211410360.logo2_.jpg\",\"contentUrl\":\"http:\/\/knjiznice.nsk.hr\/prelog\/wp-content\/uploads\/sites\/115\/2021\/02\/201803211410360.logo2_.jpg\",\"width\":970,\"height\":561,\"caption\":\"Knji\\u017enica i \\u010ditaonica Grada Preloga\"},\"image\":{\"@id\":\"http:\/\/knjiznice.nsk.hr\/prelog\/#logo\"}},{\"@type\":\"WebSite\",\"@id\":\"http:\/\/knjiznice.nsk.hr\/prelog\/#website\",\"url\":\"http:\/\/knjiznice.nsk.hr\/prelog\/\",\"name\":\"Knji\\u017enica i \\u010ditaonica Grada Preloga\",\"description\":\"Iza svake sjajne zajednice stoji sjajna knji\\u017enica. Behind Every Great Community is a Great Library.\",\"publisher\":{\"@id\":\"http:\/\/knjiznice.nsk.hr\/prelog\/#organization\"},\"potentialAction\":[{\"@type\":\"SearchAction\",\"target\":\"http:\/\/knjiznice.nsk.hr\/prelog\/?s={search_term_string}\",\"query-input\":\"required name=search_term_string\"}],\"inLanguage\":\"hr\"},{\"@type\":\"ImageObject\",\"@id\":\"https:\/\/knjiznice.nsk.hr\/prelog\/2024\/11\/20\/vjerske-teme-i-vrijeme\/#primaryimage\",\"inLanguage\":\"hr\",\"url\":\"http:\/\/knjiznice.nsk.hr\/prelog\/wp-content\/uploads\/sites\/115\/2024\/11\/Vakula-GKiC-Belisce-1024x768-1.jpg\",\"contentUrl\":\"http:\/\/knjiznice.nsk.hr\/prelog\/wp-content\/uploads\/sites\/115\/2024\/11\/Vakula-GKiC-Belisce-1024x768-1.jpg\"},{\"@type\":\"WebPage\",\"@id\":\"https:\/\/knjiznice.nsk.hr\/prelog\/2024\/11\/20\/vjerske-teme-i-vrijeme\/#webpage\",\"url\":\"https:\/\/knjiznice.nsk.hr\/prelog\/2024\/11\/20\/vjerske-teme-i-vrijeme\/\",\"name\":\"Vjerske teme i vrijeme - Knji\\u017enica i \\u010ditaonica Grada Preloga\",\"isPartOf\":{\"@id\":\"http:\/\/knjiznice.nsk.hr\/prelog\/#website\"},\"primaryImageOfPage\":{\"@id\":\"https:\/\/knjiznice.nsk.hr\/prelog\/2024\/11\/20\/vjerske-teme-i-vrijeme\/#primaryimage\"},\"datePublished\":\"2024-11-20T16:03:47+00:00\",\"dateModified\":\"2024-11-20T16:03:48+00:00\",\"breadcrumb\":{\"@id\":\"https:\/\/knjiznice.nsk.hr\/prelog\/2024\/11\/20\/vjerske-teme-i-vrijeme\/#breadcrumb\"},\"inLanguage\":\"hr\",\"potentialAction\":[{\"@type\":\"ReadAction\",\"target\":[\"https:\/\/knjiznice.nsk.hr\/prelog\/2024\/11\/20\/vjerske-teme-i-vrijeme\/\"]}]},{\"@type\":\"BreadcrumbList\",\"@id\":\"https:\/\/knjiznice.nsk.hr\/prelog\/2024\/11\/20\/vjerske-teme-i-vrijeme\/#breadcrumb\",\"itemListElement\":[{\"@type\":\"ListItem\",\"position\":1,\"item\":{\"@type\":\"WebPage\",\"@id\":\"http:\/\/knjiznice.nsk.hr\/prelog\/\",\"url\":\"http:\/\/knjiznice.nsk.hr\/prelog\/\",\"name\":\"Po\\u010detna stranica\"}},{\"@type\":\"ListItem\",\"position\":2,\"item\":{\"@id\":\"https:\/\/knjiznice.nsk.hr\/prelog\/2024\/11\/20\/vjerske-teme-i-vrijeme\/#webpage\"}}]},{\"@type\":\"Article\",\"@id\":\"https:\/\/knjiznice.nsk.hr\/prelog\/2024\/11\/20\/vjerske-teme-i-vrijeme\/#article\",\"isPartOf\":{\"@id\":\"https:\/\/knjiznice.nsk.hr\/prelog\/2024\/11\/20\/vjerske-teme-i-vrijeme\/#webpage\"},\"author\":{\"@id\":\"http:\/\/knjiznice.nsk.hr\/prelog\/#\/schema\/person\/909622ca9408051fd3ea81ae633d370a\"},\"headline\":\"Vjerske teme i vrijeme\",\"datePublished\":\"2024-11-20T16:03:47+00:00\",\"dateModified\":\"2024-11-20T16:03:48+00:00\",\"mainEntityOfPage\":{\"@id\":\"https:\/\/knjiznice.nsk.hr\/prelog\/2024\/11\/20\/vjerske-teme-i-vrijeme\/#webpage\"},\"wordCount\":176,\"publisher\":{\"@id\":\"http:\/\/knjiznice.nsk.hr\/prelog\/#organization\"},\"image\":{\"@id\":\"https:\/\/knjiznice.nsk.hr\/prelog\/2024\/11\/20\/vjerske-teme-i-vrijeme\/#primaryimage\"},\"thumbnailUrl\":\"http:\/\/knjiznice.nsk.hr\/prelog\/wp-content\/uploads\/sites\/115\/2024\/11\/Vakula-GKiC-Belisce-1024x768-1.jpg\",\"inLanguage\":\"hr\"},{\"@type\":\"Person\",\"@id\":\"http:\/\/knjiznice.nsk.hr\/prelog\/#\/schema\/person\/909622ca9408051fd3ea81ae633d370a\",\"name\":\"prelog\",\"image\":{\"@type\":\"ImageObject\",\"@id\":\"http:\/\/knjiznice.nsk.hr\/prelog\/#personlogo\",\"inLanguage\":\"hr\",\"url\":\"https:\/\/secure.gravatar.com\/avatar\/29849af0692893a52460d0ec299415d7?s=96&d=mm&r=g\",\"contentUrl\":\"https:\/\/secure.gravatar.com\/avatar\/29849af0692893a52460d0ec299415d7?s=96&d=mm&r=g\",\"caption\":\"prelog\"}}]}<\/script>\n<!-- \/ Yoast SEO plugin. -->","_links":{"self":[{"href":"https:\/\/knjiznice.nsk.hr\/prelog\/wp-json\/wp\/v2\/posts\/1033"}],"collection":[{"href":"https:\/\/knjiznice.nsk.hr\/prelog\/wp-json\/wp\/v2\/posts"}],"about":[{"href":"https:\/\/knjiznice.nsk.hr\/prelog\/wp-json\/wp\/v2\/types\/post"}],"author":[{"embeddable":true,"href":"https:\/\/knjiznice.nsk.hr\/prelog\/wp-json\/wp\/v2\/users\/192"}],"replies":[{"embeddable":true,"href":"https:\/\/knjiznice.nsk.hr\/prelog\/wp-json\/wp\/v2\/comments?post=1033"}],"version-history":[{"count":1,"href":"https:\/\/knjiznice.nsk.hr\/prelog\/wp-json\/wp\/v2\/posts\/1033\/revisions"}],"predecessor-version":[{"id":1037,"href":"https:\/\/knjiznice.nsk.hr\/prelog\/wp-json\/wp\/v2\/posts\/1033\/revisions\/1037"}],"wp:attachment":[{"href":"https:\/\/knjiznice.nsk.hr\/prelog\/wp-json\/wp\/v2\/media?parent=1033"}],"wp:term":[{"taxonomy":"category","embeddable":true,"href":"https:\/\/knjiznice.nsk.hr\/prelog\/wp-json\/wp\/v2\/categories?post=1033"},{"taxonomy":"post_tag","embeddable":true,"href":"https:\/\/knjiznice.nsk.hr\/prelog\/wp-json\/wp\/v2\/tags?post=1033"}],"curies":[{"name":"wp","href":"https:\/\/api.w.org\/{rel}","templated":true}]}}