{"id":1029,"date":"2024-10-23T17:28:08","date_gmt":"2024-10-23T15:28:08","guid":{"rendered":"http:\/\/knjiznice.nsk.hr\/prelog\/?p=1029"},"modified":"2024-10-23T17:28:09","modified_gmt":"2024-10-23T15:28:09","slug":"otvaranje-zelenog-ormara-31-10-2024","status":"publish","type":"post","link":"https:\/\/knjiznice.nsk.hr\/prelog\/2024\/10\/23\/otvaranje-zelenog-ormara-31-10-2024\/","title":{"rendered":"OTVARANJE ZELENOG ORMARA 31.10.2024."},"content":{"rendered":"\n<figure class=\"wp-block-image size-large\"><img loading=\"lazy\" width=\"1024\" height=\"861\" src=\"http:\/\/knjiznice.nsk.hr\/prelog\/wp-content\/uploads\/sites\/115\/2024\/10\/Pozivnica-Tko-je-pisao-zelenu-misao-Prelog-1024x861.jpg\" alt=\"\" class=\"wp-image-1030\" srcset=\"https:\/\/knjiznice.nsk.hr\/prelog\/wp-content\/uploads\/sites\/115\/2024\/10\/Pozivnica-Tko-je-pisao-zelenu-misao-Prelog-1024x861.jpg 1024w, https:\/\/knjiznice.nsk.hr\/prelog\/wp-content\/uploads\/sites\/115\/2024\/10\/Pozivnica-Tko-je-pisao-zelenu-misao-Prelog-300x252.jpg 300w, https:\/\/knjiznice.nsk.hr\/prelog\/wp-content\/uploads\/sites\/115\/2024\/10\/Pozivnica-Tko-je-pisao-zelenu-misao-Prelog-768x645.jpg 768w, https:\/\/knjiznice.nsk.hr\/prelog\/wp-content\/uploads\/sites\/115\/2024\/10\/Pozivnica-Tko-je-pisao-zelenu-misao-Prelog-600x504.jpg 600w, https:\/\/knjiznice.nsk.hr\/prelog\/wp-content\/uploads\/sites\/115\/2024\/10\/Pozivnica-Tko-je-pisao-zelenu-misao-Prelog-1536x1291.jpg 1536w, https:\/\/knjiznice.nsk.hr\/prelog\/wp-content\/uploads\/sites\/115\/2024\/10\/Pozivnica-Tko-je-pisao-zelenu-misao-Prelog-2048x1721.jpg 2048w, https:\/\/knjiznice.nsk.hr\/prelog\/wp-content\/uploads\/sites\/115\/2024\/10\/Pozivnica-Tko-je-pisao-zelenu-misao-Prelog-624x524.jpg 624w\" sizes=\"(max-width: 1024px) 100vw, 1024px\" \/><\/figure>\n\n\n\n<p class=\"has-text-align-left\">U danima obilje\u017eavanja Mjeseca hrvatske knjige realizirat \u0107emo novu suradnju s Me\u0111imurskom prirodom &#8211; javnom ustanovom za za\u0161titu prirode. Predstavit \u0107emo javnosti Zeleni ormar koji \u0107e popularizirati knjige i autore na temu zelene misli. Ovo \u0107e biti \u201cbrat\u201d Zelenom ormaru postavljenom na Dan za\u0161tite prirode u Republici Hrvatskoj u Knji\u017enici Nikola Zrinski \u010cakovec.<\/p>\n\n\n\n<p class=\"has-text-align-left\">Sve\u010dano otvaranje Zelenog ormara u Knji\u017enici i \u010ditaonici Grada Preloga zakazana je za \u010detvrtak 31. listopada u 10:30. \u017divo zeleno \u0161tivo predstavit \u0107e Maja Lesinger, ravnateljica Knji\u017enice i \u010ditaonice Grada Preloga i Sini\u0161a Golub, ravnatelj Javne ustanove Me\u0111imurska priroda.U programu sudjeluje odgojno \u2013 obrazovna skupina Ze\u010di\u0107i iz DV Fijolica Prelog. Vrti\u0107arci, \u010detverogodi\u0161njaci, imat \u0107e priliku \u010duti eko pri\u010du i sudjelovati na kratkoj radionici. <\/p>\n\n\n\n<p class=\"has-text-align-left\">Prelo\u0161ka knji\u017enica je i dosad njegovala zeleni kutak za klince koji \u0107e prigodno biti preseljen na novu policu Zelenog ormara. Na polici \u0107e biti izlo\u017eena i korisnicima dostupna izdanja Me\u0111imurske prirode \u2013 Javne ustanove za za\u0161titu prirode, potom izdanja doma\u0107ih i stranih autora na temu prirode i okoli\u0161a. Primjerice Jozi\u0107, Mia: Otprljajmo more, French, Jess: A \u0161to s otpadom, Segovia, Sofia: \u017damor p\u010dela, Delort, Robert: Povijest europskog okoli\u0161a i dr.<\/p>\n\n\n\n<p class=\"has-text-align-left\">Zeleni ormar realiziran je unutar projekta Multidisciplinarno ja\u010danje kapaciteta i razvoj novih rje\u0161enja u svrhu o\u010duvanja, za\u0161tite, i pove\u0107anja brojnosti ugro\u017eenih zajednica divljih opra\u0161iva\u010da i medonosne p\u010dele unutar ekosustava, a projekt je prepoznatljiv pod akronimom BEE(A)WARE. Vi\u0161e informacija o projektu mo\u017eete pro\u010ditati na <a href=\"https:\/\/bit.ly\/3NBB1Bu?fbclid=IwZXh0bgNhZW0CMTAAAR22JOjkccFA9i-wx6WADageYYHq9QTBCNjv3t5GYLse0InN9nYnkRuOyAM_aem_I6BaQfNuvYnEifdkqe2hig\" rel=\"noreferrer noopener\" target=\"_blank\">bit.ly\/3NBB1Bu<\/a><\/p>\n","protected":false},"excerpt":{"rendered":"<p>U danima obilje\u017eavanja Mjeseca hrvatske knjige realizirat \u0107emo novu suradnju s Me\u0111imurskom prirodom &#8211; javnom ustanovom za za\u0161titu prirode. Predstavit \u0107emo javnosti Zeleni ormar koji \u0107e popularizirati knjige i autore [&hellip;]<\/p>\n","protected":false},"author":192,"featured_media":0,"comment_status":"closed","ping_status":"closed","sticky":false,"template":"","format":"standard","meta":{"ngg_post_thumbnail":0},"categories":[1],"tags":[],"yoast_head":"<!-- This site is optimized with the Yoast SEO plugin v16.4 - https:\/\/yoast.com\/wordpress\/plugins\/seo\/ -->\n<meta name=\"robots\" content=\"index, follow, max-snippet:-1, max-image-preview:large, max-video-preview:-1\" \/>\n<link rel=\"canonical\" href=\"http:\/\/knjiznice.nsk.hr\/prelog\/2024\/10\/23\/otvaranje-zelenog-ormara-31-10-2024\/\" \/>\n<meta property=\"og:locale\" content=\"hr_HR\" \/>\n<meta property=\"og:type\" content=\"article\" \/>\n<meta property=\"og:title\" content=\"OTVARANJE ZELENOG ORMARA 31.10.2024. - Knji\u017enica i \u010ditaonica Grada Preloga\" \/>\n<meta property=\"og:description\" content=\"U danima obilje\u017eavanja Mjeseca hrvatske knjige realizirat \u0107emo novu suradnju s Me\u0111imurskom prirodom &#8211; javnom ustanovom za za\u0161titu prirode. Predstavit \u0107emo javnosti Zeleni ormar koji \u0107e popularizirati knjige i autore [&hellip;]\" \/>\n<meta property=\"og:url\" content=\"http:\/\/knjiznice.nsk.hr\/prelog\/2024\/10\/23\/otvaranje-zelenog-ormara-31-10-2024\/\" \/>\n<meta property=\"og:site_name\" content=\"Knji\u017enica i \u010ditaonica Grada Preloga\" \/>\n<meta property=\"article:publisher\" content=\"https:\/\/www.facebook.com\/kicgprelog\" \/>\n<meta property=\"article:published_time\" content=\"2024-10-23T15:28:08+00:00\" \/>\n<meta property=\"article:modified_time\" content=\"2024-10-23T15:28:09+00:00\" \/>\n<meta property=\"og:image\" content=\"http:\/\/knjiznice.nsk.hr\/prelog\/wp-content\/uploads\/sites\/115\/2024\/10\/Pozivnica-Tko-je-pisao-zelenu-misao-Prelog-1024x861.jpg\" \/>\n<meta name=\"twitter:card\" content=\"summary_large_image\" \/>\n<meta name=\"twitter:label1\" content=\"Procijenjeno vrijeme \u010ditanja\" \/>\n\t<meta name=\"twitter:data1\" content=\"2 minute\" \/>\n<script type=\"application\/ld+json\" class=\"yoast-schema-graph\">{\"@context\":\"https:\/\/schema.org\",\"@graph\":[{\"@type\":\"Organization\",\"@id\":\"http:\/\/knjiznice.nsk.hr\/prelog\/#organization\",\"name\":\"Knji\\u017enica i \\u010ditaonica Grada Preloga\",\"url\":\"http:\/\/knjiznice.nsk.hr\/prelog\/\",\"sameAs\":[\"https:\/\/www.facebook.com\/kicgprelog\",\"https:\/\/www.instagram.com\/kicgprelog\/?hl=hr\",\"https:\/\/www.youtube.com\/channel\/UCPoJLs4KlDbQu79pK5HoY4g\"],\"logo\":{\"@type\":\"ImageObject\",\"@id\":\"http:\/\/knjiznice.nsk.hr\/prelog\/#logo\",\"inLanguage\":\"hr\",\"url\":\"http:\/\/knjiznice.nsk.hr\/prelog\/wp-content\/uploads\/sites\/115\/2021\/02\/201803211410360.logo2_.jpg\",\"contentUrl\":\"http:\/\/knjiznice.nsk.hr\/prelog\/wp-content\/uploads\/sites\/115\/2021\/02\/201803211410360.logo2_.jpg\",\"width\":970,\"height\":561,\"caption\":\"Knji\\u017enica i \\u010ditaonica Grada Preloga\"},\"image\":{\"@id\":\"http:\/\/knjiznice.nsk.hr\/prelog\/#logo\"}},{\"@type\":\"WebSite\",\"@id\":\"http:\/\/knjiznice.nsk.hr\/prelog\/#website\",\"url\":\"http:\/\/knjiznice.nsk.hr\/prelog\/\",\"name\":\"Knji\\u017enica i \\u010ditaonica Grada Preloga\",\"description\":\"Iza svake sjajne zajednice stoji sjajna knji\\u017enica. Behind Every Great Community is a Great Library.\",\"publisher\":{\"@id\":\"http:\/\/knjiznice.nsk.hr\/prelog\/#organization\"},\"potentialAction\":[{\"@type\":\"SearchAction\",\"target\":\"http:\/\/knjiznice.nsk.hr\/prelog\/?s={search_term_string}\",\"query-input\":\"required name=search_term_string\"}],\"inLanguage\":\"hr\"},{\"@type\":\"ImageObject\",\"@id\":\"http:\/\/knjiznice.nsk.hr\/prelog\/2024\/10\/23\/otvaranje-zelenog-ormara-31-10-2024\/#primaryimage\",\"inLanguage\":\"hr\",\"url\":\"http:\/\/knjiznice.nsk.hr\/prelog\/wp-content\/uploads\/sites\/115\/2024\/10\/Pozivnica-Tko-je-pisao-zelenu-misao-Prelog-1024x861.jpg\",\"contentUrl\":\"http:\/\/knjiznice.nsk.hr\/prelog\/wp-content\/uploads\/sites\/115\/2024\/10\/Pozivnica-Tko-je-pisao-zelenu-misao-Prelog-1024x861.jpg\"},{\"@type\":\"WebPage\",\"@id\":\"http:\/\/knjiznice.nsk.hr\/prelog\/2024\/10\/23\/otvaranje-zelenog-ormara-31-10-2024\/#webpage\",\"url\":\"http:\/\/knjiznice.nsk.hr\/prelog\/2024\/10\/23\/otvaranje-zelenog-ormara-31-10-2024\/\",\"name\":\"OTVARANJE ZELENOG ORMARA 31.10.2024. - Knji\\u017enica i \\u010ditaonica Grada Preloga\",\"isPartOf\":{\"@id\":\"http:\/\/knjiznice.nsk.hr\/prelog\/#website\"},\"primaryImageOfPage\":{\"@id\":\"http:\/\/knjiznice.nsk.hr\/prelog\/2024\/10\/23\/otvaranje-zelenog-ormara-31-10-2024\/#primaryimage\"},\"datePublished\":\"2024-10-23T15:28:08+00:00\",\"dateModified\":\"2024-10-23T15:28:09+00:00\",\"breadcrumb\":{\"@id\":\"http:\/\/knjiznice.nsk.hr\/prelog\/2024\/10\/23\/otvaranje-zelenog-ormara-31-10-2024\/#breadcrumb\"},\"inLanguage\":\"hr\",\"potentialAction\":[{\"@type\":\"ReadAction\",\"target\":[\"http:\/\/knjiznice.nsk.hr\/prelog\/2024\/10\/23\/otvaranje-zelenog-ormara-31-10-2024\/\"]}]},{\"@type\":\"BreadcrumbList\",\"@id\":\"http:\/\/knjiznice.nsk.hr\/prelog\/2024\/10\/23\/otvaranje-zelenog-ormara-31-10-2024\/#breadcrumb\",\"itemListElement\":[{\"@type\":\"ListItem\",\"position\":1,\"item\":{\"@type\":\"WebPage\",\"@id\":\"http:\/\/knjiznice.nsk.hr\/prelog\/\",\"url\":\"http:\/\/knjiznice.nsk.hr\/prelog\/\",\"name\":\"Po\\u010detna stranica\"}},{\"@type\":\"ListItem\",\"position\":2,\"item\":{\"@id\":\"http:\/\/knjiznice.nsk.hr\/prelog\/2024\/10\/23\/otvaranje-zelenog-ormara-31-10-2024\/#webpage\"}}]},{\"@type\":\"Article\",\"@id\":\"http:\/\/knjiznice.nsk.hr\/prelog\/2024\/10\/23\/otvaranje-zelenog-ormara-31-10-2024\/#article\",\"isPartOf\":{\"@id\":\"http:\/\/knjiznice.nsk.hr\/prelog\/2024\/10\/23\/otvaranje-zelenog-ormara-31-10-2024\/#webpage\"},\"author\":{\"@id\":\"http:\/\/knjiznice.nsk.hr\/prelog\/#\/schema\/person\/909622ca9408051fd3ea81ae633d370a\"},\"headline\":\"OTVARANJE ZELENOG ORMARA 31.10.2024.\",\"datePublished\":\"2024-10-23T15:28:08+00:00\",\"dateModified\":\"2024-10-23T15:28:09+00:00\",\"mainEntityOfPage\":{\"@id\":\"http:\/\/knjiznice.nsk.hr\/prelog\/2024\/10\/23\/otvaranje-zelenog-ormara-31-10-2024\/#webpage\"},\"wordCount\":271,\"publisher\":{\"@id\":\"http:\/\/knjiznice.nsk.hr\/prelog\/#organization\"},\"image\":{\"@id\":\"http:\/\/knjiznice.nsk.hr\/prelog\/2024\/10\/23\/otvaranje-zelenog-ormara-31-10-2024\/#primaryimage\"},\"thumbnailUrl\":\"http:\/\/knjiznice.nsk.hr\/prelog\/wp-content\/uploads\/sites\/115\/2024\/10\/Pozivnica-Tko-je-pisao-zelenu-misao-Prelog-1024x861.jpg\",\"inLanguage\":\"hr\"},{\"@type\":\"Person\",\"@id\":\"http:\/\/knjiznice.nsk.hr\/prelog\/#\/schema\/person\/909622ca9408051fd3ea81ae633d370a\",\"name\":\"prelog\",\"image\":{\"@type\":\"ImageObject\",\"@id\":\"http:\/\/knjiznice.nsk.hr\/prelog\/#personlogo\",\"inLanguage\":\"hr\",\"url\":\"https:\/\/secure.gravatar.com\/avatar\/29849af0692893a52460d0ec299415d7?s=96&d=mm&r=g\",\"contentUrl\":\"https:\/\/secure.gravatar.com\/avatar\/29849af0692893a52460d0ec299415d7?s=96&d=mm&r=g\",\"caption\":\"prelog\"}}]}<\/script>\n<!-- \/ Yoast SEO plugin. -->","_links":{"self":[{"href":"https:\/\/knjiznice.nsk.hr\/prelog\/wp-json\/wp\/v2\/posts\/1029"}],"collection":[{"href":"https:\/\/knjiznice.nsk.hr\/prelog\/wp-json\/wp\/v2\/posts"}],"about":[{"href":"https:\/\/knjiznice.nsk.hr\/prelog\/wp-json\/wp\/v2\/types\/post"}],"author":[{"embeddable":true,"href":"https:\/\/knjiznice.nsk.hr\/prelog\/wp-json\/wp\/v2\/users\/192"}],"replies":[{"embeddable":true,"href":"https:\/\/knjiznice.nsk.hr\/prelog\/wp-json\/wp\/v2\/comments?post=1029"}],"version-history":[{"count":1,"href":"https:\/\/knjiznice.nsk.hr\/prelog\/wp-json\/wp\/v2\/posts\/1029\/revisions"}],"predecessor-version":[{"id":1031,"href":"https:\/\/knjiznice.nsk.hr\/prelog\/wp-json\/wp\/v2\/posts\/1029\/revisions\/1031"}],"wp:attachment":[{"href":"https:\/\/knjiznice.nsk.hr\/prelog\/wp-json\/wp\/v2\/media?parent=1029"}],"wp:term":[{"taxonomy":"category","embeddable":true,"href":"https:\/\/knjiznice.nsk.hr\/prelog\/wp-json\/wp\/v2\/categories?post=1029"},{"taxonomy":"post_tag","embeddable":true,"href":"https:\/\/knjiznice.nsk.hr\/prelog\/wp-json\/wp\/v2\/tags?post=1029"}],"curies":[{"name":"wp","href":"https:\/\/api.w.org\/{rel}","templated":true}]}}