{"id":1011,"date":"2024-10-09T16:56:16","date_gmt":"2024-10-09T14:56:16","guid":{"rendered":"http:\/\/knjiznice.nsk.hr\/prelog\/?p=1011"},"modified":"2024-10-09T16:56:17","modified_gmt":"2024-10-09T14:56:17","slug":"djecji-tjedan-07-10-13-10-2024","status":"publish","type":"post","link":"https:\/\/knjiznice.nsk.hr\/prelog\/2024\/10\/09\/djecji-tjedan-07-10-13-10-2024\/","title":{"rendered":"Dje\u010dji tjedan 07.10. &#8211; 13.10.2024."},"content":{"rendered":"\n<p>Dje\u010dji tjedan, tradicionalna akcija Saveza dru\u0161tava &#8220;Na\u0161a djeca&#8221; Hrvatske, svake godine okuplja sve vi\u0161e djece i odraslih. Cilj manifestacije je usmjeriti pozornost javnosti na dje\u010dja prava i potrebe te poticati volonterski rad s djecom kroz besplatne zabavne i edukativne aktivnosti.<\/p>\n\n\n\n<div class=\"wp-block-media-text alignwide is-stacked-on-mobile\"><figure class=\"wp-block-media-text__media\"><img loading=\"lazy\" width=\"724\" height=\"1024\" src=\"http:\/\/knjiznice.nsk.hr\/prelog\/wp-content\/uploads\/sites\/115\/2024\/10\/7805320-724x1024.jpg\" alt=\"\" class=\"wp-image-1012 size-full\" srcset=\"https:\/\/knjiznice.nsk.hr\/prelog\/wp-content\/uploads\/sites\/115\/2024\/10\/7805320-724x1024.jpg 724w, https:\/\/knjiznice.nsk.hr\/prelog\/wp-content\/uploads\/sites\/115\/2024\/10\/7805320-212x300.jpg 212w, https:\/\/knjiznice.nsk.hr\/prelog\/wp-content\/uploads\/sites\/115\/2024\/10\/7805320-768x1086.jpg 768w, https:\/\/knjiznice.nsk.hr\/prelog\/wp-content\/uploads\/sites\/115\/2024\/10\/7805320-600x848.jpg 600w, https:\/\/knjiznice.nsk.hr\/prelog\/wp-content\/uploads\/sites\/115\/2024\/10\/7805320-1086x1536.jpg 1086w, https:\/\/knjiznice.nsk.hr\/prelog\/wp-content\/uploads\/sites\/115\/2024\/10\/7805320-1448x2048.jpg 1448w, https:\/\/knjiznice.nsk.hr\/prelog\/wp-content\/uploads\/sites\/115\/2024\/10\/7805320-624x882.jpg 624w, https:\/\/knjiznice.nsk.hr\/prelog\/wp-content\/uploads\/sites\/115\/2024\/10\/7805320.jpg 1754w\" sizes=\"(max-width: 724px) 100vw, 724px\" \/><\/figure><div class=\"wp-block-media-text__content\">\n<p class=\"has-text-align-left has-normal-font-size\">Pozivamo vas da se uklju\u010dite u obilje\u017eavanje Dje\u010djeg tjedna u Prelogu, koji zapo\u010dinje 7. listopada i traje do 13. listopada. I ove godine manifestaciju posve\u0107ujemo obilje\u017eavanju Europske godine vje\u0161tina, s naglaskom na razvoj kreativnih i obrazovnih aktivnosti za djecu.<\/p>\n<\/div><\/div>\n\n\n\n<p><strong>Program Dje\u010djeg tjedna u Prelogu uklju\u010duje:<\/strong><\/p>\n\n\n\n<ul><li><strong>07.10.2024.<\/strong> Preuzmite besplatne Cedevitine kreativne knji\u017eice za djecu u Knji\u017enici<\/li><li><strong>08.10.2024. u 10:00<\/strong> Me\u0111unarodna online likovna radionica i pri\u010daonica s prva\u0161i\u0107ima u O\u0160 Dra\u0161kovec<\/li><li><strong>09.10.2024. u 18:00<\/strong> BAJKAONICA za najmla\u0111e u Knji\u017enici<\/li><li><strong>10.10.2024. u 10:00<\/strong> Pri\u010da i bojanka uz novi mural (kraj gradske uprave)<\/li><li><strong>11.10.2024. u 10:30<\/strong> Pri\u010daonica petkom za vrti\u0107ance: &#8220;Vera i knjige&#8221; uz radionicu &#8220;Mali knji\u017eni\u010dari&#8221;<\/li><li><strong>12.10.2024. u 9:30<\/strong> Europski dan oralnog zdravlja na Trgu Slobode (ispred Doma kulture)<\/li><\/ul>\n\n\n\n<p>Veselimo se va\u0161em sudjelovanju i podr\u0161ci, te vas pozivamo da svojim prisustvom obogatite aktivnosti namijenjene djeci i njihovim obiteljima. Za dodatne informacije i upite slobodno se obratite na: <a href=\"mailto:knjiznica.prelog@gmail.com\"><strong>knjiznica.prelog@gmail.com<\/strong><\/a><strong><\/strong><\/p>\n\n\n\n<p><strong>Dje\u010dji tjedan zajedni\u010dki organiziraju DND Prelog, Knji\u017enica i \u010ditaonica Grada Preloga i Grad Prelog u suradnji s DV Fijolica Prelog, O\u0160 Dra\u0161kovec i stomatolozima Me\u0111imurja.<\/strong><\/p>\n\n\n\n<p>Vidimo se u Dje\u010djem tjednu!<\/p>\n","protected":false},"excerpt":{"rendered":"<p>Dje\u010dji tjedan, tradicionalna akcija Saveza dru\u0161tava &#8220;Na\u0161a djeca&#8221; Hrvatske, svake godine okuplja sve vi\u0161e djece i odraslih. Cilj manifestacije je usmjeriti pozornost javnosti na dje\u010dja prava i potrebe te poticati [&hellip;]<\/p>\n","protected":false},"author":192,"featured_media":0,"comment_status":"closed","ping_status":"closed","sticky":false,"template":"","format":"standard","meta":{"ngg_post_thumbnail":0},"categories":[1],"tags":[],"yoast_head":"<!-- This site is optimized with the Yoast SEO plugin v16.4 - https:\/\/yoast.com\/wordpress\/plugins\/seo\/ -->\n<meta name=\"robots\" content=\"index, follow, max-snippet:-1, max-image-preview:large, max-video-preview:-1\" \/>\n<link rel=\"canonical\" href=\"https:\/\/knjiznice.nsk.hr\/prelog\/2024\/10\/09\/djecji-tjedan-07-10-13-10-2024\/\" \/>\n<meta property=\"og:locale\" content=\"hr_HR\" \/>\n<meta property=\"og:type\" content=\"article\" \/>\n<meta property=\"og:title\" content=\"Dje\u010dji tjedan 07.10. - 13.10.2024. - Knji\u017enica i \u010ditaonica Grada Preloga\" \/>\n<meta property=\"og:description\" content=\"Dje\u010dji tjedan, tradicionalna akcija Saveza dru\u0161tava &#8220;Na\u0161a djeca&#8221; Hrvatske, svake godine okuplja sve vi\u0161e djece i odraslih. Cilj manifestacije je usmjeriti pozornost javnosti na dje\u010dja prava i potrebe te poticati [&hellip;]\" \/>\n<meta property=\"og:url\" content=\"https:\/\/knjiznice.nsk.hr\/prelog\/2024\/10\/09\/djecji-tjedan-07-10-13-10-2024\/\" \/>\n<meta property=\"og:site_name\" content=\"Knji\u017enica i \u010ditaonica Grada Preloga\" \/>\n<meta property=\"article:publisher\" content=\"https:\/\/www.facebook.com\/kicgprelog\" \/>\n<meta property=\"article:published_time\" content=\"2024-10-09T14:56:16+00:00\" \/>\n<meta property=\"article:modified_time\" content=\"2024-10-09T14:56:17+00:00\" \/>\n<meta property=\"og:image\" content=\"http:\/\/knjiznice.nsk.hr\/prelog\/wp-content\/uploads\/sites\/115\/2024\/10\/7805320-724x1024.jpg\" \/>\n<meta name=\"twitter:card\" content=\"summary_large_image\" \/>\n<meta name=\"twitter:label1\" content=\"Procijenjeno vrijeme \u010ditanja\" \/>\n\t<meta name=\"twitter:data1\" content=\"2 minute\" \/>\n<script type=\"application\/ld+json\" class=\"yoast-schema-graph\">{\"@context\":\"https:\/\/schema.org\",\"@graph\":[{\"@type\":\"Organization\",\"@id\":\"http:\/\/knjiznice.nsk.hr\/prelog\/#organization\",\"name\":\"Knji\\u017enica i \\u010ditaonica Grada Preloga\",\"url\":\"http:\/\/knjiznice.nsk.hr\/prelog\/\",\"sameAs\":[\"https:\/\/www.facebook.com\/kicgprelog\",\"https:\/\/www.instagram.com\/kicgprelog\/?hl=hr\",\"https:\/\/www.youtube.com\/channel\/UCPoJLs4KlDbQu79pK5HoY4g\"],\"logo\":{\"@type\":\"ImageObject\",\"@id\":\"http:\/\/knjiznice.nsk.hr\/prelog\/#logo\",\"inLanguage\":\"hr\",\"url\":\"http:\/\/knjiznice.nsk.hr\/prelog\/wp-content\/uploads\/sites\/115\/2021\/02\/201803211410360.logo2_.jpg\",\"contentUrl\":\"http:\/\/knjiznice.nsk.hr\/prelog\/wp-content\/uploads\/sites\/115\/2021\/02\/201803211410360.logo2_.jpg\",\"width\":970,\"height\":561,\"caption\":\"Knji\\u017enica i \\u010ditaonica Grada Preloga\"},\"image\":{\"@id\":\"http:\/\/knjiznice.nsk.hr\/prelog\/#logo\"}},{\"@type\":\"WebSite\",\"@id\":\"http:\/\/knjiznice.nsk.hr\/prelog\/#website\",\"url\":\"http:\/\/knjiznice.nsk.hr\/prelog\/\",\"name\":\"Knji\\u017enica i \\u010ditaonica Grada Preloga\",\"description\":\"Iza svake sjajne zajednice stoji sjajna knji\\u017enica. Behind Every Great Community is a Great Library.\",\"publisher\":{\"@id\":\"http:\/\/knjiznice.nsk.hr\/prelog\/#organization\"},\"potentialAction\":[{\"@type\":\"SearchAction\",\"target\":\"http:\/\/knjiznice.nsk.hr\/prelog\/?s={search_term_string}\",\"query-input\":\"required name=search_term_string\"}],\"inLanguage\":\"hr\"},{\"@type\":\"ImageObject\",\"@id\":\"https:\/\/knjiznice.nsk.hr\/prelog\/2024\/10\/09\/djecji-tjedan-07-10-13-10-2024\/#primaryimage\",\"inLanguage\":\"hr\",\"url\":\"http:\/\/knjiznice.nsk.hr\/prelog\/wp-content\/uploads\/sites\/115\/2024\/10\/7805320-724x1024.jpg\",\"contentUrl\":\"http:\/\/knjiznice.nsk.hr\/prelog\/wp-content\/uploads\/sites\/115\/2024\/10\/7805320-724x1024.jpg\"},{\"@type\":\"WebPage\",\"@id\":\"https:\/\/knjiznice.nsk.hr\/prelog\/2024\/10\/09\/djecji-tjedan-07-10-13-10-2024\/#webpage\",\"url\":\"https:\/\/knjiznice.nsk.hr\/prelog\/2024\/10\/09\/djecji-tjedan-07-10-13-10-2024\/\",\"name\":\"Dje\\u010dji tjedan 07.10. - 13.10.2024. - Knji\\u017enica i \\u010ditaonica Grada Preloga\",\"isPartOf\":{\"@id\":\"http:\/\/knjiznice.nsk.hr\/prelog\/#website\"},\"primaryImageOfPage\":{\"@id\":\"https:\/\/knjiznice.nsk.hr\/prelog\/2024\/10\/09\/djecji-tjedan-07-10-13-10-2024\/#primaryimage\"},\"datePublished\":\"2024-10-09T14:56:16+00:00\",\"dateModified\":\"2024-10-09T14:56:17+00:00\",\"breadcrumb\":{\"@id\":\"https:\/\/knjiznice.nsk.hr\/prelog\/2024\/10\/09\/djecji-tjedan-07-10-13-10-2024\/#breadcrumb\"},\"inLanguage\":\"hr\",\"potentialAction\":[{\"@type\":\"ReadAction\",\"target\":[\"https:\/\/knjiznice.nsk.hr\/prelog\/2024\/10\/09\/djecji-tjedan-07-10-13-10-2024\/\"]}]},{\"@type\":\"BreadcrumbList\",\"@id\":\"https:\/\/knjiznice.nsk.hr\/prelog\/2024\/10\/09\/djecji-tjedan-07-10-13-10-2024\/#breadcrumb\",\"itemListElement\":[{\"@type\":\"ListItem\",\"position\":1,\"item\":{\"@type\":\"WebPage\",\"@id\":\"http:\/\/knjiznice.nsk.hr\/prelog\/\",\"url\":\"http:\/\/knjiznice.nsk.hr\/prelog\/\",\"name\":\"Po\\u010detna stranica\"}},{\"@type\":\"ListItem\",\"position\":2,\"item\":{\"@id\":\"https:\/\/knjiznice.nsk.hr\/prelog\/2024\/10\/09\/djecji-tjedan-07-10-13-10-2024\/#webpage\"}}]},{\"@type\":\"Article\",\"@id\":\"https:\/\/knjiznice.nsk.hr\/prelog\/2024\/10\/09\/djecji-tjedan-07-10-13-10-2024\/#article\",\"isPartOf\":{\"@id\":\"https:\/\/knjiznice.nsk.hr\/prelog\/2024\/10\/09\/djecji-tjedan-07-10-13-10-2024\/#webpage\"},\"author\":{\"@id\":\"http:\/\/knjiznice.nsk.hr\/prelog\/#\/schema\/person\/909622ca9408051fd3ea81ae633d370a\"},\"headline\":\"Dje\\u010dji tjedan 07.10. &#8211; 13.10.2024.\",\"datePublished\":\"2024-10-09T14:56:16+00:00\",\"dateModified\":\"2024-10-09T14:56:17+00:00\",\"mainEntityOfPage\":{\"@id\":\"https:\/\/knjiznice.nsk.hr\/prelog\/2024\/10\/09\/djecji-tjedan-07-10-13-10-2024\/#webpage\"},\"wordCount\":245,\"publisher\":{\"@id\":\"http:\/\/knjiznice.nsk.hr\/prelog\/#organization\"},\"image\":{\"@id\":\"https:\/\/knjiznice.nsk.hr\/prelog\/2024\/10\/09\/djecji-tjedan-07-10-13-10-2024\/#primaryimage\"},\"thumbnailUrl\":\"http:\/\/knjiznice.nsk.hr\/prelog\/wp-content\/uploads\/sites\/115\/2024\/10\/7805320-724x1024.jpg\",\"inLanguage\":\"hr\"},{\"@type\":\"Person\",\"@id\":\"http:\/\/knjiznice.nsk.hr\/prelog\/#\/schema\/person\/909622ca9408051fd3ea81ae633d370a\",\"name\":\"prelog\",\"image\":{\"@type\":\"ImageObject\",\"@id\":\"http:\/\/knjiznice.nsk.hr\/prelog\/#personlogo\",\"inLanguage\":\"hr\",\"url\":\"https:\/\/secure.gravatar.com\/avatar\/29849af0692893a52460d0ec299415d7?s=96&d=mm&r=g\",\"contentUrl\":\"https:\/\/secure.gravatar.com\/avatar\/29849af0692893a52460d0ec299415d7?s=96&d=mm&r=g\",\"caption\":\"prelog\"}}]}<\/script>\n<!-- \/ Yoast SEO plugin. -->","_links":{"self":[{"href":"https:\/\/knjiznice.nsk.hr\/prelog\/wp-json\/wp\/v2\/posts\/1011"}],"collection":[{"href":"https:\/\/knjiznice.nsk.hr\/prelog\/wp-json\/wp\/v2\/posts"}],"about":[{"href":"https:\/\/knjiznice.nsk.hr\/prelog\/wp-json\/wp\/v2\/types\/post"}],"author":[{"embeddable":true,"href":"https:\/\/knjiznice.nsk.hr\/prelog\/wp-json\/wp\/v2\/users\/192"}],"replies":[{"embeddable":true,"href":"https:\/\/knjiznice.nsk.hr\/prelog\/wp-json\/wp\/v2\/comments?post=1011"}],"version-history":[{"count":1,"href":"https:\/\/knjiznice.nsk.hr\/prelog\/wp-json\/wp\/v2\/posts\/1011\/revisions"}],"predecessor-version":[{"id":1013,"href":"https:\/\/knjiznice.nsk.hr\/prelog\/wp-json\/wp\/v2\/posts\/1011\/revisions\/1013"}],"wp:attachment":[{"href":"https:\/\/knjiznice.nsk.hr\/prelog\/wp-json\/wp\/v2\/media?parent=1011"}],"wp:term":[{"taxonomy":"category","embeddable":true,"href":"https:\/\/knjiznice.nsk.hr\/prelog\/wp-json\/wp\/v2\/categories?post=1011"},{"taxonomy":"post_tag","embeddable":true,"href":"https:\/\/knjiznice.nsk.hr\/prelog\/wp-json\/wp\/v2\/tags?post=1011"}],"curies":[{"name":"wp","href":"https:\/\/api.w.org\/{rel}","templated":true}]}}