{"id":788,"date":"2026-04-17T10:27:31","date_gmt":"2026-04-17T08:27:31","guid":{"rendered":"http:\/\/knjiznice.nsk.hr\/pregrada\/?p=788"},"modified":"2026-04-17T10:27:31","modified_gmt":"2026-04-17T08:27:31","slug":"%f0%9f%8f%9b%ef%b8%8f-nova-ravnateljica","status":"publish","type":"post","link":"https:\/\/knjiznice.nsk.hr\/pregrada\/2026\/04\/17\/%f0%9f%8f%9b%ef%b8%8f-nova-ravnateljica\/","title":{"rendered":"\ud83c\udfdb\ufe0f NOVA RAVNATELJICA"},"content":{"rendered":"<div class=\"x14z9mp xat24cr x1lziwak x1vvkbs xtlvy1s x126k92a\">\n<div dir=\"auto\">Na\u0161a dosada\u0161nja ravnateljica Dra\u017eenka Greti\u0107 oti\u0161la je u zaslu\u017eenu mirovinu. \u010cestitamo joj i zahvaljujemo na predanom radu i svemu \u0161to je u\u010dinila za Knji\u017enicu, struku i kulturu u Pregradi! <span class=\"html-span xexx8yu xyri2b x18d9i69 x1c1uobl x1hl2dhg x16tdsg8 x1vvkbs x3nfvp2 x1j61x8r x1fcty0u xdj266r xat24cr xm2jcoa x1mpyi22 xxymvpz xlup9mm x1kky2od\"><img loading=\"lazy\" class=\"xz74otr x15mokao x1ga7v0g x16uus16 xbiv7yw\" src=\"https:\/\/static.xx.fbcdn.net\/images\/emoji.php\/v9\/tb7\/1\/16\/1f917.png\" alt=\"\ud83e\udd17\" width=\"16\" height=\"16\"><\/span><\/div>\n<div dir=\"auto\">&nbsp;<\/div>\n<\/div>\n<div class=\"x14z9mp xat24cr x1lziwak x1vvkbs xtlvy1s x126k92a\">\n<div dir=\"auto\">Na\u0161a nova ravnateljica je Petra Salamon, magistra bibliotekarstva. Petra je na\u0161a Pregra\u010danka, pjeva u Strunama i mama je djevoj\u010dice Gite. Donedavno je radila u Gradskoj knji\u017enici Krapina, a svoje prve knji\u017eni\u010darske korake napravila je upravo u na\u0161oj knji\u017enici. \u017delimo joj toplu dobrodo\u0161licu i puno uspjeha u radu! <span class=\"html-span xexx8yu xyri2b x18d9i69 x1c1uobl x1hl2dhg x16tdsg8 x1vvkbs x3nfvp2 x1j61x8r x1fcty0u xdj266r xat24cr xm2jcoa x1mpyi22 xxymvpz xlup9mm x1kky2od\"><img loading=\"lazy\" class=\"xz74otr x15mokao x1ga7v0g x16uus16 xbiv7yw\" src=\"https:\/\/static.xx.fbcdn.net\/images\/emoji.php\/v9\/t6d\/1\/16\/1f973.png\" alt=\"\ud83e\udd73\" width=\"16\" height=\"16\"><\/span><\/div>\n<div dir=\"auto\">&nbsp;<\/div>\n<\/div>\n<div class=\"x14z9mp xat24cr x1lziwak x1vvkbs xtlvy1s x126k92a\">\n<div dir=\"auto\">Va\u0161a dosada\u0161nja knji\u017eni\u010darka Sara Pondeljak postala je va\u0161a stalna knji\u017eni\u010darka. Sara je magistra bibliotekarstva, a slobodno vrijeme provodi \u010ditaju\u0107i razli\u010dite \u017eanrove kako bi uvijek imala spremnu preporuku za vas. <span class=\"html-span xexx8yu xyri2b x18d9i69 x1c1uobl x1hl2dhg x16tdsg8 x1vvkbs x3nfvp2 x1j61x8r x1fcty0u xdj266r xat24cr xm2jcoa x1mpyi22 xxymvpz xlup9mm x1kky2od\"><img loading=\"lazy\" class=\"xz74otr x15mokao x1ga7v0g x16uus16 xbiv7yw\" src=\"https:\/\/static.xx.fbcdn.net\/images\/emoji.php\/v9\/t49\/1\/16\/1f4da.png\" alt=\"\ud83d\udcda\" width=\"16\" height=\"16\"><\/span><\/div>\n<div dir=\"auto\">&nbsp;<\/div>\n<\/div>\n<div class=\"x14z9mp xat24cr x1lziwak x1vvkbs xtlvy1s x126k92a\">\n<div dir=\"auto\"><span class=\"html-span xdj266r x14z9mp xat24cr x1lziwak xexx8yu xyri2b x18d9i69 x1c1uobl x1hl2dhg x16tdsg8 x1vvkbs\"><a class=\"x1i10hfl xjbqb8w x1ejq31n x18oe1m7 x1sy0etr xstzfhl x972fbf x10w94by x1qhh985 x14e42zd x9f619 x1ypdohk xt0psk2 x3ct3a4 xdj266r x14z9mp xat24cr x1lziwak xexx8yu xyri2b x18d9i69 x1c1uobl x16tdsg8 x1hl2dhg xggy1nq x1a2a7pz xkrqix3 x1sur9pj x1fey0fg x1s688f\" role=\"link\" href=\"https:\/\/www.facebook.com\/hashtag\/gradskaknji%C5%BEnicapregrada?__cft__[0]=AZYwe9k_EfgG8tfKMu4X4oOPlzA3cEjFaBCzqFAPCR1axbMDUo4GBdf0i6V-gZ5TL9xX_oYuCZ7DHkLVAmOipIkTJ6VoFruAcl-q-kbbodK9tzybkFrZGOFaKzoDfQ0lFWQ8r9nlGiF9VwYQEJyUKyl5P0HZYvI32Z3EHfZ-FM5Xo8uMCV2O4Z4M3r7JktKRbWc&amp;__tn__=*NK-R\">#Gradskaknji\u017enicaPregrada<\/a><\/span> <span class=\"html-span xdj266r x14z9mp xat24cr x1lziwak xexx8yu xyri2b x18d9i69 x1c1uobl x1hl2dhg x16tdsg8 x1vvkbs\"><a class=\"x1i10hfl xjbqb8w x1ejq31n x18oe1m7 x1sy0etr xstzfhl x972fbf x10w94by x1qhh985 x14e42zd x9f619 x1ypdohk xt0psk2 x3ct3a4 xdj266r x14z9mp xat24cr x1lziwak xexx8yu xyri2b x18d9i69 x1c1uobl x16tdsg8 x1hl2dhg xggy1nq x1a2a7pz xkrqix3 x1sur9pj x1fey0fg x1s688f\" role=\"link\" href=\"https:\/\/www.facebook.com\/hashtag\/ranvateljica?__cft__[0]=AZYwe9k_EfgG8tfKMu4X4oOPlzA3cEjFaBCzqFAPCR1axbMDUo4GBdf0i6V-gZ5TL9xX_oYuCZ7DHkLVAmOipIkTJ6VoFruAcl-q-kbbodK9tzybkFrZGOFaKzoDfQ0lFWQ8r9nlGiF9VwYQEJyUKyl5P0HZYvI32Z3EHfZ-FM5Xo8uMCV2O4Z4M3r7JktKRbWc&amp;__tn__=*NK-R\">#ranvateljica<\/a><\/span> <span class=\"html-span xdj266r x14z9mp xat24cr x1lziwak xexx8yu xyri2b x18d9i69 x1c1uobl x1hl2dhg x16tdsg8 x1vvkbs\"><a class=\"x1i10hfl xjbqb8w x1ejq31n x18oe1m7 x1sy0etr xstzfhl x972fbf x10w94by x1qhh985 x14e42zd x9f619 x1ypdohk xt0psk2 x3ct3a4 xdj266r x14z9mp xat24cr x1lziwak xexx8yu xyri2b x18d9i69 x1c1uobl x16tdsg8 x1hl2dhg xggy1nq x1a2a7pz xkrqix3 x1sur9pj x1fey0fg x1s688f\" role=\"link\" href=\"https:\/\/www.facebook.com\/hashtag\/knji%C5%BEni%C4%8Darka?__cft__[0]=AZYwe9k_EfgG8tfKMu4X4oOPlzA3cEjFaBCzqFAPCR1axbMDUo4GBdf0i6V-gZ5TL9xX_oYuCZ7DHkLVAmOipIkTJ6VoFruAcl-q-kbbodK9tzybkFrZGOFaKzoDfQ0lFWQ8r9nlGiF9VwYQEJyUKyl5P0HZYvI32Z3EHfZ-FM5Xo8uMCV2O4Z4M3r7JktKRbWc&amp;__tn__=*NK-R\">#knji\u017eni\u010darka<\/a><\/span><\/div>\n<\/div>\n<div dir=\"auto\"><a href=\"http:\/\/knjiznice.nsk.hr\/pregrada\/2026\/04\/17\/%f0%9f%8f%9b%ef%b8%8f-nova-ravnateljica\/whatsapp-image-2026-04-17-at-10-11-15\/\" rel=\"attachment wp-att-789\"><img loading=\"lazy\" class=\"aligncenter size-large wp-image-789\" src=\"http:\/\/knjiznice.nsk.hr\/pregrada\/wp-content\/uploads\/sites\/99\/2026\/04\/WhatsApp-Image-2026-04-17-at-10.11.15-768x1024.jpeg\" alt=\"\" width=\"768\" height=\"1024\" srcset=\"https:\/\/knjiznice.nsk.hr\/pregrada\/wp-content\/uploads\/sites\/99\/2026\/04\/WhatsApp-Image-2026-04-17-at-10.11.15-768x1024.jpeg 768w, https:\/\/knjiznice.nsk.hr\/pregrada\/wp-content\/uploads\/sites\/99\/2026\/04\/WhatsApp-Image-2026-04-17-at-10.11.15-225x300.jpeg 225w, https:\/\/knjiznice.nsk.hr\/pregrada\/wp-content\/uploads\/sites\/99\/2026\/04\/WhatsApp-Image-2026-04-17-at-10.11.15-600x800.jpeg 600w, https:\/\/knjiznice.nsk.hr\/pregrada\/wp-content\/uploads\/sites\/99\/2026\/04\/WhatsApp-Image-2026-04-17-at-10.11.15-1152x1536.jpeg 1152w, https:\/\/knjiznice.nsk.hr\/pregrada\/wp-content\/uploads\/sites\/99\/2026\/04\/WhatsApp-Image-2026-04-17-at-10.11.15.jpeg 1536w\" sizes=\"(max-width: 768px) 100vw, 768px\" \/><\/a><\/div>\n","protected":false},"excerpt":{"rendered":"<p>Na\u0161a dosada\u0161nja ravnateljica Dra\u017eenka Greti\u0107 oti\u0161la je u zaslu\u017eenu mirovinu. \u010cestitamo joj i zahvaljujemo na predanom radu i svemu \u0161to je u\u010dinila za Knji\u017enicu, struku i kulturu u Pregradi! &nbsp; Na\u0161a nova ravnateljica je Petra Salamon, magistra bibliotekarstva. Petra je na\u0161a Pregra\u010danka, pjeva u Strunama i mama je djevoj\u010dice Gite. Donedavno je radila u Gradskoj [&hellip;]<\/p>\n","protected":false},"author":169,"featured_media":0,"comment_status":"closed","ping_status":"closed","sticky":false,"template":"","format":"standard","meta":{"ngg_post_thumbnail":0},"categories":[1],"tags":[],"yoast_head":"<!-- This site is optimized with the Yoast SEO plugin v16.4 - https:\/\/yoast.com\/wordpress\/plugins\/seo\/ -->\n<meta name=\"robots\" content=\"index, follow, max-snippet:-1, max-image-preview:large, max-video-preview:-1\" \/>\n<link rel=\"canonical\" href=\"http:\/\/knjiznice.nsk.hr\/pregrada\/2026\/04\/17\/\ud83c\udfdb\ufe0f-nova-ravnateljica\/\" \/>\n<meta property=\"og:locale\" content=\"hr_HR\" \/>\n<meta property=\"og:type\" content=\"article\" \/>\n<meta property=\"og:title\" content=\"\ud83c\udfdb\ufe0f NOVA RAVNATELJICA - Gradska knji\u017enica Pregrada\" \/>\n<meta property=\"og:description\" content=\"Na\u0161a dosada\u0161nja ravnateljica Dra\u017eenka Greti\u0107 oti\u0161la je u zaslu\u017eenu mirovinu. \u010cestitamo joj i zahvaljujemo na predanom radu i svemu \u0161to je u\u010dinila za Knji\u017enicu, struku i kulturu u Pregradi! &nbsp; Na\u0161a nova ravnateljica je Petra Salamon, magistra bibliotekarstva. Petra je na\u0161a Pregra\u010danka, pjeva u Strunama i mama je djevoj\u010dice Gite. Donedavno je radila u Gradskoj [&hellip;]\" \/>\n<meta property=\"og:url\" content=\"http:\/\/knjiznice.nsk.hr\/pregrada\/2026\/04\/17\/\ud83c\udfdb\ufe0f-nova-ravnateljica\/\" \/>\n<meta property=\"og:site_name\" content=\"Gradska knji\u017enica Pregrada\" \/>\n<meta property=\"article:published_time\" content=\"2026-04-17T08:27:31+00:00\" \/>\n<meta property=\"og:image\" content=\"https:\/\/static.xx.fbcdn.net\/images\/emoji.php\/v9\/tb7\/1\/16\/1f917.png\" \/>\n<meta name=\"twitter:card\" content=\"summary_large_image\" \/>\n<meta name=\"twitter:label1\" content=\"Procijenjeno vrijeme \u010ditanja\" \/>\n\t<meta name=\"twitter:data1\" content=\"2 minute\" \/>\n<script type=\"application\/ld+json\" class=\"yoast-schema-graph\">{\"@context\":\"https:\/\/schema.org\",\"@graph\":[{\"@type\":\"WebSite\",\"@id\":\"http:\/\/knjiznice.nsk.hr\/pregrada\/#website\",\"url\":\"http:\/\/knjiznice.nsk.hr\/pregrada\/\",\"name\":\"Gradska knji\\u017enica Pregrada\",\"description\":\"\",\"potentialAction\":[{\"@type\":\"SearchAction\",\"target\":\"http:\/\/knjiznice.nsk.hr\/pregrada\/?s={search_term_string}\",\"query-input\":\"required name=search_term_string\"}],\"inLanguage\":\"hr\"},{\"@type\":\"ImageObject\",\"@id\":\"http:\/\/knjiznice.nsk.hr\/pregrada\/2026\/04\/17\/%f0%9f%8f%9b%ef%b8%8f-nova-ravnateljica\/#primaryimage\",\"inLanguage\":\"hr\",\"url\":\"https:\/\/static.xx.fbcdn.net\/images\/emoji.php\/v9\/tb7\/1\/16\/1f917.png\",\"contentUrl\":\"https:\/\/static.xx.fbcdn.net\/images\/emoji.php\/v9\/tb7\/1\/16\/1f917.png\"},{\"@type\":\"WebPage\",\"@id\":\"http:\/\/knjiznice.nsk.hr\/pregrada\/2026\/04\/17\/%f0%9f%8f%9b%ef%b8%8f-nova-ravnateljica\/#webpage\",\"url\":\"http:\/\/knjiznice.nsk.hr\/pregrada\/2026\/04\/17\/%f0%9f%8f%9b%ef%b8%8f-nova-ravnateljica\/\",\"name\":\"\\ud83c\\udfdb\\ufe0f NOVA RAVNATELJICA - Gradska knji\\u017enica Pregrada\",\"isPartOf\":{\"@id\":\"http:\/\/knjiznice.nsk.hr\/pregrada\/#website\"},\"primaryImageOfPage\":{\"@id\":\"http:\/\/knjiznice.nsk.hr\/pregrada\/2026\/04\/17\/%f0%9f%8f%9b%ef%b8%8f-nova-ravnateljica\/#primaryimage\"},\"datePublished\":\"2026-04-17T08:27:31+00:00\",\"dateModified\":\"2026-04-17T08:27:31+00:00\",\"author\":{\"@id\":\"http:\/\/knjiznice.nsk.hr\/pregrada\/#\/schema\/person\/ea70a51919d7099398216bbfcd44e5f8\"},\"breadcrumb\":{\"@id\":\"http:\/\/knjiznice.nsk.hr\/pregrada\/2026\/04\/17\/%f0%9f%8f%9b%ef%b8%8f-nova-ravnateljica\/#breadcrumb\"},\"inLanguage\":\"hr\",\"potentialAction\":[{\"@type\":\"ReadAction\",\"target\":[\"http:\/\/knjiznice.nsk.hr\/pregrada\/2026\/04\/17\/%f0%9f%8f%9b%ef%b8%8f-nova-ravnateljica\/\"]}]},{\"@type\":\"BreadcrumbList\",\"@id\":\"http:\/\/knjiznice.nsk.hr\/pregrada\/2026\/04\/17\/%f0%9f%8f%9b%ef%b8%8f-nova-ravnateljica\/#breadcrumb\",\"itemListElement\":[{\"@type\":\"ListItem\",\"position\":1,\"item\":{\"@type\":\"WebPage\",\"@id\":\"http:\/\/knjiznice.nsk.hr\/pregrada\/\",\"url\":\"http:\/\/knjiznice.nsk.hr\/pregrada\/\",\"name\":\"Po\\u010detna stranica\"}},{\"@type\":\"ListItem\",\"position\":2,\"item\":{\"@id\":\"http:\/\/knjiznice.nsk.hr\/pregrada\/2026\/04\/17\/%f0%9f%8f%9b%ef%b8%8f-nova-ravnateljica\/#webpage\"}}]},{\"@type\":\"Person\",\"@id\":\"http:\/\/knjiznice.nsk.hr\/pregrada\/#\/schema\/person\/ea70a51919d7099398216bbfcd44e5f8\",\"name\":\"GKP\",\"image\":{\"@type\":\"ImageObject\",\"@id\":\"http:\/\/knjiznice.nsk.hr\/pregrada\/#personlogo\",\"inLanguage\":\"hr\",\"url\":\"https:\/\/secure.gravatar.com\/avatar\/9dd824301c6b700776ea728699cb6401?s=96&d=mm&r=g\",\"contentUrl\":\"https:\/\/secure.gravatar.com\/avatar\/9dd824301c6b700776ea728699cb6401?s=96&d=mm&r=g\",\"caption\":\"GKP\"},\"url\":\"https:\/\/knjiznice.nsk.hr\/pregrada\/\"}]}<\/script>\n<!-- \/ Yoast SEO plugin. -->","_links":{"self":[{"href":"https:\/\/knjiznice.nsk.hr\/pregrada\/wp-json\/wp\/v2\/posts\/788"}],"collection":[{"href":"https:\/\/knjiznice.nsk.hr\/pregrada\/wp-json\/wp\/v2\/posts"}],"about":[{"href":"https:\/\/knjiznice.nsk.hr\/pregrada\/wp-json\/wp\/v2\/types\/post"}],"author":[{"embeddable":true,"href":"https:\/\/knjiznice.nsk.hr\/pregrada\/wp-json\/wp\/v2\/users\/169"}],"replies":[{"embeddable":true,"href":"https:\/\/knjiznice.nsk.hr\/pregrada\/wp-json\/wp\/v2\/comments?post=788"}],"version-history":[{"count":2,"href":"https:\/\/knjiznice.nsk.hr\/pregrada\/wp-json\/wp\/v2\/posts\/788\/revisions"}],"predecessor-version":[{"id":791,"href":"https:\/\/knjiznice.nsk.hr\/pregrada\/wp-json\/wp\/v2\/posts\/788\/revisions\/791"}],"wp:attachment":[{"href":"https:\/\/knjiznice.nsk.hr\/pregrada\/wp-json\/wp\/v2\/media?parent=788"}],"wp:term":[{"taxonomy":"category","embeddable":true,"href":"https:\/\/knjiznice.nsk.hr\/pregrada\/wp-json\/wp\/v2\/categories?post=788"},{"taxonomy":"post_tag","embeddable":true,"href":"https:\/\/knjiznice.nsk.hr\/pregrada\/wp-json\/wp\/v2\/tags?post=788"}],"curies":[{"name":"wp","href":"https:\/\/api.w.org\/{rel}","templated":true}]}}