{"id":739,"date":"2025-12-08T17:00:09","date_gmt":"2025-12-08T16:00:09","guid":{"rendered":"http:\/\/knjiznice.nsk.hr\/pregrada\/?p=739"},"modified":"2025-12-08T17:00:09","modified_gmt":"2025-12-08T16:00:09","slug":"bozicna-prica-u-pokretu-i-bojama","status":"publish","type":"post","link":"https:\/\/knjiznice.nsk.hr\/pregrada\/2025\/12\/08\/bozicna-prica-u-pokretu-i-bojama\/","title":{"rendered":"Bo\u017ei\u0107na pri\u010da u pokretu i bojama"},"content":{"rendered":"<p><span class=\"html-span xexx8yu xyri2b x18d9i69 x1c1uobl x1hl2dhg x16tdsg8 x1vvkbs x3nfvp2 x1j61x8r x1fcty0u xdj266r xat24cr xm2jcoa x1mpyi22 xxymvpz xlup9mm x1kky2od\"><img loading=\"lazy\" class=\"xz74otr x15mokao x1ga7v0g x16uus16 xbiv7yw\" src=\"https:\/\/static.xx.fbcdn.net\/images\/emoji.php\/v9\/tf4\/1\/16\/2728.png\" alt=\"\u2728\" width=\"16\" height=\"16\"><\/span>BO\u017dI\u0106NA PRI\u010cA U POKRETU I BOJAMA&nbsp;<span class=\"html-span xexx8yu xyri2b x18d9i69 x1c1uobl x1hl2dhg x16tdsg8 x1vvkbs x3nfvp2 x1j61x8r x1fcty0u xdj266r xat24cr xm2jcoa x1mpyi22 xxymvpz xlup9mm x1kky2od\"><img loading=\"lazy\" class=\"xz74otr x15mokao x1ga7v0g x16uus16 xbiv7yw\" src=\"https:\/\/static.xx.fbcdn.net\/images\/emoji.php\/v9\/tf4\/1\/16\/2728.png\" alt=\"\u2728\" width=\"16\" height=\"16\"><\/span><br class=\"html-br\"><br class=\"html-br\">&#8220;Pozivamo svu djecu pred\u0161kolskog uzrasta na \u010darobnu dramsko-likovnu radionicu u kojoj \u0107e kroz pokret, igru, glumu i kreativno stvarala\u0161tvo o\u017eivjeti bo\u017ei\u0107nu pri\u010du i izraditi vlastitu svjetlucavu zvijezdu. Kroz ma\u0161tovite aktivnosti poticat \u0107emo suradnju, radost i zajedni\u0161tvo \u2013 vrijednosti koje Bo\u017ei\u0107 \u010dine posebnim.&#8221;&nbsp;<span class=\"html-span xexx8yu xyri2b x18d9i69 x1c1uobl x1hl2dhg x16tdsg8 x1vvkbs x3nfvp2 x1j61x8r x1fcty0u xdj266r xat24cr xm2jcoa x1mpyi22 xxymvpz xlup9mm x1kky2od\"><img loading=\"lazy\" class=\"xz74otr x15mokao x1ga7v0g x16uus16 xbiv7yw\" src=\"https:\/\/static.xx.fbcdn.net\/images\/emoji.php\/v9\/t2e\/1\/16\/2744.png\" alt=\"\u2744\ufe0f\" width=\"16\" height=\"16\"><\/span><span class=\"html-span xexx8yu xyri2b x18d9i69 x1c1uobl x1hl2dhg x16tdsg8 x1vvkbs x3nfvp2 x1j61x8r x1fcty0u xdj266r xat24cr xm2jcoa x1mpyi22 xxymvpz xlup9mm x1kky2od\"><img loading=\"lazy\" class=\"xz74otr x15mokao x1ga7v0g x16uus16 xbiv7yw\" src=\"https:\/\/static.xx.fbcdn.net\/images\/emoji.php\/v9\/t7\/1\/16\/1f384.png\" alt=\"\ud83c\udf84\" width=\"16\" height=\"16\"><\/span><br class=\"html-br\"><br class=\"html-br\"><span class=\"html-span xexx8yu xyri2b x18d9i69 x1c1uobl x1hl2dhg x16tdsg8 x1vvkbs x3nfvp2 x1j61x8r x1fcty0u xdj266r xat24cr xm2jcoa x1mpyi22 xxymvpz xlup9mm x1kky2od\"><img loading=\"lazy\" class=\"xz74otr x15mokao x1ga7v0g x16uus16 xbiv7yw\" src=\"https:\/\/static.xx.fbcdn.net\/images\/emoji.php\/v9\/t5c\/1\/16\/1f5d3.png\" alt=\"\ud83d\uddd3\ufe0f\" width=\"16\" height=\"16\"><\/span>subota, 13.12.2025.<br class=\"html-br\"><span class=\"html-span xexx8yu xyri2b x18d9i69 x1c1uobl x1hl2dhg x16tdsg8 x1vvkbs x3nfvp2 x1j61x8r x1fcty0u xdj266r xat24cr xm2jcoa x1mpyi22 xxymvpz xlup9mm x1kky2od\"><img loading=\"lazy\" class=\"xz74otr x15mokao x1ga7v0g x16uus16 xbiv7yw\" src=\"https:\/\/static.xx.fbcdn.net\/images\/emoji.php\/v9\/t31\/1\/16\/1f559.png\" alt=\"\ud83d\udd59\" width=\"16\" height=\"16\"><\/span>10,00 sati<br class=\"html-br\"><span class=\"html-span xexx8yu xyri2b x18d9i69 x1c1uobl x1hl2dhg x16tdsg8 x1vvkbs x3nfvp2 x1j61x8r x1fcty0u xdj266r xat24cr xm2jcoa x1mpyi22 xxymvpz xlup9mm x1kky2od\"><img loading=\"lazy\" class=\"xz74otr x15mokao x1ga7v0g x16uus16 xbiv7yw\" src=\"https:\/\/static.xx.fbcdn.net\/images\/emoji.php\/v9\/t2d\/1\/16\/1f4cd.png\" alt=\"\ud83d\udccd\" width=\"16\" height=\"16\"><\/span>Gradska knji\u017enica Pregrada<br class=\"html-br\"><br class=\"html-br\">Radionicu vode: Mirjana Hrestak, Martina Jagi\u0107 i Natalija Raja\u010di\u0107<\/p>\n<p>&nbsp;<\/p>\n<p>&nbsp;<\/p>\n<p><a href=\"http:\/\/knjiznice.nsk.hr\/pregrada\/2025\/12\/08\/bozicna-prica-u-pokretu-i-bojama\/bozicna-prica_mo-pgd_25\/\" rel=\"attachment wp-att-740\"><img loading=\"lazy\" class=\"aligncenter size-large wp-image-740\" src=\"http:\/\/knjiznice.nsk.hr\/pregrada\/wp-content\/uploads\/sites\/99\/2025\/12\/Bozicna-prica_MO-PGD_25-819x1024.png\" alt=\"\" width=\"819\" height=\"1024\" srcset=\"https:\/\/knjiznice.nsk.hr\/pregrada\/wp-content\/uploads\/sites\/99\/2025\/12\/Bozicna-prica_MO-PGD_25-819x1024.png 819w, https:\/\/knjiznice.nsk.hr\/pregrada\/wp-content\/uploads\/sites\/99\/2025\/12\/Bozicna-prica_MO-PGD_25-240x300.png 240w, https:\/\/knjiznice.nsk.hr\/pregrada\/wp-content\/uploads\/sites\/99\/2025\/12\/Bozicna-prica_MO-PGD_25-768x960.png 768w, https:\/\/knjiznice.nsk.hr\/pregrada\/wp-content\/uploads\/sites\/99\/2025\/12\/Bozicna-prica_MO-PGD_25-600x750.png 600w, https:\/\/knjiznice.nsk.hr\/pregrada\/wp-content\/uploads\/sites\/99\/2025\/12\/Bozicna-prica_MO-PGD_25.png 1080w\" sizes=\"(max-width: 819px) 100vw, 819px\" \/><\/a><\/p>\n","protected":false},"excerpt":{"rendered":"<p>BO\u017dI\u0106NA PRI\u010cA U POKRETU I BOJAMA&nbsp;&#8220;Pozivamo svu djecu pred\u0161kolskog uzrasta na \u010darobnu dramsko-likovnu radionicu u kojoj \u0107e kroz pokret, igru, glumu i kreativno stvarala\u0161tvo o\u017eivjeti bo\u017ei\u0107nu pri\u010du i izraditi vlastitu svjetlucavu zvijezdu. Kroz ma\u0161tovite aktivnosti poticat \u0107emo suradnju, radost i zajedni\u0161tvo \u2013 vrijednosti koje Bo\u017ei\u0107 \u010dine posebnim.&#8221;&nbsp;subota, 13.12.2025.10,00 satiGradska knji\u017enica PregradaRadionicu vode: Mirjana Hrestak, Martina [&hellip;]<\/p>\n","protected":false},"author":169,"featured_media":0,"comment_status":"closed","ping_status":"closed","sticky":false,"template":"","format":"standard","meta":{"ngg_post_thumbnail":0},"categories":[1],"tags":[],"yoast_head":"<!-- This site is optimized with the Yoast SEO plugin v16.4 - https:\/\/yoast.com\/wordpress\/plugins\/seo\/ -->\n<meta name=\"robots\" content=\"index, follow, max-snippet:-1, max-image-preview:large, max-video-preview:-1\" \/>\n<link rel=\"canonical\" href=\"http:\/\/knjiznice.nsk.hr\/pregrada\/2025\/12\/08\/bozicna-prica-u-pokretu-i-bojama\/\" \/>\n<meta property=\"og:locale\" content=\"hr_HR\" \/>\n<meta property=\"og:type\" content=\"article\" \/>\n<meta property=\"og:title\" content=\"Bo\u017ei\u0107na pri\u010da u pokretu i bojama - Gradska knji\u017enica Pregrada\" \/>\n<meta property=\"og:description\" content=\"BO\u017dI\u0106NA PRI\u010cA U POKRETU I BOJAMA&nbsp;&#8220;Pozivamo svu djecu pred\u0161kolskog uzrasta na \u010darobnu dramsko-likovnu radionicu u kojoj \u0107e kroz pokret, igru, glumu i kreativno stvarala\u0161tvo o\u017eivjeti bo\u017ei\u0107nu pri\u010du i izraditi vlastitu svjetlucavu zvijezdu. Kroz ma\u0161tovite aktivnosti poticat \u0107emo suradnju, radost i zajedni\u0161tvo \u2013 vrijednosti koje Bo\u017ei\u0107 \u010dine posebnim.&#8221;&nbsp;subota, 13.12.2025.10,00 satiGradska knji\u017enica PregradaRadionicu vode: Mirjana Hrestak, Martina [&hellip;]\" \/>\n<meta property=\"og:url\" content=\"http:\/\/knjiznice.nsk.hr\/pregrada\/2025\/12\/08\/bozicna-prica-u-pokretu-i-bojama\/\" \/>\n<meta property=\"og:site_name\" content=\"Gradska knji\u017enica Pregrada\" \/>\n<meta property=\"article:published_time\" content=\"2025-12-08T16:00:09+00:00\" \/>\n<meta property=\"og:image\" content=\"https:\/\/static.xx.fbcdn.net\/images\/emoji.php\/v9\/tf4\/1\/16\/2728.png\" \/>\n<meta name=\"twitter:card\" content=\"summary_large_image\" \/>\n<meta name=\"twitter:label1\" content=\"Procijenjeno vrijeme \u010ditanja\" \/>\n\t<meta name=\"twitter:data1\" content=\"2 minute\" \/>\n<script type=\"application\/ld+json\" class=\"yoast-schema-graph\">{\"@context\":\"https:\/\/schema.org\",\"@graph\":[{\"@type\":\"WebSite\",\"@id\":\"https:\/\/knjiznice.nsk.hr\/pregrada\/#website\",\"url\":\"https:\/\/knjiznice.nsk.hr\/pregrada\/\",\"name\":\"Gradska knji\\u017enica Pregrada\",\"description\":\"\",\"potentialAction\":[{\"@type\":\"SearchAction\",\"target\":\"https:\/\/knjiznice.nsk.hr\/pregrada\/?s={search_term_string}\",\"query-input\":\"required name=search_term_string\"}],\"inLanguage\":\"hr\"},{\"@type\":\"ImageObject\",\"@id\":\"http:\/\/knjiznice.nsk.hr\/pregrada\/2025\/12\/08\/bozicna-prica-u-pokretu-i-bojama\/#primaryimage\",\"inLanguage\":\"hr\",\"url\":\"https:\/\/static.xx.fbcdn.net\/images\/emoji.php\/v9\/tf4\/1\/16\/2728.png\",\"contentUrl\":\"https:\/\/static.xx.fbcdn.net\/images\/emoji.php\/v9\/tf4\/1\/16\/2728.png\"},{\"@type\":\"WebPage\",\"@id\":\"http:\/\/knjiznice.nsk.hr\/pregrada\/2025\/12\/08\/bozicna-prica-u-pokretu-i-bojama\/#webpage\",\"url\":\"http:\/\/knjiznice.nsk.hr\/pregrada\/2025\/12\/08\/bozicna-prica-u-pokretu-i-bojama\/\",\"name\":\"Bo\\u017ei\\u0107na pri\\u010da u pokretu i bojama - Gradska knji\\u017enica Pregrada\",\"isPartOf\":{\"@id\":\"https:\/\/knjiznice.nsk.hr\/pregrada\/#website\"},\"primaryImageOfPage\":{\"@id\":\"http:\/\/knjiznice.nsk.hr\/pregrada\/2025\/12\/08\/bozicna-prica-u-pokretu-i-bojama\/#primaryimage\"},\"datePublished\":\"2025-12-08T16:00:09+00:00\",\"dateModified\":\"2025-12-08T16:00:09+00:00\",\"author\":{\"@id\":\"https:\/\/knjiznice.nsk.hr\/pregrada\/#\/schema\/person\/ea70a51919d7099398216bbfcd44e5f8\"},\"breadcrumb\":{\"@id\":\"http:\/\/knjiznice.nsk.hr\/pregrada\/2025\/12\/08\/bozicna-prica-u-pokretu-i-bojama\/#breadcrumb\"},\"inLanguage\":\"hr\",\"potentialAction\":[{\"@type\":\"ReadAction\",\"target\":[\"http:\/\/knjiznice.nsk.hr\/pregrada\/2025\/12\/08\/bozicna-prica-u-pokretu-i-bojama\/\"]}]},{\"@type\":\"BreadcrumbList\",\"@id\":\"http:\/\/knjiznice.nsk.hr\/pregrada\/2025\/12\/08\/bozicna-prica-u-pokretu-i-bojama\/#breadcrumb\",\"itemListElement\":[{\"@type\":\"ListItem\",\"position\":1,\"item\":{\"@type\":\"WebPage\",\"@id\":\"https:\/\/knjiznice.nsk.hr\/pregrada\/\",\"url\":\"https:\/\/knjiznice.nsk.hr\/pregrada\/\",\"name\":\"Po\\u010detna stranica\"}},{\"@type\":\"ListItem\",\"position\":2,\"item\":{\"@id\":\"http:\/\/knjiznice.nsk.hr\/pregrada\/2025\/12\/08\/bozicna-prica-u-pokretu-i-bojama\/#webpage\"}}]},{\"@type\":\"Person\",\"@id\":\"https:\/\/knjiznice.nsk.hr\/pregrada\/#\/schema\/person\/ea70a51919d7099398216bbfcd44e5f8\",\"name\":\"GKP\",\"image\":{\"@type\":\"ImageObject\",\"@id\":\"https:\/\/knjiznice.nsk.hr\/pregrada\/#personlogo\",\"inLanguage\":\"hr\",\"url\":\"https:\/\/secure.gravatar.com\/avatar\/9dd824301c6b700776ea728699cb6401?s=96&d=mm&r=g\",\"contentUrl\":\"https:\/\/secure.gravatar.com\/avatar\/9dd824301c6b700776ea728699cb6401?s=96&d=mm&r=g\",\"caption\":\"GKP\"},\"url\":\"https:\/\/knjiznice.nsk.hr\/pregrada\/\"}]}<\/script>\n<!-- \/ Yoast SEO plugin. -->","_links":{"self":[{"href":"https:\/\/knjiznice.nsk.hr\/pregrada\/wp-json\/wp\/v2\/posts\/739"}],"collection":[{"href":"https:\/\/knjiznice.nsk.hr\/pregrada\/wp-json\/wp\/v2\/posts"}],"about":[{"href":"https:\/\/knjiznice.nsk.hr\/pregrada\/wp-json\/wp\/v2\/types\/post"}],"author":[{"embeddable":true,"href":"https:\/\/knjiznice.nsk.hr\/pregrada\/wp-json\/wp\/v2\/users\/169"}],"replies":[{"embeddable":true,"href":"https:\/\/knjiznice.nsk.hr\/pregrada\/wp-json\/wp\/v2\/comments?post=739"}],"version-history":[{"count":2,"href":"https:\/\/knjiznice.nsk.hr\/pregrada\/wp-json\/wp\/v2\/posts\/739\/revisions"}],"predecessor-version":[{"id":742,"href":"https:\/\/knjiznice.nsk.hr\/pregrada\/wp-json\/wp\/v2\/posts\/739\/revisions\/742"}],"wp:attachment":[{"href":"https:\/\/knjiznice.nsk.hr\/pregrada\/wp-json\/wp\/v2\/media?parent=739"}],"wp:term":[{"taxonomy":"category","embeddable":true,"href":"https:\/\/knjiznice.nsk.hr\/pregrada\/wp-json\/wp\/v2\/categories?post=739"},{"taxonomy":"post_tag","embeddable":true,"href":"https:\/\/knjiznice.nsk.hr\/pregrada\/wp-json\/wp\/v2\/tags?post=739"}],"curies":[{"name":"wp","href":"https:\/\/api.w.org\/{rel}","templated":true}]}}