{"id":730,"date":"2025-07-15T11:29:34","date_gmt":"2025-07-15T09:29:34","guid":{"rendered":"http:\/\/knjiznice.nsk.hr\/pregrada\/?p=730"},"modified":"2025-07-15T11:29:34","modified_gmt":"2025-07-15T09:29:34","slug":"dan-otvorenih-vrata-citateljskog-kluba-pregrada","status":"publish","type":"post","link":"https:\/\/knjiznice.nsk.hr\/pregrada\/2025\/07\/15\/dan-otvorenih-vrata-citateljskog-kluba-pregrada\/","title":{"rendered":"Dan otvorenih vrata \u010citateljskog kluba Pregrada"},"content":{"rendered":"<div class=\"x14z9mp xat24cr x1lziwak x1vvkbs xtlvy1s x126k92a\">\n<div dir=\"auto\">Svi ste nam dobrodo\u0161li &#8211; pro\u010ditana knjiga nije uvjet! <span class=\"html-span xexx8yu xyri2b x18d9i69 x1c1uobl x1hl2dhg x16tdsg8 x1vvkbs x3nfvp2 x1j61x8r x1fcty0u xdj266r xat24cr xm2jcoa x1mpyi22 xxymvpz xlup9mm x1kky2od\"><img loading=\"lazy\" class=\"xz74otr x15mokao x1ga7v0g x16uus16 xbiv7yw\" src=\"https:\/\/static.xx.fbcdn.net\/images\/emoji.php\/v9\/td2\/1\/16\/1f604.png\" alt=\"\ud83d\ude04\" width=\"16\" height=\"16\"><\/span><\/div>\n<\/div>\n<div class=\"x14z9mp xat24cr x1lziwak x1vvkbs xtlvy1s x126k92a\">\n<div dir=\"auto\">Nadamo se da \u0107e netko od vas biti na\u0161 budu\u0107i \u010dlan! <span class=\"html-span xexx8yu xyri2b x18d9i69 x1c1uobl x1hl2dhg x16tdsg8 x1vvkbs x3nfvp2 x1j61x8r x1fcty0u xdj266r xat24cr xm2jcoa x1mpyi22 xxymvpz xlup9mm x1kky2od\"><img loading=\"lazy\" class=\"xz74otr x15mokao x1ga7v0g x16uus16 xbiv7yw\" src=\"https:\/\/static.xx.fbcdn.net\/images\/emoji.php\/v9\/tb7\/1\/16\/1f917.png\" alt=\"\ud83e\udd17\" width=\"16\" height=\"16\"><\/span><\/div>\n<\/div>\n<div dir=\"auto\">\n<div class=\"xdj266r x14z9mp xat24cr x1lziwak x1vvkbs x126k92a\">\n<div dir=\"auto\"><span class=\"html-span xexx8yu xyri2b x18d9i69 x1c1uobl x1hl2dhg x16tdsg8 x1vvkbs x3nfvp2 x1j61x8r x1fcty0u xdj266r xat24cr xm2jcoa x1mpyi22 xxymvpz xlup9mm x1kky2od\"><img loading=\"lazy\" class=\"xz74otr x15mokao x1ga7v0g x16uus16 xbiv7yw\" src=\"https:\/\/static.xx.fbcdn.net\/images\/emoji.php\/v9\/t77\/1\/16\/203c.png\" alt=\"\u203c\ufe0f\" width=\"16\" height=\"16\"><\/span> PROMJENA MJESTA ODR\u017dAVANJA<\/div>\n<\/div>\n<div class=\"x14z9mp xat24cr x1lziwak x1vvkbs xtlvy1s x126k92a\">\n<div dir=\"auto\"><span class=\"html-span xexx8yu xyri2b x18d9i69 x1c1uobl x1hl2dhg x16tdsg8 x1vvkbs x3nfvp2 x1j61x8r x1fcty0u xdj266r xat24cr xm2jcoa x1mpyi22 xxymvpz xlup9mm x1kky2od\"><img loading=\"lazy\" class=\"xz74otr x15mokao x1ga7v0g x16uus16 xbiv7yw\" src=\"https:\/\/static.xx.fbcdn.net\/images\/emoji.php\/v9\/t22\/1\/16\/26c8.png\" alt=\"\u26c8\" width=\"16\" height=\"16\"><\/span>Zbog najave lo\u0161ih vremenskih prilika, Dan otvorenih vrata \u010citateljskog kluba odr\u017eat \u0107e se u Knji\u017enici u 19,00 sati!<\/div>\n<\/div>\n<div class=\"x14z9mp xat24cr x1lziwak x1vvkbs xtlvy1s x126k92a\">\n<div dir=\"auto\">U Parku knji\u017eevnika vidimo se nekom drugom prigodom <span class=\"html-span xexx8yu xyri2b x18d9i69 x1c1uobl x1hl2dhg x16tdsg8 x1vvkbs x3nfvp2 x1j61x8r x1fcty0u xdj266r xat24cr xm2jcoa x1mpyi22 xxymvpz xlup9mm x1kky2od\"><img loading=\"lazy\" class=\"xz74otr x15mokao x1ga7v0g x16uus16 xbiv7yw\" src=\"https:\/\/static.xx.fbcdn.net\/images\/emoji.php\/v9\/t7f\/1\/16\/1f60a.png\" alt=\"\ud83d\ude0a\" width=\"16\" height=\"16\"><\/span><\/div>\n<div dir=\"auto\">&nbsp;<\/div>\n<\/div>\n<div dir=\"auto\"><a href=\"http:\/\/knjiznice.nsk.hr\/pregrada\/2025\/07\/15\/dan-otvorenih-vrata-citateljskog-kluba-pregrada\/514341860_1195896929244260_3342959515809495503_n\/\" rel=\"attachment wp-att-731\"><img loading=\"lazy\" class=\"aligncenter size-large wp-image-731\" src=\"http:\/\/knjiznice.nsk.hr\/pregrada\/wp-content\/uploads\/sites\/99\/2025\/07\/514341860_1195896929244260_3342959515809495503_n-724x1024.jpg\" alt=\"\" width=\"724\" height=\"1024\" srcset=\"https:\/\/knjiznice.nsk.hr\/pregrada\/wp-content\/uploads\/sites\/99\/2025\/07\/514341860_1195896929244260_3342959515809495503_n-724x1024.jpg 724w, https:\/\/knjiznice.nsk.hr\/pregrada\/wp-content\/uploads\/sites\/99\/2025\/07\/514341860_1195896929244260_3342959515809495503_n-212x300.jpg 212w, https:\/\/knjiznice.nsk.hr\/pregrada\/wp-content\/uploads\/sites\/99\/2025\/07\/514341860_1195896929244260_3342959515809495503_n-768x1086.jpg 768w, https:\/\/knjiznice.nsk.hr\/pregrada\/wp-content\/uploads\/sites\/99\/2025\/07\/514341860_1195896929244260_3342959515809495503_n-600x849.jpg 600w, https:\/\/knjiznice.nsk.hr\/pregrada\/wp-content\/uploads\/sites\/99\/2025\/07\/514341860_1195896929244260_3342959515809495503_n-1086x1536.jpg 1086w, https:\/\/knjiznice.nsk.hr\/pregrada\/wp-content\/uploads\/sites\/99\/2025\/07\/514341860_1195896929244260_3342959515809495503_n.jpg 1448w\" sizes=\"(max-width: 724px) 100vw, 724px\" \/><\/a><\/div>\n<\/div>\n","protected":false},"excerpt":{"rendered":"<p>Svi ste nam dobrodo\u0161li &#8211; pro\u010ditana knjiga nije uvjet! Nadamo se da \u0107e netko od vas biti na\u0161 budu\u0107i \u010dlan! PROMJENA MJESTA ODR\u017dAVANJA Zbog najave lo\u0161ih vremenskih prilika, Dan otvorenih vrata \u010citateljskog kluba odr\u017eat \u0107e se u Knji\u017enici u 19,00 sati! U Parku knji\u017eevnika vidimo se nekom drugom prigodom &nbsp;<\/p>\n","protected":false},"author":169,"featured_media":0,"comment_status":"closed","ping_status":"closed","sticky":false,"template":"","format":"standard","meta":{"ngg_post_thumbnail":0},"categories":[1],"tags":[],"yoast_head":"<!-- This site is optimized with the Yoast SEO plugin v16.4 - https:\/\/yoast.com\/wordpress\/plugins\/seo\/ -->\n<meta name=\"robots\" content=\"index, follow, max-snippet:-1, max-image-preview:large, max-video-preview:-1\" \/>\n<link rel=\"canonical\" href=\"http:\/\/knjiznice.nsk.hr\/pregrada\/2025\/07\/15\/dan-otvorenih-vrata-citateljskog-kluba-pregrada\/\" \/>\n<meta property=\"og:locale\" content=\"hr_HR\" \/>\n<meta property=\"og:type\" content=\"article\" \/>\n<meta property=\"og:title\" content=\"Dan otvorenih vrata \u010citateljskog kluba Pregrada - Gradska knji\u017enica Pregrada\" \/>\n<meta property=\"og:description\" content=\"Svi ste nam dobrodo\u0161li &#8211; pro\u010ditana knjiga nije uvjet! Nadamo se da \u0107e netko od vas biti na\u0161 budu\u0107i \u010dlan! PROMJENA MJESTA ODR\u017dAVANJA Zbog najave lo\u0161ih vremenskih prilika, Dan otvorenih vrata \u010citateljskog kluba odr\u017eat \u0107e se u Knji\u017enici u 19,00 sati! U Parku knji\u017eevnika vidimo se nekom drugom prigodom &nbsp;\" \/>\n<meta property=\"og:url\" content=\"http:\/\/knjiznice.nsk.hr\/pregrada\/2025\/07\/15\/dan-otvorenih-vrata-citateljskog-kluba-pregrada\/\" \/>\n<meta property=\"og:site_name\" content=\"Gradska knji\u017enica Pregrada\" \/>\n<meta property=\"article:published_time\" content=\"2025-07-15T09:29:34+00:00\" \/>\n<meta property=\"og:image\" content=\"https:\/\/static.xx.fbcdn.net\/images\/emoji.php\/v9\/td2\/1\/16\/1f604.png\" \/>\n<meta name=\"twitter:card\" content=\"summary_large_image\" \/>\n<meta name=\"twitter:label1\" content=\"Procijenjeno vrijeme \u010ditanja\" \/>\n\t<meta name=\"twitter:data1\" content=\"2 minute\" \/>\n<script type=\"application\/ld+json\" class=\"yoast-schema-graph\">{\"@context\":\"https:\/\/schema.org\",\"@graph\":[{\"@type\":\"WebSite\",\"@id\":\"https:\/\/knjiznice.nsk.hr\/pregrada\/#website\",\"url\":\"https:\/\/knjiznice.nsk.hr\/pregrada\/\",\"name\":\"Gradska knji\\u017enica Pregrada\",\"description\":\"\",\"potentialAction\":[{\"@type\":\"SearchAction\",\"target\":\"https:\/\/knjiznice.nsk.hr\/pregrada\/?s={search_term_string}\",\"query-input\":\"required name=search_term_string\"}],\"inLanguage\":\"hr\"},{\"@type\":\"ImageObject\",\"@id\":\"http:\/\/knjiznice.nsk.hr\/pregrada\/2025\/07\/15\/dan-otvorenih-vrata-citateljskog-kluba-pregrada\/#primaryimage\",\"inLanguage\":\"hr\",\"url\":\"https:\/\/static.xx.fbcdn.net\/images\/emoji.php\/v9\/td2\/1\/16\/1f604.png\",\"contentUrl\":\"https:\/\/static.xx.fbcdn.net\/images\/emoji.php\/v9\/td2\/1\/16\/1f604.png\"},{\"@type\":\"WebPage\",\"@id\":\"http:\/\/knjiznice.nsk.hr\/pregrada\/2025\/07\/15\/dan-otvorenih-vrata-citateljskog-kluba-pregrada\/#webpage\",\"url\":\"http:\/\/knjiznice.nsk.hr\/pregrada\/2025\/07\/15\/dan-otvorenih-vrata-citateljskog-kluba-pregrada\/\",\"name\":\"Dan otvorenih vrata \\u010citateljskog kluba Pregrada - Gradska knji\\u017enica Pregrada\",\"isPartOf\":{\"@id\":\"https:\/\/knjiznice.nsk.hr\/pregrada\/#website\"},\"primaryImageOfPage\":{\"@id\":\"http:\/\/knjiznice.nsk.hr\/pregrada\/2025\/07\/15\/dan-otvorenih-vrata-citateljskog-kluba-pregrada\/#primaryimage\"},\"datePublished\":\"2025-07-15T09:29:34+00:00\",\"dateModified\":\"2025-07-15T09:29:34+00:00\",\"author\":{\"@id\":\"https:\/\/knjiznice.nsk.hr\/pregrada\/#\/schema\/person\/ea70a51919d7099398216bbfcd44e5f8\"},\"breadcrumb\":{\"@id\":\"http:\/\/knjiznice.nsk.hr\/pregrada\/2025\/07\/15\/dan-otvorenih-vrata-citateljskog-kluba-pregrada\/#breadcrumb\"},\"inLanguage\":\"hr\",\"potentialAction\":[{\"@type\":\"ReadAction\",\"target\":[\"http:\/\/knjiznice.nsk.hr\/pregrada\/2025\/07\/15\/dan-otvorenih-vrata-citateljskog-kluba-pregrada\/\"]}]},{\"@type\":\"BreadcrumbList\",\"@id\":\"http:\/\/knjiznice.nsk.hr\/pregrada\/2025\/07\/15\/dan-otvorenih-vrata-citateljskog-kluba-pregrada\/#breadcrumb\",\"itemListElement\":[{\"@type\":\"ListItem\",\"position\":1,\"item\":{\"@type\":\"WebPage\",\"@id\":\"https:\/\/knjiznice.nsk.hr\/pregrada\/\",\"url\":\"https:\/\/knjiznice.nsk.hr\/pregrada\/\",\"name\":\"Po\\u010detna stranica\"}},{\"@type\":\"ListItem\",\"position\":2,\"item\":{\"@id\":\"http:\/\/knjiznice.nsk.hr\/pregrada\/2025\/07\/15\/dan-otvorenih-vrata-citateljskog-kluba-pregrada\/#webpage\"}}]},{\"@type\":\"Person\",\"@id\":\"https:\/\/knjiznice.nsk.hr\/pregrada\/#\/schema\/person\/ea70a51919d7099398216bbfcd44e5f8\",\"name\":\"GKP\",\"image\":{\"@type\":\"ImageObject\",\"@id\":\"https:\/\/knjiznice.nsk.hr\/pregrada\/#personlogo\",\"inLanguage\":\"hr\",\"url\":\"https:\/\/secure.gravatar.com\/avatar\/9dd824301c6b700776ea728699cb6401?s=96&d=mm&r=g\",\"contentUrl\":\"https:\/\/secure.gravatar.com\/avatar\/9dd824301c6b700776ea728699cb6401?s=96&d=mm&r=g\",\"caption\":\"GKP\"},\"url\":\"https:\/\/knjiznice.nsk.hr\/pregrada\/\"}]}<\/script>\n<!-- \/ Yoast SEO plugin. -->","_links":{"self":[{"href":"https:\/\/knjiznice.nsk.hr\/pregrada\/wp-json\/wp\/v2\/posts\/730"}],"collection":[{"href":"https:\/\/knjiznice.nsk.hr\/pregrada\/wp-json\/wp\/v2\/posts"}],"about":[{"href":"https:\/\/knjiznice.nsk.hr\/pregrada\/wp-json\/wp\/v2\/types\/post"}],"author":[{"embeddable":true,"href":"https:\/\/knjiznice.nsk.hr\/pregrada\/wp-json\/wp\/v2\/users\/169"}],"replies":[{"embeddable":true,"href":"https:\/\/knjiznice.nsk.hr\/pregrada\/wp-json\/wp\/v2\/comments?post=730"}],"version-history":[{"count":2,"href":"https:\/\/knjiznice.nsk.hr\/pregrada\/wp-json\/wp\/v2\/posts\/730\/revisions"}],"predecessor-version":[{"id":733,"href":"https:\/\/knjiznice.nsk.hr\/pregrada\/wp-json\/wp\/v2\/posts\/730\/revisions\/733"}],"wp:attachment":[{"href":"https:\/\/knjiznice.nsk.hr\/pregrada\/wp-json\/wp\/v2\/media?parent=730"}],"wp:term":[{"taxonomy":"category","embeddable":true,"href":"https:\/\/knjiznice.nsk.hr\/pregrada\/wp-json\/wp\/v2\/categories?post=730"},{"taxonomy":"post_tag","embeddable":true,"href":"https:\/\/knjiznice.nsk.hr\/pregrada\/wp-json\/wp\/v2\/tags?post=730"}],"curies":[{"name":"wp","href":"https:\/\/api.w.org\/{rel}","templated":true}]}}