{"id":698,"date":"2025-04-15T12:17:50","date_gmt":"2025-04-15T10:17:50","guid":{"rendered":"http:\/\/knjiznice.nsk.hr\/pregrada\/?p=698"},"modified":"2025-04-15T12:17:50","modified_gmt":"2025-04-15T10:17:50","slug":"predstavljanje-knjige-danijele-martinovic-tusiranje-duse","status":"publish","type":"post","link":"https:\/\/knjiznice.nsk.hr\/pregrada\/2025\/04\/15\/predstavljanje-knjige-danijele-martinovic-tusiranje-duse\/","title":{"rendered":"Predstavljanje knjige Danijele Martinovi\u0107 &#8220;Tu\u0161iranje du\u0161e&#8221;"},"content":{"rendered":"<div class=\"xdj266r x11i5rnm xat24cr x1mh8g0r x1vvkbs x126k92a\">\n<div dir=\"auto\">Povodom manifestacija \u201eNo\u0107 knjige\u201c i \u201eProlje\u0107e u Pregradi\u201c pozivamo vas da nam se pridru\u017eite na predstavljanju autobiografske knjige autorice i pjeva\u010dice Danijele Martinovi\u0107 \u201eTu\u0161iranje du\u0161e\u201c <span class=\"html-span xexx8yu x4uap5 x18d9i69 xkhd6sd x1hl2dhg x16tdsg8 x1vvkbs x3nfvp2 x1j61x8r x1fcty0u xdj266r xat24cr xgzva0m xhhsvwb xxymvpz xlup9mm x1kky2od\"><img loading=\"lazy\" class=\"xz74otr x168nmei x13lgxp2 x5pf9jr xo71vjh\" src=\"https:\/\/static.xx.fbcdn.net\/images\/emoji.php\/v9\/tf4\/1\/16\/2728.png\" alt=\"\u2728\" width=\"16\" height=\"16\"><\/span><\/div>\n<div dir=\"auto\">&nbsp;<\/div>\n<\/div>\n<div class=\"x11i5rnm xat24cr x1mh8g0r x1vvkbs xtlvy1s x126k92a\">\n<div dir=\"auto\"><span class=\"html-span xexx8yu x4uap5 x18d9i69 xkhd6sd x1hl2dhg x16tdsg8 x1vvkbs x3nfvp2 x1j61x8r x1fcty0u xdj266r xat24cr xgzva0m xhhsvwb xxymvpz xlup9mm x1kky2od\"><img loading=\"lazy\" class=\"xz74otr x168nmei x13lgxp2 x5pf9jr xo71vjh\" src=\"https:\/\/static.xx.fbcdn.net\/images\/emoji.php\/v9\/t5c\/1\/16\/1f5d3.png\" alt=\"\ud83d\uddd3\" width=\"16\" height=\"16\"><\/span> Srijeda, 23.4.2025.<\/div>\n<div dir=\"auto\"><span class=\"html-span xexx8yu x4uap5 x18d9i69 xkhd6sd x1hl2dhg x16tdsg8 x1vvkbs x3nfvp2 x1j61x8r x1fcty0u xdj266r xat24cr xgzva0m xhhsvwb xxymvpz xlup9mm x1kky2od\"><img loading=\"lazy\" class=\"xz74otr x168nmei x13lgxp2 x5pf9jr xo71vjh\" src=\"https:\/\/static.xx.fbcdn.net\/images\/emoji.php\/v9\/t2d\/1\/16\/1f555.png\" alt=\"\ud83d\udd55\" width=\"16\" height=\"16\"><\/span>18,00 sati<\/div>\n<div dir=\"auto\"><span class=\"html-span xexx8yu x4uap5 x18d9i69 xkhd6sd x1hl2dhg x16tdsg8 x1vvkbs x3nfvp2 x1j61x8r x1fcty0u xdj266r xat24cr xgzva0m xhhsvwb xxymvpz xlup9mm x1kky2od\"><img loading=\"lazy\" class=\"xz74otr x168nmei x13lgxp2 x5pf9jr xo71vjh\" src=\"https:\/\/static.xx.fbcdn.net\/images\/emoji.php\/v9\/t2d\/1\/16\/1f4cd.png\" alt=\"\ud83d\udccd\" width=\"16\" height=\"16\"><\/span>Gradska knji\u017enica Pregrada<\/div>\n<div dir=\"auto\">&nbsp;<\/div>\n<\/div>\n<div class=\"x11i5rnm xat24cr x1mh8g0r x1vvkbs xtlvy1s x126k92a\">\n<div dir=\"auto\">Zbog ograni\u010denog broja mjesta, molimo vas da besplatne ulaznice preuzmete u Knji\u017enici do petka 18.4.2025. <span class=\"html-span xexx8yu x4uap5 x18d9i69 xkhd6sd x1hl2dhg x16tdsg8 x1vvkbs x3nfvp2 x1j61x8r x1fcty0u xdj266r xat24cr xgzva0m xhhsvwb xxymvpz xlup9mm x1kky2od\"><img loading=\"lazy\" class=\"xz74otr x168nmei x13lgxp2 x5pf9jr xo71vjh\" src=\"https:\/\/static.xx.fbcdn.net\/images\/emoji.php\/v9\/t77\/1\/16\/203c.png\" alt=\"\u203c\ufe0f\" width=\"16\" height=\"16\"><\/span><\/div>\n<\/div>\n<p>&nbsp;<\/p>\n<p><a href=\"http:\/\/knjiznice.nsk.hr\/pregrada\/2025\/04\/15\/predstavljanje-knjige-danijele-martinovic-tusiranje-duse\/danijela_gkp_pozivnica\/\" rel=\"attachment wp-att-699\"><img loading=\"lazy\" class=\"aligncenter size-large wp-image-699\" src=\"http:\/\/knjiznice.nsk.hr\/pregrada\/wp-content\/uploads\/sites\/99\/2025\/04\/Danijela_GKP_pozivnica-819x1024.png\" alt=\"\" width=\"819\" height=\"1024\" srcset=\"https:\/\/knjiznice.nsk.hr\/pregrada\/wp-content\/uploads\/sites\/99\/2025\/04\/Danijela_GKP_pozivnica-819x1024.png 819w, https:\/\/knjiznice.nsk.hr\/pregrada\/wp-content\/uploads\/sites\/99\/2025\/04\/Danijela_GKP_pozivnica-240x300.png 240w, https:\/\/knjiznice.nsk.hr\/pregrada\/wp-content\/uploads\/sites\/99\/2025\/04\/Danijela_GKP_pozivnica-768x960.png 768w, https:\/\/knjiznice.nsk.hr\/pregrada\/wp-content\/uploads\/sites\/99\/2025\/04\/Danijela_GKP_pozivnica-600x750.png 600w, https:\/\/knjiznice.nsk.hr\/pregrada\/wp-content\/uploads\/sites\/99\/2025\/04\/Danijela_GKP_pozivnica.png 1080w\" sizes=\"(max-width: 819px) 100vw, 819px\" \/><\/a><\/p>\n","protected":false},"excerpt":{"rendered":"<p>Povodom manifestacija \u201eNo\u0107 knjige\u201c i \u201eProlje\u0107e u Pregradi\u201c pozivamo vas da nam se pridru\u017eite na predstavljanju autobiografske knjige autorice i pjeva\u010dice Danijele Martinovi\u0107 \u201eTu\u0161iranje du\u0161e\u201c &nbsp; Srijeda, 23.4.2025. 18,00 sati Gradska knji\u017enica Pregrada &nbsp; Zbog ograni\u010denog broja mjesta, molimo vas da besplatne ulaznice preuzmete u Knji\u017enici do petka 18.4.2025. &nbsp;<\/p>\n","protected":false},"author":169,"featured_media":0,"comment_status":"closed","ping_status":"closed","sticky":false,"template":"","format":"standard","meta":{"ngg_post_thumbnail":0},"categories":[1],"tags":[],"yoast_head":"<!-- This site is optimized with the Yoast SEO plugin v16.4 - https:\/\/yoast.com\/wordpress\/plugins\/seo\/ -->\n<meta name=\"robots\" content=\"index, follow, max-snippet:-1, max-image-preview:large, max-video-preview:-1\" \/>\n<link rel=\"canonical\" href=\"https:\/\/knjiznice.nsk.hr\/pregrada\/2025\/04\/15\/predstavljanje-knjige-danijele-martinovic-tusiranje-duse\/\" \/>\n<meta property=\"og:locale\" content=\"hr_HR\" \/>\n<meta property=\"og:type\" content=\"article\" \/>\n<meta property=\"og:title\" content=\"Predstavljanje knjige Danijele Martinovi\u0107 &quot;Tu\u0161iranje du\u0161e&quot; - Gradska knji\u017enica Pregrada\" \/>\n<meta property=\"og:description\" content=\"Povodom manifestacija \u201eNo\u0107 knjige\u201c i \u201eProlje\u0107e u Pregradi\u201c pozivamo vas da nam se pridru\u017eite na predstavljanju autobiografske knjige autorice i pjeva\u010dice Danijele Martinovi\u0107 \u201eTu\u0161iranje du\u0161e\u201c &nbsp; Srijeda, 23.4.2025. 18,00 sati Gradska knji\u017enica Pregrada &nbsp; Zbog ograni\u010denog broja mjesta, molimo vas da besplatne ulaznice preuzmete u Knji\u017enici do petka 18.4.2025. &nbsp;\" \/>\n<meta property=\"og:url\" content=\"https:\/\/knjiznice.nsk.hr\/pregrada\/2025\/04\/15\/predstavljanje-knjige-danijele-martinovic-tusiranje-duse\/\" \/>\n<meta property=\"og:site_name\" content=\"Gradska knji\u017enica Pregrada\" \/>\n<meta property=\"article:published_time\" content=\"2025-04-15T10:17:50+00:00\" \/>\n<meta property=\"og:image\" content=\"https:\/\/static.xx.fbcdn.net\/images\/emoji.php\/v9\/tf4\/1\/16\/2728.png\" \/>\n<meta name=\"twitter:card\" content=\"summary_large_image\" \/>\n<meta name=\"twitter:label1\" content=\"Procijenjeno vrijeme \u010ditanja\" \/>\n\t<meta name=\"twitter:data1\" content=\"2 minute\" \/>\n<script type=\"application\/ld+json\" class=\"yoast-schema-graph\">{\"@context\":\"https:\/\/schema.org\",\"@graph\":[{\"@type\":\"WebSite\",\"@id\":\"https:\/\/knjiznice.nsk.hr\/pregrada\/#website\",\"url\":\"https:\/\/knjiznice.nsk.hr\/pregrada\/\",\"name\":\"Gradska knji\\u017enica Pregrada\",\"description\":\"\",\"potentialAction\":[{\"@type\":\"SearchAction\",\"target\":\"https:\/\/knjiznice.nsk.hr\/pregrada\/?s={search_term_string}\",\"query-input\":\"required name=search_term_string\"}],\"inLanguage\":\"hr\"},{\"@type\":\"ImageObject\",\"@id\":\"https:\/\/knjiznice.nsk.hr\/pregrada\/2025\/04\/15\/predstavljanje-knjige-danijele-martinovic-tusiranje-duse\/#primaryimage\",\"inLanguage\":\"hr\",\"url\":\"https:\/\/static.xx.fbcdn.net\/images\/emoji.php\/v9\/tf4\/1\/16\/2728.png\",\"contentUrl\":\"https:\/\/static.xx.fbcdn.net\/images\/emoji.php\/v9\/tf4\/1\/16\/2728.png\"},{\"@type\":\"WebPage\",\"@id\":\"https:\/\/knjiznice.nsk.hr\/pregrada\/2025\/04\/15\/predstavljanje-knjige-danijele-martinovic-tusiranje-duse\/#webpage\",\"url\":\"https:\/\/knjiznice.nsk.hr\/pregrada\/2025\/04\/15\/predstavljanje-knjige-danijele-martinovic-tusiranje-duse\/\",\"name\":\"Predstavljanje knjige Danijele Martinovi\\u0107 \\\"Tu\\u0161iranje du\\u0161e\\\" - Gradska knji\\u017enica Pregrada\",\"isPartOf\":{\"@id\":\"https:\/\/knjiznice.nsk.hr\/pregrada\/#website\"},\"primaryImageOfPage\":{\"@id\":\"https:\/\/knjiznice.nsk.hr\/pregrada\/2025\/04\/15\/predstavljanje-knjige-danijele-martinovic-tusiranje-duse\/#primaryimage\"},\"datePublished\":\"2025-04-15T10:17:50+00:00\",\"dateModified\":\"2025-04-15T10:17:50+00:00\",\"author\":{\"@id\":\"https:\/\/knjiznice.nsk.hr\/pregrada\/#\/schema\/person\/ea70a51919d7099398216bbfcd44e5f8\"},\"breadcrumb\":{\"@id\":\"https:\/\/knjiznice.nsk.hr\/pregrada\/2025\/04\/15\/predstavljanje-knjige-danijele-martinovic-tusiranje-duse\/#breadcrumb\"},\"inLanguage\":\"hr\",\"potentialAction\":[{\"@type\":\"ReadAction\",\"target\":[\"https:\/\/knjiznice.nsk.hr\/pregrada\/2025\/04\/15\/predstavljanje-knjige-danijele-martinovic-tusiranje-duse\/\"]}]},{\"@type\":\"BreadcrumbList\",\"@id\":\"https:\/\/knjiznice.nsk.hr\/pregrada\/2025\/04\/15\/predstavljanje-knjige-danijele-martinovic-tusiranje-duse\/#breadcrumb\",\"itemListElement\":[{\"@type\":\"ListItem\",\"position\":1,\"item\":{\"@type\":\"WebPage\",\"@id\":\"https:\/\/knjiznice.nsk.hr\/pregrada\/\",\"url\":\"https:\/\/knjiznice.nsk.hr\/pregrada\/\",\"name\":\"Po\\u010detna stranica\"}},{\"@type\":\"ListItem\",\"position\":2,\"item\":{\"@id\":\"https:\/\/knjiznice.nsk.hr\/pregrada\/2025\/04\/15\/predstavljanje-knjige-danijele-martinovic-tusiranje-duse\/#webpage\"}}]},{\"@type\":\"Person\",\"@id\":\"https:\/\/knjiznice.nsk.hr\/pregrada\/#\/schema\/person\/ea70a51919d7099398216bbfcd44e5f8\",\"name\":\"GKP\",\"image\":{\"@type\":\"ImageObject\",\"@id\":\"https:\/\/knjiznice.nsk.hr\/pregrada\/#personlogo\",\"inLanguage\":\"hr\",\"url\":\"https:\/\/secure.gravatar.com\/avatar\/9dd824301c6b700776ea728699cb6401?s=96&d=mm&r=g\",\"contentUrl\":\"https:\/\/secure.gravatar.com\/avatar\/9dd824301c6b700776ea728699cb6401?s=96&d=mm&r=g\",\"caption\":\"GKP\"},\"url\":\"https:\/\/knjiznice.nsk.hr\/pregrada\/\"}]}<\/script>\n<!-- \/ Yoast SEO plugin. -->","_links":{"self":[{"href":"https:\/\/knjiznice.nsk.hr\/pregrada\/wp-json\/wp\/v2\/posts\/698"}],"collection":[{"href":"https:\/\/knjiznice.nsk.hr\/pregrada\/wp-json\/wp\/v2\/posts"}],"about":[{"href":"https:\/\/knjiznice.nsk.hr\/pregrada\/wp-json\/wp\/v2\/types\/post"}],"author":[{"embeddable":true,"href":"https:\/\/knjiznice.nsk.hr\/pregrada\/wp-json\/wp\/v2\/users\/169"}],"replies":[{"embeddable":true,"href":"https:\/\/knjiznice.nsk.hr\/pregrada\/wp-json\/wp\/v2\/comments?post=698"}],"version-history":[{"count":2,"href":"https:\/\/knjiznice.nsk.hr\/pregrada\/wp-json\/wp\/v2\/posts\/698\/revisions"}],"predecessor-version":[{"id":702,"href":"https:\/\/knjiznice.nsk.hr\/pregrada\/wp-json\/wp\/v2\/posts\/698\/revisions\/702"}],"wp:attachment":[{"href":"https:\/\/knjiznice.nsk.hr\/pregrada\/wp-json\/wp\/v2\/media?parent=698"}],"wp:term":[{"taxonomy":"category","embeddable":true,"href":"https:\/\/knjiznice.nsk.hr\/pregrada\/wp-json\/wp\/v2\/categories?post=698"},{"taxonomy":"post_tag","embeddable":true,"href":"https:\/\/knjiznice.nsk.hr\/pregrada\/wp-json\/wp\/v2\/tags?post=698"}],"curies":[{"name":"wp","href":"https:\/\/api.w.org\/{rel}","templated":true}]}}