{"id":592,"date":"2024-04-19T09:25:28","date_gmt":"2024-04-19T07:25:28","guid":{"rendered":"http:\/\/knjiznice.nsk.hr\/pregrada\/?p=592"},"modified":"2024-04-19T09:25:29","modified_gmt":"2024-04-19T07:25:29","slug":"noc-knjige-u-gradskoj-knjiznici-pregrada","status":"publish","type":"post","link":"https:\/\/knjiznice.nsk.hr\/pregrada\/2024\/04\/19\/noc-knjige-u-gradskoj-knjiznici-pregrada\/","title":{"rendered":"No\u0107 knjige u Gradskoj knji\u017enici Pregrada"},"content":{"rendered":"<div class=\"xdj266r x11i5rnm xat24cr x1mh8g0r x1vvkbs x126k92a\">\n<div dir=\"auto\">Povodom manifestacije &#8220;No\u0107 knjige&#8221;, podsje\u0107amo vas i jo\u0161 jednom pozivamo da nam se pridru\u017eite na na\u0161im programima:<\/div>\n<div dir=\"auto\">&nbsp;<\/div>\n<\/div>\n<div class=\"x11i5rnm xat24cr x1mh8g0r x1vvkbs xtlvy1s x126k92a\">\n<div dir=\"auto\"><span class=\"x3nfvp2 x1j61x8r x1fcty0u xdj266r xhhsvwb xat24cr xgzva0m xxymvpz xlup9mm x1kky2od\"><img loading=\"lazy\" class=\"xz74otr\" src=\"https:\/\/static.xx.fbcdn.net\/images\/emoji.php\/v9\/t4c\/1\/16\/25aa.png\" alt=\"\u25aa\ufe0f\" width=\"16\" height=\"16\"><\/span> Predavanje i predstavljanje knjige Penja\u010devi zapisi, utorak, 23.4.2024. u 19,00 sati. Na\u0161 je gost autor Stipe Bo\u017ei\u0107. Program organiziramo u suradnji s HPD Kunagora! <span class=\"x3nfvp2 x1j61x8r x1fcty0u xdj266r xhhsvwb xat24cr xgzva0m xxymvpz xlup9mm x1kky2od\"><img loading=\"lazy\" class=\"xz74otr\" src=\"https:\/\/static.xx.fbcdn.net\/images\/emoji.php\/v9\/t5b\/1\/16\/1f3d4.png\" alt=\"\ud83c\udfd4\" width=\"16\" height=\"16\"><\/span><\/div>\n<div dir=\"auto\">&nbsp;<\/div>\n<\/div>\n<div class=\"x11i5rnm xat24cr x1mh8g0r x1vvkbs xtlvy1s x126k92a\">\n<div dir=\"auto\"><span class=\"x3nfvp2 x1j61x8r x1fcty0u xdj266r xhhsvwb xat24cr xgzva0m xxymvpz xlup9mm x1kky2od\"><img loading=\"lazy\" class=\"xz74otr\" src=\"https:\/\/static.xx.fbcdn.net\/images\/emoji.php\/v9\/t4c\/1\/16\/25aa.png\" alt=\"\u25aa\ufe0f\" width=\"16\" height=\"16\"><\/span> Izlo\u017eba zajedni\u010dkih radova roditelja i djece skupine Je\u017ei\u0107i 2022.\/2023. u sklopu projekta &#8220;Mali znanstvenici&#8221; DV Masla\u010dak Krapinske Toplice (odgojiteljice skupine Iva Belo\u0161evi\u0107 Petek i Tea Kos). Izlo\u017eba ostaje otvorena do 26.4.2024. <span class=\"x3nfvp2 x1j61x8r x1fcty0u xdj266r xhhsvwb xat24cr xgzva0m xxymvpz xlup9mm x1kky2od\"><img loading=\"lazy\" class=\"xz74otr\" src=\"https:\/\/static.xx.fbcdn.net\/images\/emoji.php\/v9\/t8d\/1\/16\/1f467.png\" alt=\"\ud83d\udc67\" width=\"16\" height=\"16\"><\/span><span class=\"x3nfvp2 x1j61x8r x1fcty0u xdj266r xhhsvwb xat24cr xgzva0m xxymvpz xlup9mm x1kky2od\"><img loading=\"lazy\" class=\"xz74otr\" src=\"https:\/\/static.xx.fbcdn.net\/images\/emoji.php\/v9\/tc\/1\/16\/1f466.png\" alt=\"\ud83d\udc66\" width=\"16\" height=\"16\"><\/span><\/div>\n<div dir=\"auto\">&nbsp;<\/div>\n<\/div>\n<div class=\"x11i5rnm xat24cr x1mh8g0r x1vvkbs xtlvy1s x126k92a\">\n<div dir=\"auto\">Pridru\u017eite nam se! <span class=\"x3nfvp2 x1j61x8r x1fcty0u xdj266r xhhsvwb xat24cr xgzva0m xxymvpz xlup9mm x1kky2od\"><img loading=\"lazy\" class=\"xz74otr\" src=\"https:\/\/static.xx.fbcdn.net\/images\/emoji.php\/v9\/t4f\/1\/16\/1f601.png\" alt=\"\ud83d\ude01\" width=\"16\" height=\"16\"><\/span><\/div>\n<\/div>\n<div dir=\"auto\">&nbsp;<\/div>\n<div dir=\"auto\"><a href=\"http:\/\/knjiznice.nsk.hr\/pregrada\/2024\/04\/19\/noc-knjige-u-gradskoj-knjiznici-pregrada\/1080x10802-3\/\" rel=\"attachment wp-att-598\"><img loading=\"lazy\" class=\"wp-image-598 alignleft\" src=\"http:\/\/knjiznice.nsk.hr\/pregrada\/wp-content\/uploads\/sites\/99\/2024\/04\/1080x10802-2-1024x1024.jpg\" alt=\"\" width=\"463\" height=\"463\" srcset=\"https:\/\/knjiznice.nsk.hr\/pregrada\/wp-content\/uploads\/sites\/99\/2024\/04\/1080x10802-2-1024x1024.jpg 1024w, https:\/\/knjiznice.nsk.hr\/pregrada\/wp-content\/uploads\/sites\/99\/2024\/04\/1080x10802-2-300x300.jpg 300w, https:\/\/knjiznice.nsk.hr\/pregrada\/wp-content\/uploads\/sites\/99\/2024\/04\/1080x10802-2-150x150.jpg 150w, https:\/\/knjiznice.nsk.hr\/pregrada\/wp-content\/uploads\/sites\/99\/2024\/04\/1080x10802-2-768x768.jpg 768w, https:\/\/knjiznice.nsk.hr\/pregrada\/wp-content\/uploads\/sites\/99\/2024\/04\/1080x10802-2-600x600.jpg 600w, https:\/\/knjiznice.nsk.hr\/pregrada\/wp-content\/uploads\/sites\/99\/2024\/04\/1080x10802-2-100x100.jpg 100w, https:\/\/knjiznice.nsk.hr\/pregrada\/wp-content\/uploads\/sites\/99\/2024\/04\/1080x10802-2.jpg 1080w\" sizes=\"(max-width: 463px) 100vw, 463px\" \/><\/a> <img loading=\"lazy\" class=\"wp-image-599 alignright\" src=\"http:\/\/knjiznice.nsk.hr\/pregrada\/wp-content\/uploads\/sites\/99\/2024\/04\/stipe-bozic_GKP-2-1024x1024.png\" alt=\"\" width=\"461\" height=\"461\" srcset=\"https:\/\/knjiznice.nsk.hr\/pregrada\/wp-content\/uploads\/sites\/99\/2024\/04\/stipe-bozic_GKP-2-1024x1024.png 1024w, https:\/\/knjiznice.nsk.hr\/pregrada\/wp-content\/uploads\/sites\/99\/2024\/04\/stipe-bozic_GKP-2-300x300.png 300w, https:\/\/knjiznice.nsk.hr\/pregrada\/wp-content\/uploads\/sites\/99\/2024\/04\/stipe-bozic_GKP-2-150x150.png 150w, https:\/\/knjiznice.nsk.hr\/pregrada\/wp-content\/uploads\/sites\/99\/2024\/04\/stipe-bozic_GKP-2-768x768.png 768w, https:\/\/knjiznice.nsk.hr\/pregrada\/wp-content\/uploads\/sites\/99\/2024\/04\/stipe-bozic_GKP-2-600x600.png 600w, https:\/\/knjiznice.nsk.hr\/pregrada\/wp-content\/uploads\/sites\/99\/2024\/04\/stipe-bozic_GKP-2-100x100.png 100w, https:\/\/knjiznice.nsk.hr\/pregrada\/wp-content\/uploads\/sites\/99\/2024\/04\/stipe-bozic_GKP-2.png 1080w\" sizes=\"(max-width: 461px) 100vw, 461px\" \/><a href=\"http:\/\/knjiznice.nsk.hr\/pregrada\/2024\/04\/19\/noc-knjige-u-gradskoj-knjiznici-pregrada\/web_izlozba\/\" rel=\"attachment wp-att-597\"><img loading=\"lazy\" class=\"wp-image-597 alignnone\" src=\"http:\/\/knjiznice.nsk.hr\/pregrada\/wp-content\/uploads\/sites\/99\/2024\/04\/Web_izlozba.png\" alt=\"\" width=\"490\" height=\"561\" srcset=\"https:\/\/knjiznice.nsk.hr\/pregrada\/wp-content\/uploads\/sites\/99\/2024\/04\/Web_izlozba.png 821w, https:\/\/knjiznice.nsk.hr\/pregrada\/wp-content\/uploads\/sites\/99\/2024\/04\/Web_izlozba-262x300.png 262w, https:\/\/knjiznice.nsk.hr\/pregrada\/wp-content\/uploads\/sites\/99\/2024\/04\/Web_izlozba-768x879.png 768w, https:\/\/knjiznice.nsk.hr\/pregrada\/wp-content\/uploads\/sites\/99\/2024\/04\/Web_izlozba-600x687.png 600w\" sizes=\"(max-width: 490px) 100vw, 490px\" \/><\/a><\/div>\n<p>&nbsp;<\/p>\n","protected":false},"excerpt":{"rendered":"<p>Povodom manifestacije &#8220;No\u0107 knjige&#8221;, podsje\u0107amo vas i jo\u0161 jednom pozivamo da nam se pridru\u017eite na na\u0161im programima: &nbsp; Predavanje i predstavljanje knjige Penja\u010devi zapisi, utorak, 23.4.2024. u 19,00 sati. Na\u0161 je gost autor Stipe Bo\u017ei\u0107. Program organiziramo u suradnji s HPD Kunagora! &nbsp; Izlo\u017eba zajedni\u010dkih radova roditelja i djece skupine Je\u017ei\u0107i 2022.\/2023. u sklopu projekta [&hellip;]<\/p>\n","protected":false},"author":169,"featured_media":0,"comment_status":"closed","ping_status":"closed","sticky":false,"template":"","format":"standard","meta":{"ngg_post_thumbnail":0},"categories":[1],"tags":[],"yoast_head":"<!-- This site is optimized with the Yoast SEO plugin v16.4 - https:\/\/yoast.com\/wordpress\/plugins\/seo\/ -->\n<meta name=\"robots\" content=\"index, follow, max-snippet:-1, max-image-preview:large, max-video-preview:-1\" \/>\n<link rel=\"canonical\" href=\"https:\/\/knjiznice.nsk.hr\/pregrada\/2024\/04\/19\/noc-knjige-u-gradskoj-knjiznici-pregrada\/\" \/>\n<meta property=\"og:locale\" content=\"hr_HR\" \/>\n<meta property=\"og:type\" content=\"article\" \/>\n<meta property=\"og:title\" content=\"No\u0107 knjige u Gradskoj knji\u017enici Pregrada - Gradska knji\u017enica Pregrada\" \/>\n<meta property=\"og:description\" content=\"Povodom manifestacije &#8220;No\u0107 knjige&#8221;, podsje\u0107amo vas i jo\u0161 jednom pozivamo da nam se pridru\u017eite na na\u0161im programima: &nbsp; Predavanje i predstavljanje knjige Penja\u010devi zapisi, utorak, 23.4.2024. u 19,00 sati. Na\u0161 je gost autor Stipe Bo\u017ei\u0107. Program organiziramo u suradnji s HPD Kunagora! &nbsp; Izlo\u017eba zajedni\u010dkih radova roditelja i djece skupine Je\u017ei\u0107i 2022.\/2023. u sklopu projekta [&hellip;]\" \/>\n<meta property=\"og:url\" content=\"https:\/\/knjiznice.nsk.hr\/pregrada\/2024\/04\/19\/noc-knjige-u-gradskoj-knjiznici-pregrada\/\" \/>\n<meta property=\"og:site_name\" content=\"Gradska knji\u017enica Pregrada\" \/>\n<meta property=\"article:published_time\" content=\"2024-04-19T07:25:28+00:00\" \/>\n<meta property=\"article:modified_time\" content=\"2024-04-19T07:25:29+00:00\" \/>\n<meta property=\"og:image\" content=\"https:\/\/static.xx.fbcdn.net\/images\/emoji.php\/v9\/t4c\/1\/16\/25aa.png\" \/>\n<meta name=\"twitter:card\" content=\"summary_large_image\" \/>\n<meta name=\"twitter:label1\" content=\"Procijenjeno vrijeme \u010ditanja\" \/>\n\t<meta name=\"twitter:data1\" content=\"3 minute\" \/>\n<script type=\"application\/ld+json\" class=\"yoast-schema-graph\">{\"@context\":\"https:\/\/schema.org\",\"@graph\":[{\"@type\":\"WebSite\",\"@id\":\"http:\/\/knjiznice.nsk.hr\/pregrada\/#website\",\"url\":\"http:\/\/knjiznice.nsk.hr\/pregrada\/\",\"name\":\"Gradska knji\\u017enica Pregrada\",\"description\":\"\",\"potentialAction\":[{\"@type\":\"SearchAction\",\"target\":\"http:\/\/knjiznice.nsk.hr\/pregrada\/?s={search_term_string}\",\"query-input\":\"required name=search_term_string\"}],\"inLanguage\":\"hr\"},{\"@type\":\"ImageObject\",\"@id\":\"https:\/\/knjiznice.nsk.hr\/pregrada\/2024\/04\/19\/noc-knjige-u-gradskoj-knjiznici-pregrada\/#primaryimage\",\"inLanguage\":\"hr\",\"url\":\"https:\/\/static.xx.fbcdn.net\/images\/emoji.php\/v9\/t4c\/1\/16\/25aa.png\",\"contentUrl\":\"https:\/\/static.xx.fbcdn.net\/images\/emoji.php\/v9\/t4c\/1\/16\/25aa.png\"},{\"@type\":\"WebPage\",\"@id\":\"https:\/\/knjiznice.nsk.hr\/pregrada\/2024\/04\/19\/noc-knjige-u-gradskoj-knjiznici-pregrada\/#webpage\",\"url\":\"https:\/\/knjiznice.nsk.hr\/pregrada\/2024\/04\/19\/noc-knjige-u-gradskoj-knjiznici-pregrada\/\",\"name\":\"No\\u0107 knjige u Gradskoj knji\\u017enici Pregrada - Gradska knji\\u017enica Pregrada\",\"isPartOf\":{\"@id\":\"http:\/\/knjiznice.nsk.hr\/pregrada\/#website\"},\"primaryImageOfPage\":{\"@id\":\"https:\/\/knjiznice.nsk.hr\/pregrada\/2024\/04\/19\/noc-knjige-u-gradskoj-knjiznici-pregrada\/#primaryimage\"},\"datePublished\":\"2024-04-19T07:25:28+00:00\",\"dateModified\":\"2024-04-19T07:25:29+00:00\",\"author\":{\"@id\":\"http:\/\/knjiznice.nsk.hr\/pregrada\/#\/schema\/person\/ea70a51919d7099398216bbfcd44e5f8\"},\"breadcrumb\":{\"@id\":\"https:\/\/knjiznice.nsk.hr\/pregrada\/2024\/04\/19\/noc-knjige-u-gradskoj-knjiznici-pregrada\/#breadcrumb\"},\"inLanguage\":\"hr\",\"potentialAction\":[{\"@type\":\"ReadAction\",\"target\":[\"https:\/\/knjiznice.nsk.hr\/pregrada\/2024\/04\/19\/noc-knjige-u-gradskoj-knjiznici-pregrada\/\"]}]},{\"@type\":\"BreadcrumbList\",\"@id\":\"https:\/\/knjiznice.nsk.hr\/pregrada\/2024\/04\/19\/noc-knjige-u-gradskoj-knjiznici-pregrada\/#breadcrumb\",\"itemListElement\":[{\"@type\":\"ListItem\",\"position\":1,\"item\":{\"@type\":\"WebPage\",\"@id\":\"http:\/\/knjiznice.nsk.hr\/pregrada\/\",\"url\":\"http:\/\/knjiznice.nsk.hr\/pregrada\/\",\"name\":\"Po\\u010detna stranica\"}},{\"@type\":\"ListItem\",\"position\":2,\"item\":{\"@id\":\"https:\/\/knjiznice.nsk.hr\/pregrada\/2024\/04\/19\/noc-knjige-u-gradskoj-knjiznici-pregrada\/#webpage\"}}]},{\"@type\":\"Person\",\"@id\":\"http:\/\/knjiznice.nsk.hr\/pregrada\/#\/schema\/person\/ea70a51919d7099398216bbfcd44e5f8\",\"name\":\"GKP\",\"image\":{\"@type\":\"ImageObject\",\"@id\":\"http:\/\/knjiznice.nsk.hr\/pregrada\/#personlogo\",\"inLanguage\":\"hr\",\"url\":\"https:\/\/secure.gravatar.com\/avatar\/9dd824301c6b700776ea728699cb6401?s=96&d=mm&r=g\",\"contentUrl\":\"https:\/\/secure.gravatar.com\/avatar\/9dd824301c6b700776ea728699cb6401?s=96&d=mm&r=g\",\"caption\":\"GKP\"},\"url\":\"https:\/\/knjiznice.nsk.hr\/pregrada\/\"}]}<\/script>\n<!-- \/ Yoast SEO plugin. -->","_links":{"self":[{"href":"https:\/\/knjiznice.nsk.hr\/pregrada\/wp-json\/wp\/v2\/posts\/592"}],"collection":[{"href":"https:\/\/knjiznice.nsk.hr\/pregrada\/wp-json\/wp\/v2\/posts"}],"about":[{"href":"https:\/\/knjiznice.nsk.hr\/pregrada\/wp-json\/wp\/v2\/types\/post"}],"author":[{"embeddable":true,"href":"https:\/\/knjiznice.nsk.hr\/pregrada\/wp-json\/wp\/v2\/users\/169"}],"replies":[{"embeddable":true,"href":"https:\/\/knjiznice.nsk.hr\/pregrada\/wp-json\/wp\/v2\/comments?post=592"}],"version-history":[{"count":2,"href":"https:\/\/knjiznice.nsk.hr\/pregrada\/wp-json\/wp\/v2\/posts\/592\/revisions"}],"predecessor-version":[{"id":601,"href":"https:\/\/knjiznice.nsk.hr\/pregrada\/wp-json\/wp\/v2\/posts\/592\/revisions\/601"}],"wp:attachment":[{"href":"https:\/\/knjiznice.nsk.hr\/pregrada\/wp-json\/wp\/v2\/media?parent=592"}],"wp:term":[{"taxonomy":"category","embeddable":true,"href":"https:\/\/knjiznice.nsk.hr\/pregrada\/wp-json\/wp\/v2\/categories?post=592"},{"taxonomy":"post_tag","embeddable":true,"href":"https:\/\/knjiznice.nsk.hr\/pregrada\/wp-json\/wp\/v2\/tags?post=592"}],"curies":[{"name":"wp","href":"https:\/\/api.w.org\/{rel}","templated":true}]}}