{"id":301,"date":"2021-12-27T14:21:57","date_gmt":"2021-12-27T13:21:57","guid":{"rendered":"http:\/\/knjiznice.nsk.hr\/pregrada\/?p=301"},"modified":"2026-01-05T14:26:34","modified_gmt":"2026-01-05T13:26:34","slug":"godisnji-i-financijski-planovi-rada","status":"publish","type":"post","link":"https:\/\/knjiznice.nsk.hr\/pregrada\/2021\/12\/27\/godisnji-i-financijski-planovi-rada\/","title":{"rendered":"Godi\u0161nji i financijski planovi rada"},"content":{"rendered":"<p><strong><a href=\"http:\/\/knjiznice.nsk.hr\/pregrada\/2021\/12\/27\/godisnji-i-financijski-planovi-rada\/plan-nabave-za-2026_gkp\/\" rel=\"attachment wp-att-760\">Plan-nabave-za-2026_GKP<\/a><\/strong><\/p>\n<p><strong><a href=\"http:\/\/knjiznice.nsk.hr\/pregrada\/2021\/12\/27\/godisnji-i-financijski-planovi-rada\/izmijenjena-verzija-plana-javne-nabave_2026\/\" rel=\"attachment wp-att-759\">Plana nabave_2026<\/a><\/strong><\/p>\n<p><strong><a href=\"http:\/\/knjiznice.nsk.hr\/pregrada\/2021\/12\/27\/godisnji-i-financijski-planovi-rada\/plan-rada-za-2026\/\" rel=\"attachment wp-att-748\">Plan rada za 2026.<\/a><\/strong><\/p>\n<p><strong><a href=\"http:\/\/knjiznice.nsk.hr\/pregrada\/2021\/12\/27\/godisnji-i-financijski-planovi-rada\/financijski-plan-2026-i-projekcije\/\" rel=\"attachment wp-att-749\">Financijski plan za 2026. godinu&nbsp;<\/a><\/strong><\/p>\n<hr>\n<p><strong><a href=\"http:\/\/knjiznice.nsk.hr\/pregrada\/2021\/12\/27\/godisnji-i-financijski-planovi-rada\/kopija-plan-nabave-20\/\" rel=\"attachment wp-att-634\">Plan na nabave za 2025.<\/a><\/strong><\/p>\n<p><strong><a href=\"http:\/\/knjiznice.nsk.hr\/pregrada\/2021\/12\/27\/godisnji-i-financijski-planovi-rada\/plan-nabave-za-2025_\/\" rel=\"attachment wp-att-632\">Plan nabave za 2025.<\/a><\/strong><\/p>\n<p><strong><a href=\"http:\/\/knjiznice.nsk.hr\/pregrada\/2021\/12\/27\/godisnji-i-financijski-planovi-rada\/plan-rada-za-2025_\/\" rel=\"attachment wp-att-630\">Plan rada za 2025. godinu<\/a><\/strong><\/p>\n<p><strong><a href=\"http:\/\/knjiznice.nsk.hr\/pregrada\/2021\/12\/27\/godisnji-i-financijski-planovi-rada\/prijedlog-financijskog-plana-2025-i-projekcije-1\/\" rel=\"attachment wp-att-622\">Financijski plan za 2025. godinu<\/a><\/strong><\/p>\n<p><strong><a href=\"http:\/\/knjiznice.nsk.hr\/pregrada\/2021\/12\/27\/godisnji-i-financijski-planovi-rada\/financijski-izvjestaj-za-2024-gkp\/\" rel=\"attachment wp-att-644\">Financijski izvje\u0161taj za 2024.<\/a><\/strong><\/p>\n<hr>\n<p><strong><a href=\"http:\/\/knjiznice.nsk.hr\/pregrada\/2021\/12\/27\/godisnji-i-financijski-planovi-rada\/plan-rada-za-2024-godinu\/\" rel=\"attachment wp-att-556\">Plan rada za 2024. godinu<\/a><\/strong><\/p>\n<p><strong><a href=\"http:\/\/knjiznice.nsk.hr\/pregrada\/2021\/12\/27\/godisnji-i-financijski-planovi-rada\/financijski-plan-za-2024-finale\/\" rel=\"attachment wp-att-555\">Financijski plan za 2024.<\/a><\/strong><\/p>\n<p><strong><a href=\"http:\/\/knjiznice.nsk.hr\/pregrada\/2021\/12\/27\/godisnji-i-financijski-planovi-rada\/konacna-projekcija-za-web\/\" rel=\"attachment wp-att-554\">Projekcija planova prora\u010duna od 2024. do 2026.<\/a><\/strong><\/p>\n<p><strong><a href=\"http:\/\/knjiznice.nsk.hr\/pregrada\/2021\/12\/27\/godisnji-i-financijski-planovi-rada\/plan-nabave-za-2024-pravi\/\" rel=\"attachment wp-att-574\">Plan nabave za 2024.<\/a><\/strong><\/p>\n<p><strong><a href=\"http:\/\/knjiznice.nsk.hr\/pregrada\/2021\/12\/27\/godisnji-i-financijski-planovi-rada\/i_izmjena_plana_nabave_2024\/\" rel=\"attachment wp-att-618\">I. izmjena plana nabave za 2024.<\/a><\/strong><\/p>\n<p><a href=\"https:\/\/transparentno.gkpregrada.otvorenigrad.hr\"><strong>iTransparentnost GKP<\/strong><\/a><\/p>\n<p><strong><a href=\"http:\/\/knjiznice.nsk.hr\/pregrada\/2021\/12\/27\/godisnji-i-financijski-planovi-rada\/izvjestaj_o_utrosku_sredstava_knjiznica_24_sij_velj_ozu_trav\/\" rel=\"attachment wp-att-609\">Izvje\u0161taj o utro\u0161ku sredstava 2024. (sije\u010danj-travanj)<\/a><\/strong><\/p>\n<hr>\n<p><strong><a href=\"http:\/\/knjiznice.nsk.hr\/pregrada\/2021\/12\/27\/godisnji-i-financijski-planovi-rada\/izvjestaj-o-radu-za-2023\/\" rel=\"attachment wp-att-604\">Izvje\u0161taj o radu za 2023. godinu<\/a> <\/strong><\/p>\n<p><strong><a href=\"http:\/\/knjiznice.nsk.hr\/pregrada\/2021\/12\/27\/godisnji-i-financijski-planovi-rada\/realizacija-2023\/\" rel=\"attachment wp-att-605\">Godi\u0161nje izvr\u0161enje Financijskog plana za 2023. godinu<\/a><\/strong><\/p>\n<p><a href=\"http:\/\/knjiznice.nsk.hr\/pregrada\/2021\/12\/27\/godisnji-i-financijski-planovi-rada\/obrazlozenje-izvjestaja-o-izvrsenju-financijskog-plana-gkp\/\" rel=\"attachment wp-att-489\"><strong>Obrazlo\u017eenje Izvje\u0161taja o izvr\u0161enju financijskog plana GKP<\/strong><\/a><\/p>\n<p><strong><a href=\"http:\/\/knjiznice.nsk.hr\/pregrada\/2021\/12\/27\/godisnji-i-financijski-planovi-rada\/prihodi-i-rashodi-prema-ekonomskoj-klasifikaciji-2023\/\" rel=\"attachment wp-att-487\">Prihodi i rashodi prema ekonomskoj klasifikaciji 2023<\/a><\/strong><\/p>\n<p><strong><a href=\"http:\/\/knjiznice.nsk.hr\/pregrada\/2021\/12\/27\/godisnji-i-financijski-planovi-rada\/i-izmjene-plana-nabave-za-2023-godinu-2\/\" rel=\"attachment wp-att-461\">I. IZMJENE PLANA NABAVE ZA 2023. GODINU<\/a><\/strong><\/p>\n<p><strong><a href=\"http:\/\/knjiznice.nsk.hr\/pregrada\/2021\/12\/27\/godisnji-i-financijski-planovi-rada\/ii-izmjene-plana-nabave-za-2023\/\" rel=\"attachment wp-att-571\">II. izmjene plana nabave za 2023.<\/a><\/strong><\/p>\n<p><strong><a href=\"http:\/\/knjiznice.nsk.hr\/pregrada\/2022\/01\/24\/ostale-informacije\/godisnji-plan-nabave-knjizne-grade_2023\/\" rel=\"attachment wp-att-406\">Godi\u0161nji plan nabave knji\u017ene gra\u0111e za 2023.<\/a><\/strong><\/p>\n<p><strong><a href=\"http:\/\/knjiznice.nsk.hr\/pregrada\/2021\/12\/27\/godisnji-i-financijski-planovi-rada\/plan-nabave-za-2023\/\" rel=\"attachment wp-att-400\">Plan nabave za 2023.<\/a><\/strong><\/p>\n<p><strong><a href=\"http:\/\/knjiznice.nsk.hr\/pregrada\/2021\/12\/27\/godisnji-i-financijski-planovi-rada\/financijski-plana-za-2023\/\" rel=\"attachment wp-att-399\">FINANCIJSKI PLANA ZA 2023.<\/a><\/strong><\/p>\n<p><strong><a href=\"http:\/\/knjiznice.nsk.hr\/pregrada\/2021\/12\/27\/godisnji-i-financijski-planovi-rada\/plan-rada-za-2023-godinu\/\" rel=\"attachment wp-att-413\">PLAN RADA ZA 2023. GODINU<\/a><\/strong><\/p>\n<hr>\n<p><strong><a href=\"http:\/\/knjiznice.nsk.hr\/pregrada\/2021\/12\/27\/godisnji-i-financijski-planovi-rada\/izvjestaj-o-radu-za-2022\/\" rel=\"attachment wp-att-433\">Izvje\u0161taj o radu za 2022_GKP<\/a><\/strong><\/p>\n<p><strong><a href=\"http:\/\/knjiznice.nsk.hr\/pregrada\/2021\/12\/27\/godisnji-i-financijski-planovi-rada\/realizacija-financijskog-plana-za-2022_gkp\/\" rel=\"attachment wp-att-432\">Realizacija Financijskog plana za 2022_GKP<\/a><\/strong><\/p>\n<p><strong><a href=\"http:\/\/knjiznice.nsk.hr\/pregrada\/2021\/12\/27\/godisnji-i-financijski-planovi-rada\/i-izmjena-financijskog-plana-za-2022-godinu\/\" rel=\"attachment wp-att-385\">I.izmjena financijskog plana za 2022 godinu<\/a><\/strong><\/p>\n<p><strong><a href=\"http:\/\/knjiznice.nsk.hr\/pregrada\/2021\/12\/27\/godisnji-i-financijski-planovi-rada\/financijski-plan-za-2022-i-projekcije-za-2023-2024\/\" target=\"_blank\" rel=\"attachment noopener wp-att-302\">FINANCIJSKI PLAN ZA 2022. I PROJEKCIJE ZA 2023. i 2024.<\/a><\/strong><\/p>\n<p><strong><a href=\"http:\/\/knjiznice.nsk.hr\/pregrada\/2022\/01\/24\/ostale-informacije\/plan-nabave-za-2022-godinu-tekstualni-dio\/\" target=\"_blank\" rel=\"attachment noopener wp-att-319\">Plan nabave za 2022. godinu tekstualni dio<\/a><\/strong><\/p>\n<p><strong><a href=\"http:\/\/knjiznice.nsk.hr\/pregrada\/2022\/01\/24\/ostale-informacije\/plan-nabave-2022\/\" target=\"_blank\" rel=\"attachment noopener wp-att-316\">PLAN NABAVE-2022<\/a><\/strong><\/p>\n<p><strong><a href=\"http:\/\/knjiznice.nsk.hr\/pregrada\/2021\/12\/27\/godisnji-i-financijski-planovi-rada\/plan-rada-za-2022-godinu\/\" target=\"_blank\" rel=\"attachment noopener wp-att-303\">PLAN RADA ZA 2022. GODINU<\/a><\/strong><\/p>\n<hr>\n<p><strong><a href=\"http:\/\/knjiznice.nsk.hr\/pregrada\/2021\/12\/27\/godisnji-i-financijski-planovi-rada\/izvjestaj-o-radu-za-2021\/\" rel=\"attachment wp-att-376\">Izvje\u0161taj o radu za 2021.<\/a><\/strong><\/p>\n<p><strong><a href=\"http:\/\/knjiznice.nsk.hr\/pregrada\/2021\/12\/27\/godisnji-i-financijski-planovi-rada\/izvjestaj-o-radu-za-2021\/\" rel=\"attachment wp-att-376\">Izvje\u0161taj o radu za 2021.<\/a><\/strong><\/p>\n<p>&nbsp;<\/p>\n<p>&nbsp;<\/p>\n<p>&nbsp;<\/p>\n<p>&nbsp;<\/p>\n<p>&nbsp;<\/p>\n","protected":false},"excerpt":{"rendered":"<p>Plan-nabave-za-2026_GKP Plana nabave_2026 Plan rada za 2026. Financijski plan za 2026. godinu&nbsp; Plan na nabave za 2025. Plan nabave za 2025. Plan rada za 2025. godinu Financijski plan za 2025. godinu Financijski izvje\u0161taj za 2024. Plan rada za 2024. godinu Financijski plan za 2024. Projekcija planova prora\u010duna od 2024. do 2026. Plan nabave za 2024. [&hellip;]<\/p>\n","protected":false},"author":169,"featured_media":0,"comment_status":"closed","ping_status":"closed","sticky":false,"template":"","format":"standard","meta":{"ngg_post_thumbnail":0},"categories":[9],"tags":[],"yoast_head":"<!-- This site is optimized with the Yoast SEO plugin v16.4 - https:\/\/yoast.com\/wordpress\/plugins\/seo\/ -->\n<meta name=\"robots\" content=\"index, follow, max-snippet:-1, max-image-preview:large, max-video-preview:-1\" \/>\n<link rel=\"canonical\" href=\"https:\/\/knjiznice.nsk.hr\/pregrada\/2021\/12\/27\/godisnji-i-financijski-planovi-rada\/\" \/>\n<meta property=\"og:locale\" content=\"hr_HR\" \/>\n<meta property=\"og:type\" content=\"article\" \/>\n<meta property=\"og:title\" content=\"Godi\u0161nji i financijski planovi rada - Gradska knji\u017enica Pregrada\" \/>\n<meta property=\"og:description\" content=\"Plan-nabave-za-2026_GKP Plana nabave_2026 Plan rada za 2026. Financijski plan za 2026. godinu&nbsp; Plan na nabave za 2025. Plan nabave za 2025. Plan rada za 2025. godinu Financijski plan za 2025. godinu Financijski izvje\u0161taj za 2024. Plan rada za 2024. godinu Financijski plan za 2024. Projekcija planova prora\u010duna od 2024. do 2026. Plan nabave za 2024. [&hellip;]\" \/>\n<meta property=\"og:url\" content=\"https:\/\/knjiznice.nsk.hr\/pregrada\/2021\/12\/27\/godisnji-i-financijski-planovi-rada\/\" \/>\n<meta property=\"og:site_name\" content=\"Gradska knji\u017enica Pregrada\" \/>\n<meta property=\"article:published_time\" content=\"2021-12-27T13:21:57+00:00\" \/>\n<meta property=\"article:modified_time\" content=\"2026-01-05T13:26:34+00:00\" \/>\n<meta name=\"twitter:card\" content=\"summary_large_image\" \/>\n<meta name=\"twitter:label1\" content=\"Procijenjeno vrijeme \u010ditanja\" \/>\n\t<meta name=\"twitter:data1\" content=\"1 minuta\" \/>\n<script type=\"application\/ld+json\" class=\"yoast-schema-graph\">{\"@context\":\"https:\/\/schema.org\",\"@graph\":[{\"@type\":\"WebSite\",\"@id\":\"https:\/\/knjiznice.nsk.hr\/pregrada\/#website\",\"url\":\"https:\/\/knjiznice.nsk.hr\/pregrada\/\",\"name\":\"Gradska knji\\u017enica Pregrada\",\"description\":\"\",\"potentialAction\":[{\"@type\":\"SearchAction\",\"target\":\"https:\/\/knjiznice.nsk.hr\/pregrada\/?s={search_term_string}\",\"query-input\":\"required name=search_term_string\"}],\"inLanguage\":\"hr\"},{\"@type\":\"WebPage\",\"@id\":\"https:\/\/knjiznice.nsk.hr\/pregrada\/2021\/12\/27\/godisnji-i-financijski-planovi-rada\/#webpage\",\"url\":\"https:\/\/knjiznice.nsk.hr\/pregrada\/2021\/12\/27\/godisnji-i-financijski-planovi-rada\/\",\"name\":\"Godi\\u0161nji i financijski planovi rada - Gradska knji\\u017enica Pregrada\",\"isPartOf\":{\"@id\":\"https:\/\/knjiznice.nsk.hr\/pregrada\/#website\"},\"datePublished\":\"2021-12-27T13:21:57+00:00\",\"dateModified\":\"2026-01-05T13:26:34+00:00\",\"author\":{\"@id\":\"https:\/\/knjiznice.nsk.hr\/pregrada\/#\/schema\/person\/ea70a51919d7099398216bbfcd44e5f8\"},\"breadcrumb\":{\"@id\":\"https:\/\/knjiznice.nsk.hr\/pregrada\/2021\/12\/27\/godisnji-i-financijski-planovi-rada\/#breadcrumb\"},\"inLanguage\":\"hr\",\"potentialAction\":[{\"@type\":\"ReadAction\",\"target\":[\"https:\/\/knjiznice.nsk.hr\/pregrada\/2021\/12\/27\/godisnji-i-financijski-planovi-rada\/\"]}]},{\"@type\":\"BreadcrumbList\",\"@id\":\"https:\/\/knjiznice.nsk.hr\/pregrada\/2021\/12\/27\/godisnji-i-financijski-planovi-rada\/#breadcrumb\",\"itemListElement\":[{\"@type\":\"ListItem\",\"position\":1,\"item\":{\"@type\":\"WebPage\",\"@id\":\"https:\/\/knjiznice.nsk.hr\/pregrada\/\",\"url\":\"https:\/\/knjiznice.nsk.hr\/pregrada\/\",\"name\":\"Po\\u010detna stranica\"}},{\"@type\":\"ListItem\",\"position\":2,\"item\":{\"@id\":\"https:\/\/knjiznice.nsk.hr\/pregrada\/2021\/12\/27\/godisnji-i-financijski-planovi-rada\/#webpage\"}}]},{\"@type\":\"Person\",\"@id\":\"https:\/\/knjiznice.nsk.hr\/pregrada\/#\/schema\/person\/ea70a51919d7099398216bbfcd44e5f8\",\"name\":\"GKP\",\"image\":{\"@type\":\"ImageObject\",\"@id\":\"https:\/\/knjiznice.nsk.hr\/pregrada\/#personlogo\",\"inLanguage\":\"hr\",\"url\":\"https:\/\/secure.gravatar.com\/avatar\/9dd824301c6b700776ea728699cb6401?s=96&d=mm&r=g\",\"contentUrl\":\"https:\/\/secure.gravatar.com\/avatar\/9dd824301c6b700776ea728699cb6401?s=96&d=mm&r=g\",\"caption\":\"GKP\"},\"url\":\"https:\/\/knjiznice.nsk.hr\/pregrada\/\"}]}<\/script>\n<!-- \/ Yoast SEO plugin. -->","_links":{"self":[{"href":"https:\/\/knjiznice.nsk.hr\/pregrada\/wp-json\/wp\/v2\/posts\/301"}],"collection":[{"href":"https:\/\/knjiznice.nsk.hr\/pregrada\/wp-json\/wp\/v2\/posts"}],"about":[{"href":"https:\/\/knjiznice.nsk.hr\/pregrada\/wp-json\/wp\/v2\/types\/post"}],"author":[{"embeddable":true,"href":"https:\/\/knjiznice.nsk.hr\/pregrada\/wp-json\/wp\/v2\/users\/169"}],"replies":[{"embeddable":true,"href":"https:\/\/knjiznice.nsk.hr\/pregrada\/wp-json\/wp\/v2\/comments?post=301"}],"version-history":[{"count":50,"href":"https:\/\/knjiznice.nsk.hr\/pregrada\/wp-json\/wp\/v2\/posts\/301\/revisions"}],"predecessor-version":[{"id":761,"href":"https:\/\/knjiznice.nsk.hr\/pregrada\/wp-json\/wp\/v2\/posts\/301\/revisions\/761"}],"wp:attachment":[{"href":"https:\/\/knjiznice.nsk.hr\/pregrada\/wp-json\/wp\/v2\/media?parent=301"}],"wp:term":[{"taxonomy":"category","embeddable":true,"href":"https:\/\/knjiznice.nsk.hr\/pregrada\/wp-json\/wp\/v2\/categories?post=301"},{"taxonomy":"post_tag","embeddable":true,"href":"https:\/\/knjiznice.nsk.hr\/pregrada\/wp-json\/wp\/v2\/tags?post=301"}],"curies":[{"name":"wp","href":"https:\/\/api.w.org\/{rel}","templated":true}]}}