{"id":546,"date":"2015-07-31T08:18:26","date_gmt":"2015-07-31T08:18:26","guid":{"rendered":"http:\/\/knjiznice.nsk.hr\/porec\/?p=546"},"modified":"2015-07-31T08:25:20","modified_gmt":"2015-07-31T08:25:20","slug":"natjecaj-za-pjesme-na-cakavstini-2","status":"publish","type":"post","link":"https:\/\/knjiznice.nsk.hr\/porec\/2015\/07\/31\/natjecaj-za-pjesme-na-cakavstini-2\/","title":{"rendered":"Natje\u010daj za pjesme na \u010dakav\u0161tini"},"content":{"rendered":"<p>Natje\u010daj za pjesme na \u010dakav\u0161tini. \/\/ &#8220;Zarez&#8221; (2008-03-20)<a href=\"http:\/\/knjiznice.nsk.hr\/porec\/wp-content\/uploads\/sites\/44\/2015\/07\/2008-3-20_zarez_novinskiclanak.png\"><img loading=\"lazy\" class=\"alignleft size-medium wp-image-547\" src=\"http:\/\/knjiznice.nsk.hr\/porec\/wp-content\/uploads\/sites\/44\/2015\/07\/2008-3-20_zarez_novinskiclanak-223x300.png\" alt=\"2008-3-20_zarez_novinskiclanak\" width=\"223\" height=\"300\" srcset=\"https:\/\/knjiznice.nsk.hr\/porec\/wp-content\/uploads\/sites\/44\/2015\/07\/2008-3-20_zarez_novinskiclanak-223x300.png 223w, https:\/\/knjiznice.nsk.hr\/porec\/wp-content\/uploads\/sites\/44\/2015\/07\/2008-3-20_zarez_novinskiclanak.png 350w\" sizes=\"(max-width: 223px) 100vw, 223px\" \/><\/a><\/p>\n","protected":false},"excerpt":{"rendered":"<p>Natje\u010daj za pjesme na \u010dakav\u0161tini. \/\/ &#8220;Zarez&#8221; (2008-03-20)<\/p>\n","protected":false},"author":39,"featured_media":547,"comment_status":"closed","ping_status":"closed","sticky":false,"template":"","format":"standard","meta":{"ngg_post_thumbnail":0},"categories":[34,24],"tags":[40],"yoast_head":"<!-- This site is optimized with the Yoast SEO plugin v16.4 - https:\/\/yoast.com\/wordpress\/plugins\/seo\/ -->\n<meta name=\"robots\" content=\"index, follow, max-snippet:-1, max-image-preview:large, max-video-preview:-1\" \/>\n<link rel=\"canonical\" href=\"https:\/\/knjiznice.nsk.hr\/porec\/2015\/07\/31\/natjecaj-za-pjesme-na-cakavstini-2\/\" \/>\n<meta property=\"og:locale\" content=\"hr_HR\" \/>\n<meta property=\"og:type\" content=\"article\" \/>\n<meta property=\"og:title\" content=\"Natje\u010daj za pjesme na \u010dakav\u0161tini - Gradska knji\u017enica Pore\u010d\" \/>\n<meta property=\"og:description\" content=\"Natje\u010daj za pjesme na \u010dakav\u0161tini. \/\/ &#8220;Zarez&#8221; (2008-03-20)\" \/>\n<meta property=\"og:url\" content=\"https:\/\/knjiznice.nsk.hr\/porec\/2015\/07\/31\/natjecaj-za-pjesme-na-cakavstini-2\/\" \/>\n<meta property=\"og:site_name\" content=\"Gradska knji\u017enica Pore\u010d\" \/>\n<meta property=\"article:published_time\" content=\"2015-07-31T08:18:26+00:00\" \/>\n<meta property=\"article:modified_time\" content=\"2015-07-31T08:25:20+00:00\" \/>\n<meta property=\"og:image\" content=\"http:\/\/knjiznice.nsk.hr\/porec\/wp-content\/uploads\/sites\/44\/2015\/07\/2008-3-20_zarez_novinskiclanak.png\" \/>\n\t<meta property=\"og:image:width\" content=\"350\" \/>\n\t<meta property=\"og:image:height\" content=\"470\" \/>\n<script type=\"application\/ld+json\" class=\"yoast-schema-graph\">{\"@context\":\"https:\/\/schema.org\",\"@graph\":[{\"@type\":\"WebSite\",\"@id\":\"https:\/\/knjiznice.nsk.hr\/porec\/#website\",\"url\":\"https:\/\/knjiznice.nsk.hr\/porec\/\",\"name\":\"Gradska knji\\u017enica Pore\\u010d\",\"description\":\"\",\"potentialAction\":[{\"@type\":\"SearchAction\",\"target\":\"https:\/\/knjiznice.nsk.hr\/porec\/?s={search_term_string}\",\"query-input\":\"required name=search_term_string\"}],\"inLanguage\":\"hr\"},{\"@type\":\"ImageObject\",\"@id\":\"https:\/\/knjiznice.nsk.hr\/porec\/2015\/07\/31\/natjecaj-za-pjesme-na-cakavstini-2\/#primaryimage\",\"inLanguage\":\"hr\",\"url\":\"https:\/\/knjiznice.nsk.hr\/porec\/wp-content\/uploads\/sites\/44\/2015\/07\/2008-3-20_zarez_novinskiclanak.png\",\"contentUrl\":\"https:\/\/knjiznice.nsk.hr\/porec\/wp-content\/uploads\/sites\/44\/2015\/07\/2008-3-20_zarez_novinskiclanak.png\",\"width\":350,\"height\":470},{\"@type\":\"WebPage\",\"@id\":\"https:\/\/knjiznice.nsk.hr\/porec\/2015\/07\/31\/natjecaj-za-pjesme-na-cakavstini-2\/#webpage\",\"url\":\"https:\/\/knjiznice.nsk.hr\/porec\/2015\/07\/31\/natjecaj-za-pjesme-na-cakavstini-2\/\",\"name\":\"Natje\\u010daj za pjesme na \\u010dakav\\u0161tini - Gradska knji\\u017enica Pore\\u010d\",\"isPartOf\":{\"@id\":\"https:\/\/knjiznice.nsk.hr\/porec\/#website\"},\"primaryImageOfPage\":{\"@id\":\"https:\/\/knjiznice.nsk.hr\/porec\/2015\/07\/31\/natjecaj-za-pjesme-na-cakavstini-2\/#primaryimage\"},\"datePublished\":\"2015-07-31T08:18:26+00:00\",\"dateModified\":\"2015-07-31T08:25:20+00:00\",\"author\":{\"@id\":\"https:\/\/knjiznice.nsk.hr\/porec\/#\/schema\/person\/515ea51d7856115301befcfeaa0a6575\"},\"breadcrumb\":{\"@id\":\"https:\/\/knjiznice.nsk.hr\/porec\/2015\/07\/31\/natjecaj-za-pjesme-na-cakavstini-2\/#breadcrumb\"},\"inLanguage\":\"hr\",\"potentialAction\":[{\"@type\":\"ReadAction\",\"target\":[\"https:\/\/knjiznice.nsk.hr\/porec\/2015\/07\/31\/natjecaj-za-pjesme-na-cakavstini-2\/\"]}]},{\"@type\":\"BreadcrumbList\",\"@id\":\"https:\/\/knjiznice.nsk.hr\/porec\/2015\/07\/31\/natjecaj-za-pjesme-na-cakavstini-2\/#breadcrumb\",\"itemListElement\":[{\"@type\":\"ListItem\",\"position\":1,\"item\":{\"@type\":\"WebPage\",\"@id\":\"https:\/\/knjiznice.nsk.hr\/porec\/\",\"url\":\"https:\/\/knjiznice.nsk.hr\/porec\/\",\"name\":\"Po\\u010detna stranica\"}},{\"@type\":\"ListItem\",\"position\":2,\"item\":{\"@id\":\"https:\/\/knjiznice.nsk.hr\/porec\/2015\/07\/31\/natjecaj-za-pjesme-na-cakavstini-2\/#webpage\"}}]},{\"@type\":\"Person\",\"@id\":\"https:\/\/knjiznice.nsk.hr\/porec\/#\/schema\/person\/515ea51d7856115301befcfeaa0a6575\",\"name\":\"izovic\",\"image\":{\"@type\":\"ImageObject\",\"@id\":\"https:\/\/knjiznice.nsk.hr\/porec\/#personlogo\",\"inLanguage\":\"hr\",\"url\":\"https:\/\/secure.gravatar.com\/avatar\/8e70fffe79c52a2baa18be6a7927512b?s=96&d=mm&r=g\",\"contentUrl\":\"https:\/\/secure.gravatar.com\/avatar\/8e70fffe79c52a2baa18be6a7927512b?s=96&d=mm&r=g\",\"caption\":\"izovic\"},\"url\":\"https:\/\/knjiznice.nsk.hr\/porec\/\"}]}<\/script>\n<!-- \/ Yoast SEO plugin. -->","_links":{"self":[{"href":"https:\/\/knjiznice.nsk.hr\/porec\/wp-json\/wp\/v2\/posts\/546"}],"collection":[{"href":"https:\/\/knjiznice.nsk.hr\/porec\/wp-json\/wp\/v2\/posts"}],"about":[{"href":"https:\/\/knjiznice.nsk.hr\/porec\/wp-json\/wp\/v2\/types\/post"}],"author":[{"embeddable":true,"href":"https:\/\/knjiznice.nsk.hr\/porec\/wp-json\/wp\/v2\/users\/39"}],"replies":[{"embeddable":true,"href":"https:\/\/knjiznice.nsk.hr\/porec\/wp-json\/wp\/v2\/comments?post=546"}],"version-history":[{"count":2,"href":"https:\/\/knjiznice.nsk.hr\/porec\/wp-json\/wp\/v2\/posts\/546\/revisions"}],"predecessor-version":[{"id":555,"href":"https:\/\/knjiznice.nsk.hr\/porec\/wp-json\/wp\/v2\/posts\/546\/revisions\/555"}],"wp:featuredmedia":[{"embeddable":true,"href":"https:\/\/knjiznice.nsk.hr\/porec\/wp-json\/wp\/v2\/media\/547"}],"wp:attachment":[{"href":"https:\/\/knjiznice.nsk.hr\/porec\/wp-json\/wp\/v2\/media?parent=546"}],"wp:term":[{"taxonomy":"category","embeddable":true,"href":"https:\/\/knjiznice.nsk.hr\/porec\/wp-json\/wp\/v2\/categories?post=546"},{"taxonomy":"post_tag","embeddable":true,"href":"https:\/\/knjiznice.nsk.hr\/porec\/wp-json\/wp\/v2\/tags?post=546"}],"curies":[{"name":"wp","href":"https:\/\/api.w.org\/{rel}","templated":true}]}}