{"id":517,"date":"2015-07-24T11:40:08","date_gmt":"2015-07-24T11:40:08","guid":{"rendered":"http:\/\/knjiznice.nsk.hr\/porec\/?p=517"},"modified":"2015-07-24T11:40:08","modified_gmt":"2015-07-24T11:40:08","slug":"knjizevni-natjecaj-nagrada-laurus-nobilis-2008-letak","status":"publish","type":"post","link":"https:\/\/knjiznice.nsk.hr\/porec\/2015\/07\/24\/knjizevni-natjecaj-nagrada-laurus-nobilis-2008-letak\/","title":{"rendered":"Knji\u017eevni natje\u010daj nagrada Laurus nobilis 2008 &#8211; letak"},"content":{"rendered":"<p><a href=\"http:\/\/knjiznice.nsk.hr\/porec\/wp-content\/uploads\/sites\/44\/2015\/07\/2008-02-01_LaurusNobilis_letak1.png\"><img loading=\"lazy\" class=\"alignleft size-medium wp-image-518\" src=\"http:\/\/knjiznice.nsk.hr\/porec\/wp-content\/uploads\/sites\/44\/2015\/07\/2008-02-01_LaurusNobilis_letak1-300x211.png\" alt=\"2008-02-01_LaurusNobilis_letak\" width=\"300\" height=\"211\" srcset=\"https:\/\/knjiznice.nsk.hr\/porec\/wp-content\/uploads\/sites\/44\/2015\/07\/2008-02-01_LaurusNobilis_letak1-300x211.png 300w, https:\/\/knjiznice.nsk.hr\/porec\/wp-content\/uploads\/sites\/44\/2015\/07\/2008-02-01_LaurusNobilis_letak1-600x423.png 600w, https:\/\/knjiznice.nsk.hr\/porec\/wp-content\/uploads\/sites\/44\/2015\/07\/2008-02-01_LaurusNobilis_letak1.png 900w\" sizes=\"(max-width: 300px) 100vw, 300px\" \/><\/a><\/p>\n","protected":false},"excerpt":{"rendered":"","protected":false},"author":39,"featured_media":0,"comment_status":"closed","ping_status":"closed","sticky":false,"template":"","format":"standard","meta":{"ngg_post_thumbnail":0},"categories":[34,24],"tags":[21],"yoast_head":"<!-- This site is optimized with the Yoast SEO plugin v16.4 - https:\/\/yoast.com\/wordpress\/plugins\/seo\/ -->\n<meta name=\"robots\" content=\"index, follow, max-snippet:-1, max-image-preview:large, max-video-preview:-1\" \/>\n<link rel=\"canonical\" href=\"https:\/\/knjiznice.nsk.hr\/porec\/2015\/07\/24\/knjizevni-natjecaj-nagrada-laurus-nobilis-2008-letak\/\" \/>\n<meta property=\"og:locale\" content=\"hr_HR\" \/>\n<meta property=\"og:type\" content=\"article\" \/>\n<meta property=\"og:title\" content=\"Knji\u017eevni natje\u010daj nagrada Laurus nobilis 2008 - letak - Gradska knji\u017enica Pore\u010d\" \/>\n<meta property=\"og:url\" content=\"https:\/\/knjiznice.nsk.hr\/porec\/2015\/07\/24\/knjizevni-natjecaj-nagrada-laurus-nobilis-2008-letak\/\" \/>\n<meta property=\"og:site_name\" content=\"Gradska knji\u017enica Pore\u010d\" \/>\n<meta property=\"article:published_time\" content=\"2015-07-24T11:40:08+00:00\" \/>\n<meta property=\"og:image\" content=\"http:\/\/knjiznice.nsk.hr\/porec\/wp-content\/uploads\/sites\/44\/2015\/07\/2008-02-01_LaurusNobilis_letak1-300x211.png\" \/>\n<script type=\"application\/ld+json\" class=\"yoast-schema-graph\">{\"@context\":\"https:\/\/schema.org\",\"@graph\":[{\"@type\":\"WebSite\",\"@id\":\"https:\/\/knjiznice.nsk.hr\/porec\/#website\",\"url\":\"https:\/\/knjiznice.nsk.hr\/porec\/\",\"name\":\"Gradska knji\\u017enica Pore\\u010d\",\"description\":\"\",\"potentialAction\":[{\"@type\":\"SearchAction\",\"target\":\"https:\/\/knjiznice.nsk.hr\/porec\/?s={search_term_string}\",\"query-input\":\"required name=search_term_string\"}],\"inLanguage\":\"hr\"},{\"@type\":\"ImageObject\",\"@id\":\"https:\/\/knjiznice.nsk.hr\/porec\/2015\/07\/24\/knjizevni-natjecaj-nagrada-laurus-nobilis-2008-letak\/#primaryimage\",\"inLanguage\":\"hr\",\"url\":\"http:\/\/knjiznice.nsk.hr\/porec\/wp-content\/uploads\/sites\/44\/2015\/07\/2008-02-01_LaurusNobilis_letak1-300x211.png\",\"contentUrl\":\"http:\/\/knjiznice.nsk.hr\/porec\/wp-content\/uploads\/sites\/44\/2015\/07\/2008-02-01_LaurusNobilis_letak1-300x211.png\"},{\"@type\":\"WebPage\",\"@id\":\"https:\/\/knjiznice.nsk.hr\/porec\/2015\/07\/24\/knjizevni-natjecaj-nagrada-laurus-nobilis-2008-letak\/#webpage\",\"url\":\"https:\/\/knjiznice.nsk.hr\/porec\/2015\/07\/24\/knjizevni-natjecaj-nagrada-laurus-nobilis-2008-letak\/\",\"name\":\"Knji\\u017eevni natje\\u010daj nagrada Laurus nobilis 2008 - letak - Gradska knji\\u017enica Pore\\u010d\",\"isPartOf\":{\"@id\":\"https:\/\/knjiznice.nsk.hr\/porec\/#website\"},\"primaryImageOfPage\":{\"@id\":\"https:\/\/knjiznice.nsk.hr\/porec\/2015\/07\/24\/knjizevni-natjecaj-nagrada-laurus-nobilis-2008-letak\/#primaryimage\"},\"datePublished\":\"2015-07-24T11:40:08+00:00\",\"dateModified\":\"2015-07-24T11:40:08+00:00\",\"author\":{\"@id\":\"https:\/\/knjiznice.nsk.hr\/porec\/#\/schema\/person\/515ea51d7856115301befcfeaa0a6575\"},\"breadcrumb\":{\"@id\":\"https:\/\/knjiznice.nsk.hr\/porec\/2015\/07\/24\/knjizevni-natjecaj-nagrada-laurus-nobilis-2008-letak\/#breadcrumb\"},\"inLanguage\":\"hr\",\"potentialAction\":[{\"@type\":\"ReadAction\",\"target\":[\"https:\/\/knjiznice.nsk.hr\/porec\/2015\/07\/24\/knjizevni-natjecaj-nagrada-laurus-nobilis-2008-letak\/\"]}]},{\"@type\":\"BreadcrumbList\",\"@id\":\"https:\/\/knjiznice.nsk.hr\/porec\/2015\/07\/24\/knjizevni-natjecaj-nagrada-laurus-nobilis-2008-letak\/#breadcrumb\",\"itemListElement\":[{\"@type\":\"ListItem\",\"position\":1,\"item\":{\"@type\":\"WebPage\",\"@id\":\"https:\/\/knjiznice.nsk.hr\/porec\/\",\"url\":\"https:\/\/knjiznice.nsk.hr\/porec\/\",\"name\":\"Po\\u010detna stranica\"}},{\"@type\":\"ListItem\",\"position\":2,\"item\":{\"@id\":\"https:\/\/knjiznice.nsk.hr\/porec\/2015\/07\/24\/knjizevni-natjecaj-nagrada-laurus-nobilis-2008-letak\/#webpage\"}}]},{\"@type\":\"Person\",\"@id\":\"https:\/\/knjiznice.nsk.hr\/porec\/#\/schema\/person\/515ea51d7856115301befcfeaa0a6575\",\"name\":\"izovic\",\"image\":{\"@type\":\"ImageObject\",\"@id\":\"https:\/\/knjiznice.nsk.hr\/porec\/#personlogo\",\"inLanguage\":\"hr\",\"url\":\"https:\/\/secure.gravatar.com\/avatar\/8e70fffe79c52a2baa18be6a7927512b?s=96&d=mm&r=g\",\"contentUrl\":\"https:\/\/secure.gravatar.com\/avatar\/8e70fffe79c52a2baa18be6a7927512b?s=96&d=mm&r=g\",\"caption\":\"izovic\"},\"url\":\"https:\/\/knjiznice.nsk.hr\/porec\/\"}]}<\/script>\n<!-- \/ Yoast SEO plugin. -->","_links":{"self":[{"href":"https:\/\/knjiznice.nsk.hr\/porec\/wp-json\/wp\/v2\/posts\/517"}],"collection":[{"href":"https:\/\/knjiznice.nsk.hr\/porec\/wp-json\/wp\/v2\/posts"}],"about":[{"href":"https:\/\/knjiznice.nsk.hr\/porec\/wp-json\/wp\/v2\/types\/post"}],"author":[{"embeddable":true,"href":"https:\/\/knjiznice.nsk.hr\/porec\/wp-json\/wp\/v2\/users\/39"}],"replies":[{"embeddable":true,"href":"https:\/\/knjiznice.nsk.hr\/porec\/wp-json\/wp\/v2\/comments?post=517"}],"version-history":[{"count":1,"href":"https:\/\/knjiznice.nsk.hr\/porec\/wp-json\/wp\/v2\/posts\/517\/revisions"}],"predecessor-version":[{"id":519,"href":"https:\/\/knjiznice.nsk.hr\/porec\/wp-json\/wp\/v2\/posts\/517\/revisions\/519"}],"wp:attachment":[{"href":"https:\/\/knjiznice.nsk.hr\/porec\/wp-json\/wp\/v2\/media?parent=517"}],"wp:term":[{"taxonomy":"category","embeddable":true,"href":"https:\/\/knjiznice.nsk.hr\/porec\/wp-json\/wp\/v2\/categories?post=517"},{"taxonomy":"post_tag","embeddable":true,"href":"https:\/\/knjiznice.nsk.hr\/porec\/wp-json\/wp\/v2\/tags?post=517"}],"curies":[{"name":"wp","href":"https:\/\/api.w.org\/{rel}","templated":true}]}}