{"id":429,"date":"2015-05-11T08:41:04","date_gmt":"2015-05-11T08:41:04","guid":{"rendered":"http:\/\/knjiznice.nsk.hr\/porec\/?p=429"},"modified":"2015-05-12T09:20:06","modified_gmt":"2015-05-12T09:20:06","slug":"zanimljiv-program-u-poreckoj-gradskoj-knjiznici-i-maraforu","status":"publish","type":"post","link":"https:\/\/knjiznice.nsk.hr\/porec\/2015\/05\/11\/zanimljiv-program-u-poreckoj-gradskoj-knjiznici-i-maraforu\/","title":{"rendered":"Zanimljiv program u pore\u010dkoj Gradskoj knji\u017enici i Maraforu"},"content":{"rendered":"<p><a href=\"http:\/\/knjiznice.nsk.hr\/porec\/wp-content\/uploads\/sites\/44\/2015\/05\/2015-04-21-Glas-Istre.png\"><img loading=\"lazy\" class=\"alignleft size-medium wp-image-452\" src=\"http:\/\/knjiznice.nsk.hr\/porec\/wp-content\/uploads\/sites\/44\/2015\/05\/2015-04-21-Glas-Istre-156x300.png\" alt=\"2015-04-21 Glas Istre\" width=\"156\" height=\"300\" srcset=\"https:\/\/knjiznice.nsk.hr\/porec\/wp-content\/uploads\/sites\/44\/2015\/05\/2015-04-21-Glas-Istre-156x300.png 156w, https:\/\/knjiznice.nsk.hr\/porec\/wp-content\/uploads\/sites\/44\/2015\/05\/2015-04-21-Glas-Istre.png 468w\" sizes=\"(max-width: 156px) 100vw, 156px\" \/><\/a>Radi\u0107, M. Zanimljiv program u pore\u010dkoj gradskoj knji\u017enici i na Maraforu. \/\/ Glas Istre (2015-04-21)<\/p>\n<p>&#8220;Lorem ipsum dolor sit amet, consectetur adipiscing elit, sed do eiusmod tempor incididunt ut labore et dolore magna aliqua. Ut enim ad minim veniam, quis nostrud exercitation ullamco laboris nisi ut aliquip ex ea commodo consequat. Duis aute irure dolor in reprehenderit in voluptate velit esse cillum dolore eu fugiat nulla pariatur. Excepteur sint occaecat cupidatat non proident, sunt in culpa qui officia deserunt mollit anim id est laborum.&#8221;<\/p>\n","protected":false},"excerpt":{"rendered":"<p>Radi\u0107, M. Zanimljiv program u pore\u010dkoj gradskoj knji\u017enici i na Maraforu. \/\/ Glas Istre (2015-04-21) &#8220;Lorem ipsum dolor sit amet, consectetur adipiscing elit, sed do eiusmod tempor incididunt ut labore et dolore magna aliqua. Ut enim ad minim veniam, quis nostrud exercitation ullamco laboris nisi ut aliquip ex ea commodo consequat. Duis aute irure dolor [&hellip;]<\/p>\n","protected":false},"author":39,"featured_media":452,"comment_status":"closed","ping_status":"closed","sticky":false,"template":"","format":"standard","meta":{"ngg_post_thumbnail":0},"categories":[25,24],"tags":[],"yoast_head":"<!-- This site is optimized with the Yoast SEO plugin v16.4 - https:\/\/yoast.com\/wordpress\/plugins\/seo\/ -->\n<meta name=\"robots\" content=\"index, follow, max-snippet:-1, max-image-preview:large, max-video-preview:-1\" \/>\n<link rel=\"canonical\" href=\"https:\/\/knjiznice.nsk.hr\/porec\/2015\/05\/11\/zanimljiv-program-u-poreckoj-gradskoj-knjiznici-i-maraforu\/\" \/>\n<meta property=\"og:locale\" content=\"hr_HR\" \/>\n<meta property=\"og:type\" content=\"article\" \/>\n<meta property=\"og:title\" content=\"Zanimljiv program u pore\u010dkoj Gradskoj knji\u017enici i Maraforu - Gradska knji\u017enica Pore\u010d\" \/>\n<meta property=\"og:description\" content=\"Radi\u0107, M. Zanimljiv program u pore\u010dkoj gradskoj knji\u017enici i na Maraforu. \/\/ Glas Istre (2015-04-21) &#8220;Lorem ipsum dolor sit amet, consectetur adipiscing elit, sed do eiusmod tempor incididunt ut labore et dolore magna aliqua. Ut enim ad minim veniam, quis nostrud exercitation ullamco laboris nisi ut aliquip ex ea commodo consequat. Duis aute irure dolor [&hellip;]\" \/>\n<meta property=\"og:url\" content=\"https:\/\/knjiznice.nsk.hr\/porec\/2015\/05\/11\/zanimljiv-program-u-poreckoj-gradskoj-knjiznici-i-maraforu\/\" \/>\n<meta property=\"og:site_name\" content=\"Gradska knji\u017enica Pore\u010d\" \/>\n<meta property=\"article:published_time\" content=\"2015-05-11T08:41:04+00:00\" \/>\n<meta property=\"article:modified_time\" content=\"2015-05-12T09:20:06+00:00\" \/>\n<meta property=\"og:image\" content=\"http:\/\/knjiznice.nsk.hr\/porec\/wp-content\/uploads\/sites\/44\/2015\/05\/2015-04-21-Glas-Istre.png\" \/>\n\t<meta property=\"og:image:width\" content=\"468\" \/>\n\t<meta property=\"og:image:height\" content=\"900\" \/>\n<script type=\"application\/ld+json\" class=\"yoast-schema-graph\">{\"@context\":\"https:\/\/schema.org\",\"@graph\":[{\"@type\":\"WebSite\",\"@id\":\"https:\/\/knjiznice.nsk.hr\/porec\/#website\",\"url\":\"https:\/\/knjiznice.nsk.hr\/porec\/\",\"name\":\"Gradska knji\\u017enica Pore\\u010d\",\"description\":\"\",\"potentialAction\":[{\"@type\":\"SearchAction\",\"target\":\"https:\/\/knjiznice.nsk.hr\/porec\/?s={search_term_string}\",\"query-input\":\"required name=search_term_string\"}],\"inLanguage\":\"hr\"},{\"@type\":\"ImageObject\",\"@id\":\"https:\/\/knjiznice.nsk.hr\/porec\/2015\/05\/11\/zanimljiv-program-u-poreckoj-gradskoj-knjiznici-i-maraforu\/#primaryimage\",\"inLanguage\":\"hr\",\"url\":\"https:\/\/knjiznice.nsk.hr\/porec\/wp-content\/uploads\/sites\/44\/2015\/05\/2015-04-21-Glas-Istre.png\",\"contentUrl\":\"https:\/\/knjiznice.nsk.hr\/porec\/wp-content\/uploads\/sites\/44\/2015\/05\/2015-04-21-Glas-Istre.png\",\"width\":468,\"height\":900},{\"@type\":\"WebPage\",\"@id\":\"https:\/\/knjiznice.nsk.hr\/porec\/2015\/05\/11\/zanimljiv-program-u-poreckoj-gradskoj-knjiznici-i-maraforu\/#webpage\",\"url\":\"https:\/\/knjiznice.nsk.hr\/porec\/2015\/05\/11\/zanimljiv-program-u-poreckoj-gradskoj-knjiznici-i-maraforu\/\",\"name\":\"Zanimljiv program u pore\\u010dkoj Gradskoj knji\\u017enici i Maraforu - Gradska knji\\u017enica Pore\\u010d\",\"isPartOf\":{\"@id\":\"https:\/\/knjiznice.nsk.hr\/porec\/#website\"},\"primaryImageOfPage\":{\"@id\":\"https:\/\/knjiznice.nsk.hr\/porec\/2015\/05\/11\/zanimljiv-program-u-poreckoj-gradskoj-knjiznici-i-maraforu\/#primaryimage\"},\"datePublished\":\"2015-05-11T08:41:04+00:00\",\"dateModified\":\"2015-05-12T09:20:06+00:00\",\"author\":{\"@id\":\"https:\/\/knjiznice.nsk.hr\/porec\/#\/schema\/person\/515ea51d7856115301befcfeaa0a6575\"},\"breadcrumb\":{\"@id\":\"https:\/\/knjiznice.nsk.hr\/porec\/2015\/05\/11\/zanimljiv-program-u-poreckoj-gradskoj-knjiznici-i-maraforu\/#breadcrumb\"},\"inLanguage\":\"hr\",\"potentialAction\":[{\"@type\":\"ReadAction\",\"target\":[\"https:\/\/knjiznice.nsk.hr\/porec\/2015\/05\/11\/zanimljiv-program-u-poreckoj-gradskoj-knjiznici-i-maraforu\/\"]}]},{\"@type\":\"BreadcrumbList\",\"@id\":\"https:\/\/knjiznice.nsk.hr\/porec\/2015\/05\/11\/zanimljiv-program-u-poreckoj-gradskoj-knjiznici-i-maraforu\/#breadcrumb\",\"itemListElement\":[{\"@type\":\"ListItem\",\"position\":1,\"item\":{\"@type\":\"WebPage\",\"@id\":\"https:\/\/knjiznice.nsk.hr\/porec\/\",\"url\":\"https:\/\/knjiznice.nsk.hr\/porec\/\",\"name\":\"Po\\u010detna stranica\"}},{\"@type\":\"ListItem\",\"position\":2,\"item\":{\"@id\":\"https:\/\/knjiznice.nsk.hr\/porec\/2015\/05\/11\/zanimljiv-program-u-poreckoj-gradskoj-knjiznici-i-maraforu\/#webpage\"}}]},{\"@type\":\"Person\",\"@id\":\"https:\/\/knjiznice.nsk.hr\/porec\/#\/schema\/person\/515ea51d7856115301befcfeaa0a6575\",\"name\":\"izovic\",\"image\":{\"@type\":\"ImageObject\",\"@id\":\"https:\/\/knjiznice.nsk.hr\/porec\/#personlogo\",\"inLanguage\":\"hr\",\"url\":\"https:\/\/secure.gravatar.com\/avatar\/8e70fffe79c52a2baa18be6a7927512b?s=96&d=mm&r=g\",\"contentUrl\":\"https:\/\/secure.gravatar.com\/avatar\/8e70fffe79c52a2baa18be6a7927512b?s=96&d=mm&r=g\",\"caption\":\"izovic\"},\"url\":\"https:\/\/knjiznice.nsk.hr\/porec\/\"}]}<\/script>\n<!-- \/ Yoast SEO plugin. -->","_links":{"self":[{"href":"https:\/\/knjiznice.nsk.hr\/porec\/wp-json\/wp\/v2\/posts\/429"}],"collection":[{"href":"https:\/\/knjiznice.nsk.hr\/porec\/wp-json\/wp\/v2\/posts"}],"about":[{"href":"https:\/\/knjiznice.nsk.hr\/porec\/wp-json\/wp\/v2\/types\/post"}],"author":[{"embeddable":true,"href":"https:\/\/knjiznice.nsk.hr\/porec\/wp-json\/wp\/v2\/users\/39"}],"replies":[{"embeddable":true,"href":"https:\/\/knjiznice.nsk.hr\/porec\/wp-json\/wp\/v2\/comments?post=429"}],"version-history":[{"count":4,"href":"https:\/\/knjiznice.nsk.hr\/porec\/wp-json\/wp\/v2\/posts\/429\/revisions"}],"predecessor-version":[{"id":454,"href":"https:\/\/knjiznice.nsk.hr\/porec\/wp-json\/wp\/v2\/posts\/429\/revisions\/454"}],"wp:featuredmedia":[{"embeddable":true,"href":"https:\/\/knjiznice.nsk.hr\/porec\/wp-json\/wp\/v2\/media\/452"}],"wp:attachment":[{"href":"https:\/\/knjiznice.nsk.hr\/porec\/wp-json\/wp\/v2\/media?parent=429"}],"wp:term":[{"taxonomy":"category","embeddable":true,"href":"https:\/\/knjiznice.nsk.hr\/porec\/wp-json\/wp\/v2\/categories?post=429"},{"taxonomy":"post_tag","embeddable":true,"href":"https:\/\/knjiznice.nsk.hr\/porec\/wp-json\/wp\/v2\/tags?post=429"}],"curies":[{"name":"wp","href":"https:\/\/api.w.org\/{rel}","templated":true}]}}