{"id":420,"date":"2015-05-11T07:38:45","date_gmt":"2015-05-11T07:38:45","guid":{"rendered":"http:\/\/knjiznice.nsk.hr\/porec\/?p=420"},"modified":"2015-05-11T07:40:28","modified_gmt":"2015-05-11T07:40:28","slug":"o-meditaciji-u-porecu-rovinju-i-umagu","status":"publish","type":"post","link":"https:\/\/knjiznice.nsk.hr\/porec\/2015\/05\/11\/o-meditaciji-u-porecu-rovinju-i-umagu\/","title":{"rendered":"O meditaciji u Pore\u010du, Rovinju i Umagu"},"content":{"rendered":"<p><a href=\"http:\/\/knjiznice.nsk.hr\/porec\/2015\/05\/11\/o-meditaciji-u-porecu-rovinju-i-umagu\/2015-2-17_glasistre\/\" rel=\"attachment wp-att-423\"><img loading=\"lazy\" class=\" size-medium wp-image-423 alignleft\" src=\"http:\/\/knjiznice.nsk.hr\/porec\/wp-content\/uploads\/sites\/44\/2015\/05\/2015-2-17_glasistre-240x300.jpg\" alt=\"2015-2-17_glasistre\" width=\"240\" height=\"300\" srcset=\"https:\/\/knjiznice.nsk.hr\/porec\/wp-content\/uploads\/sites\/44\/2015\/05\/2015-2-17_glasistre-240x300.jpg 240w, https:\/\/knjiznice.nsk.hr\/porec\/wp-content\/uploads\/sites\/44\/2015\/05\/2015-2-17_glasistre-600x749.jpg 600w, https:\/\/knjiznice.nsk.hr\/porec\/wp-content\/uploads\/sites\/44\/2015\/05\/2015-2-17_glasistre.jpg 768w\" sizes=\"(max-width: 240px) 100vw, 240px\" \/><\/a>D.A. O medidaciji u Pore\u010du, Rovinju i Umagu. \/\/ Glas Istre (2015-02-17) (elektroni\u010dki izvor)<\/p>\n","protected":false},"excerpt":{"rendered":"<p>D.A. O medidaciji u Pore\u010du, Rovinju i Umagu. \/\/ Glas Istre (2015-02-17) (elektroni\u010dki izvor)<\/p>\n","protected":false},"author":39,"featured_media":0,"comment_status":"closed","ping_status":"closed","sticky":false,"template":"","format":"standard","meta":{"ngg_post_thumbnail":0},"categories":[25,24],"tags":[4,26],"yoast_head":"<!-- This site is optimized with the Yoast SEO plugin v16.4 - https:\/\/yoast.com\/wordpress\/plugins\/seo\/ -->\n<meta name=\"robots\" content=\"index, follow, max-snippet:-1, max-image-preview:large, max-video-preview:-1\" \/>\n<link rel=\"canonical\" href=\"https:\/\/knjiznice.nsk.hr\/porec\/2015\/05\/11\/o-meditaciji-u-porecu-rovinju-i-umagu\/\" \/>\n<meta property=\"og:locale\" content=\"hr_HR\" \/>\n<meta property=\"og:type\" content=\"article\" \/>\n<meta property=\"og:title\" content=\"O meditaciji u Pore\u010du, Rovinju i Umagu - Gradska knji\u017enica Pore\u010d\" \/>\n<meta property=\"og:description\" content=\"D.A. O medidaciji u Pore\u010du, Rovinju i Umagu. \/\/ Glas Istre (2015-02-17) (elektroni\u010dki izvor)\" \/>\n<meta property=\"og:url\" content=\"https:\/\/knjiznice.nsk.hr\/porec\/2015\/05\/11\/o-meditaciji-u-porecu-rovinju-i-umagu\/\" \/>\n<meta property=\"og:site_name\" content=\"Gradska knji\u017enica Pore\u010d\" \/>\n<meta property=\"article:published_time\" content=\"2015-05-11T07:38:45+00:00\" \/>\n<meta property=\"article:modified_time\" content=\"2015-05-11T07:40:28+00:00\" \/>\n<meta property=\"og:image\" content=\"http:\/\/knjiznice.nsk.hr\/porec\/wp-content\/uploads\/sites\/44\/2015\/05\/2015-2-17_glasistre-240x300.jpg\" \/>\n<script type=\"application\/ld+json\" class=\"yoast-schema-graph\">{\"@context\":\"https:\/\/schema.org\",\"@graph\":[{\"@type\":\"WebSite\",\"@id\":\"https:\/\/knjiznice.nsk.hr\/porec\/#website\",\"url\":\"https:\/\/knjiznice.nsk.hr\/porec\/\",\"name\":\"Gradska knji\\u017enica Pore\\u010d\",\"description\":\"\",\"potentialAction\":[{\"@type\":\"SearchAction\",\"target\":\"https:\/\/knjiznice.nsk.hr\/porec\/?s={search_term_string}\",\"query-input\":\"required name=search_term_string\"}],\"inLanguage\":\"hr\"},{\"@type\":\"ImageObject\",\"@id\":\"https:\/\/knjiznice.nsk.hr\/porec\/2015\/05\/11\/o-meditaciji-u-porecu-rovinju-i-umagu\/#primaryimage\",\"inLanguage\":\"hr\",\"url\":\"http:\/\/knjiznice.nsk.hr\/porec\/wp-content\/uploads\/sites\/44\/2015\/05\/2015-2-17_glasistre-240x300.jpg\",\"contentUrl\":\"http:\/\/knjiznice.nsk.hr\/porec\/wp-content\/uploads\/sites\/44\/2015\/05\/2015-2-17_glasistre-240x300.jpg\"},{\"@type\":\"WebPage\",\"@id\":\"https:\/\/knjiznice.nsk.hr\/porec\/2015\/05\/11\/o-meditaciji-u-porecu-rovinju-i-umagu\/#webpage\",\"url\":\"https:\/\/knjiznice.nsk.hr\/porec\/2015\/05\/11\/o-meditaciji-u-porecu-rovinju-i-umagu\/\",\"name\":\"O meditaciji u Pore\\u010du, Rovinju i Umagu - Gradska knji\\u017enica Pore\\u010d\",\"isPartOf\":{\"@id\":\"https:\/\/knjiznice.nsk.hr\/porec\/#website\"},\"primaryImageOfPage\":{\"@id\":\"https:\/\/knjiznice.nsk.hr\/porec\/2015\/05\/11\/o-meditaciji-u-porecu-rovinju-i-umagu\/#primaryimage\"},\"datePublished\":\"2015-05-11T07:38:45+00:00\",\"dateModified\":\"2015-05-11T07:40:28+00:00\",\"author\":{\"@id\":\"https:\/\/knjiznice.nsk.hr\/porec\/#\/schema\/person\/515ea51d7856115301befcfeaa0a6575\"},\"breadcrumb\":{\"@id\":\"https:\/\/knjiznice.nsk.hr\/porec\/2015\/05\/11\/o-meditaciji-u-porecu-rovinju-i-umagu\/#breadcrumb\"},\"inLanguage\":\"hr\",\"potentialAction\":[{\"@type\":\"ReadAction\",\"target\":[\"https:\/\/knjiznice.nsk.hr\/porec\/2015\/05\/11\/o-meditaciji-u-porecu-rovinju-i-umagu\/\"]}]},{\"@type\":\"BreadcrumbList\",\"@id\":\"https:\/\/knjiznice.nsk.hr\/porec\/2015\/05\/11\/o-meditaciji-u-porecu-rovinju-i-umagu\/#breadcrumb\",\"itemListElement\":[{\"@type\":\"ListItem\",\"position\":1,\"item\":{\"@type\":\"WebPage\",\"@id\":\"https:\/\/knjiznice.nsk.hr\/porec\/\",\"url\":\"https:\/\/knjiznice.nsk.hr\/porec\/\",\"name\":\"Po\\u010detna stranica\"}},{\"@type\":\"ListItem\",\"position\":2,\"item\":{\"@id\":\"https:\/\/knjiznice.nsk.hr\/porec\/2015\/05\/11\/o-meditaciji-u-porecu-rovinju-i-umagu\/#webpage\"}}]},{\"@type\":\"Person\",\"@id\":\"https:\/\/knjiznice.nsk.hr\/porec\/#\/schema\/person\/515ea51d7856115301befcfeaa0a6575\",\"name\":\"izovic\",\"image\":{\"@type\":\"ImageObject\",\"@id\":\"https:\/\/knjiznice.nsk.hr\/porec\/#personlogo\",\"inLanguage\":\"hr\",\"url\":\"https:\/\/secure.gravatar.com\/avatar\/8e70fffe79c52a2baa18be6a7927512b?s=96&d=mm&r=g\",\"contentUrl\":\"https:\/\/secure.gravatar.com\/avatar\/8e70fffe79c52a2baa18be6a7927512b?s=96&d=mm&r=g\",\"caption\":\"izovic\"},\"url\":\"https:\/\/knjiznice.nsk.hr\/porec\/\"}]}<\/script>\n<!-- \/ Yoast SEO plugin. -->","_links":{"self":[{"href":"https:\/\/knjiznice.nsk.hr\/porec\/wp-json\/wp\/v2\/posts\/420"}],"collection":[{"href":"https:\/\/knjiznice.nsk.hr\/porec\/wp-json\/wp\/v2\/posts"}],"about":[{"href":"https:\/\/knjiznice.nsk.hr\/porec\/wp-json\/wp\/v2\/types\/post"}],"author":[{"embeddable":true,"href":"https:\/\/knjiznice.nsk.hr\/porec\/wp-json\/wp\/v2\/users\/39"}],"replies":[{"embeddable":true,"href":"https:\/\/knjiznice.nsk.hr\/porec\/wp-json\/wp\/v2\/comments?post=420"}],"version-history":[{"count":2,"href":"https:\/\/knjiznice.nsk.hr\/porec\/wp-json\/wp\/v2\/posts\/420\/revisions"}],"predecessor-version":[{"id":424,"href":"https:\/\/knjiznice.nsk.hr\/porec\/wp-json\/wp\/v2\/posts\/420\/revisions\/424"}],"wp:attachment":[{"href":"https:\/\/knjiznice.nsk.hr\/porec\/wp-json\/wp\/v2\/media?parent=420"}],"wp:term":[{"taxonomy":"category","embeddable":true,"href":"https:\/\/knjiznice.nsk.hr\/porec\/wp-json\/wp\/v2\/categories?post=420"},{"taxonomy":"post_tag","embeddable":true,"href":"https:\/\/knjiznice.nsk.hr\/porec\/wp-json\/wp\/v2\/tags?post=420"}],"curies":[{"name":"wp","href":"https:\/\/api.w.org\/{rel}","templated":true}]}}