{"id":415,"date":"2015-05-11T07:34:18","date_gmt":"2015-05-11T07:34:18","guid":{"rendered":"http:\/\/knjiznice.nsk.hr\/porec\/?p=415"},"modified":"2015-05-12T09:08:03","modified_gmt":"2015-05-12T09:08:03","slug":"raspisan-natjecaj-za-nagradu-laurus-nobilis-2","status":"publish","type":"post","link":"https:\/\/knjiznice.nsk.hr\/porec\/2015\/05\/11\/raspisan-natjecaj-za-nagradu-laurus-nobilis-2\/","title":{"rendered":"Raspisan natje\u010daj za nagradu Laurus nobilis"},"content":{"rendered":"<p><a href=\"http:\/\/knjiznice.nsk.hr\/porec\/wp-content\/uploads\/sites\/44\/2015\/05\/2015-2-5_glasistre_novinskiclanak.png\"><img loading=\"lazy\" class=\" size-medium wp-image-416 alignleft\" src=\"http:\/\/knjiznice.nsk.hr\/porec\/wp-content\/uploads\/sites\/44\/2015\/05\/2015-2-5_glasistre_novinskiclanak-209x300.png\" alt=\"2015-2-5_glasistre_novinskiclanak\" width=\"209\" height=\"300\" srcset=\"https:\/\/knjiznice.nsk.hr\/porec\/wp-content\/uploads\/sites\/44\/2015\/05\/2015-2-5_glasistre_novinskiclanak-209x300.png 209w, https:\/\/knjiznice.nsk.hr\/porec\/wp-content\/uploads\/sites\/44\/2015\/05\/2015-2-5_glasistre_novinskiclanak.png 300w\" sizes=\"(max-width: 209px) 100vw, 209px\" \/><\/a>B.V. Raspisan natje\u010daj za nagradu Laurus nobilis. \/\/ Glas Istre (2015-02-05)<\/p>\n<p>&#8220;Lorem ipsum dolor sit amet, consectetur adipiscing elit, sed do eiusmod tempor incididunt ut labore et dolore magna aliqua. Ut enim ad minim veniam, quis nostrud exercitation ullamco laboris nisi ut aliquip ex ea commodo consequat. Duis aute irure dolor in reprehenderit in voluptate velit esse cillum dolore eu fugiat nulla pariatur. Excepteur sint occaecat cupidatat non proident, sunt in culpa qui officia deserunt mollit anim id est laborum.&#8221;<\/p>\n","protected":false},"excerpt":{"rendered":"<p>B.V. Raspisan natje\u010daj za nagradu Laurus nobilis. \/\/ Glas Istre (2015-02-05) &#8220;Lorem ipsum dolor sit amet, consectetur adipiscing elit, sed do eiusmod tempor incididunt ut labore et dolore magna aliqua. Ut enim ad minim veniam, quis nostrud exercitation ullamco laboris nisi ut aliquip ex ea commodo consequat. Duis aute irure dolor in reprehenderit in voluptate [&hellip;]<\/p>\n","protected":false},"author":39,"featured_media":0,"comment_status":"closed","ping_status":"closed","sticky":false,"template":"","format":"standard","meta":{"ngg_post_thumbnail":0},"categories":[25,24],"tags":[],"yoast_head":"<!-- This site is optimized with the Yoast SEO plugin v16.4 - https:\/\/yoast.com\/wordpress\/plugins\/seo\/ -->\n<meta name=\"robots\" content=\"index, follow, max-snippet:-1, max-image-preview:large, max-video-preview:-1\" \/>\n<link rel=\"canonical\" href=\"https:\/\/knjiznice.nsk.hr\/porec\/2015\/05\/11\/raspisan-natjecaj-za-nagradu-laurus-nobilis-2\/\" \/>\n<meta property=\"og:locale\" content=\"hr_HR\" \/>\n<meta property=\"og:type\" content=\"article\" \/>\n<meta property=\"og:title\" content=\"Raspisan natje\u010daj za nagradu Laurus nobilis - Gradska knji\u017enica Pore\u010d\" \/>\n<meta property=\"og:description\" content=\"B.V. Raspisan natje\u010daj za nagradu Laurus nobilis. \/\/ Glas Istre (2015-02-05) &#8220;Lorem ipsum dolor sit amet, consectetur adipiscing elit, sed do eiusmod tempor incididunt ut labore et dolore magna aliqua. Ut enim ad minim veniam, quis nostrud exercitation ullamco laboris nisi ut aliquip ex ea commodo consequat. Duis aute irure dolor in reprehenderit in voluptate [&hellip;]\" \/>\n<meta property=\"og:url\" content=\"https:\/\/knjiznice.nsk.hr\/porec\/2015\/05\/11\/raspisan-natjecaj-za-nagradu-laurus-nobilis-2\/\" \/>\n<meta property=\"og:site_name\" content=\"Gradska knji\u017enica Pore\u010d\" \/>\n<meta property=\"article:published_time\" content=\"2015-05-11T07:34:18+00:00\" \/>\n<meta property=\"article:modified_time\" content=\"2015-05-12T09:08:03+00:00\" \/>\n<meta property=\"og:image\" content=\"http:\/\/knjiznice.nsk.hr\/porec\/wp-content\/uploads\/sites\/44\/2015\/05\/2015-2-5_glasistre_novinskiclanak-209x300.png\" \/>\n<script type=\"application\/ld+json\" class=\"yoast-schema-graph\">{\"@context\":\"https:\/\/schema.org\",\"@graph\":[{\"@type\":\"WebSite\",\"@id\":\"https:\/\/knjiznice.nsk.hr\/porec\/#website\",\"url\":\"https:\/\/knjiznice.nsk.hr\/porec\/\",\"name\":\"Gradska knji\\u017enica Pore\\u010d\",\"description\":\"\",\"potentialAction\":[{\"@type\":\"SearchAction\",\"target\":\"https:\/\/knjiznice.nsk.hr\/porec\/?s={search_term_string}\",\"query-input\":\"required name=search_term_string\"}],\"inLanguage\":\"hr\"},{\"@type\":\"ImageObject\",\"@id\":\"https:\/\/knjiznice.nsk.hr\/porec\/2015\/05\/11\/raspisan-natjecaj-za-nagradu-laurus-nobilis-2\/#primaryimage\",\"inLanguage\":\"hr\",\"url\":\"http:\/\/knjiznice.nsk.hr\/porec\/wp-content\/uploads\/sites\/44\/2015\/05\/2015-2-5_glasistre_novinskiclanak-209x300.png\",\"contentUrl\":\"http:\/\/knjiznice.nsk.hr\/porec\/wp-content\/uploads\/sites\/44\/2015\/05\/2015-2-5_glasistre_novinskiclanak-209x300.png\"},{\"@type\":\"WebPage\",\"@id\":\"https:\/\/knjiznice.nsk.hr\/porec\/2015\/05\/11\/raspisan-natjecaj-za-nagradu-laurus-nobilis-2\/#webpage\",\"url\":\"https:\/\/knjiznice.nsk.hr\/porec\/2015\/05\/11\/raspisan-natjecaj-za-nagradu-laurus-nobilis-2\/\",\"name\":\"Raspisan natje\\u010daj za nagradu Laurus nobilis - Gradska knji\\u017enica Pore\\u010d\",\"isPartOf\":{\"@id\":\"https:\/\/knjiznice.nsk.hr\/porec\/#website\"},\"primaryImageOfPage\":{\"@id\":\"https:\/\/knjiznice.nsk.hr\/porec\/2015\/05\/11\/raspisan-natjecaj-za-nagradu-laurus-nobilis-2\/#primaryimage\"},\"datePublished\":\"2015-05-11T07:34:18+00:00\",\"dateModified\":\"2015-05-12T09:08:03+00:00\",\"author\":{\"@id\":\"https:\/\/knjiznice.nsk.hr\/porec\/#\/schema\/person\/515ea51d7856115301befcfeaa0a6575\"},\"breadcrumb\":{\"@id\":\"https:\/\/knjiznice.nsk.hr\/porec\/2015\/05\/11\/raspisan-natjecaj-za-nagradu-laurus-nobilis-2\/#breadcrumb\"},\"inLanguage\":\"hr\",\"potentialAction\":[{\"@type\":\"ReadAction\",\"target\":[\"https:\/\/knjiznice.nsk.hr\/porec\/2015\/05\/11\/raspisan-natjecaj-za-nagradu-laurus-nobilis-2\/\"]}]},{\"@type\":\"BreadcrumbList\",\"@id\":\"https:\/\/knjiznice.nsk.hr\/porec\/2015\/05\/11\/raspisan-natjecaj-za-nagradu-laurus-nobilis-2\/#breadcrumb\",\"itemListElement\":[{\"@type\":\"ListItem\",\"position\":1,\"item\":{\"@type\":\"WebPage\",\"@id\":\"https:\/\/knjiznice.nsk.hr\/porec\/\",\"url\":\"https:\/\/knjiznice.nsk.hr\/porec\/\",\"name\":\"Po\\u010detna stranica\"}},{\"@type\":\"ListItem\",\"position\":2,\"item\":{\"@id\":\"https:\/\/knjiznice.nsk.hr\/porec\/2015\/05\/11\/raspisan-natjecaj-za-nagradu-laurus-nobilis-2\/#webpage\"}}]},{\"@type\":\"Person\",\"@id\":\"https:\/\/knjiznice.nsk.hr\/porec\/#\/schema\/person\/515ea51d7856115301befcfeaa0a6575\",\"name\":\"izovic\",\"image\":{\"@type\":\"ImageObject\",\"@id\":\"https:\/\/knjiznice.nsk.hr\/porec\/#personlogo\",\"inLanguage\":\"hr\",\"url\":\"https:\/\/secure.gravatar.com\/avatar\/8e70fffe79c52a2baa18be6a7927512b?s=96&d=mm&r=g\",\"contentUrl\":\"https:\/\/secure.gravatar.com\/avatar\/8e70fffe79c52a2baa18be6a7927512b?s=96&d=mm&r=g\",\"caption\":\"izovic\"},\"url\":\"https:\/\/knjiznice.nsk.hr\/porec\/\"}]}<\/script>\n<!-- \/ Yoast SEO plugin. -->","_links":{"self":[{"href":"https:\/\/knjiznice.nsk.hr\/porec\/wp-json\/wp\/v2\/posts\/415"}],"collection":[{"href":"https:\/\/knjiznice.nsk.hr\/porec\/wp-json\/wp\/v2\/posts"}],"about":[{"href":"https:\/\/knjiznice.nsk.hr\/porec\/wp-json\/wp\/v2\/types\/post"}],"author":[{"embeddable":true,"href":"https:\/\/knjiznice.nsk.hr\/porec\/wp-json\/wp\/v2\/users\/39"}],"replies":[{"embeddable":true,"href":"https:\/\/knjiznice.nsk.hr\/porec\/wp-json\/wp\/v2\/comments?post=415"}],"version-history":[{"count":4,"href":"https:\/\/knjiznice.nsk.hr\/porec\/wp-json\/wp\/v2\/posts\/415\/revisions"}],"predecessor-version":[{"id":447,"href":"https:\/\/knjiznice.nsk.hr\/porec\/wp-json\/wp\/v2\/posts\/415\/revisions\/447"}],"wp:attachment":[{"href":"https:\/\/knjiznice.nsk.hr\/porec\/wp-json\/wp\/v2\/media?parent=415"}],"wp:term":[{"taxonomy":"category","embeddable":true,"href":"https:\/\/knjiznice.nsk.hr\/porec\/wp-json\/wp\/v2\/categories?post=415"},{"taxonomy":"post_tag","embeddable":true,"href":"https:\/\/knjiznice.nsk.hr\/porec\/wp-json\/wp\/v2\/tags?post=415"}],"curies":[{"name":"wp","href":"https:\/\/api.w.org\/{rel}","templated":true}]}}