{"id":8898,"date":"2024-01-23T11:07:13","date_gmt":"2024-01-23T10:07:13","guid":{"rendered":"http:\/\/knjiznice.nsk.hr\/ploce\/?p=8898"},"modified":"2025-01-30T18:07:24","modified_gmt":"2025-01-30T17:07:24","slug":"mater-dolorosa-ocjena-citateljskog-kluba","status":"publish","type":"post","link":"https:\/\/knjiznice.nsk.hr\/ploce\/mater-dolorosa-ocjena-citateljskog-kluba\/","title":{"rendered":"Mater Dolorosa \u2013 ocjena \u010citateljskog kluba"},"content":{"rendered":"<p>Ovu smo recenziju ostali du\u017eni odavno. Naime, na\u0161li smo se jo\u0161 po\u010detkom studenog (sad ve\u0107 pro\u0161le godine) kako bismo razgovarali o pro\u010ditanoj knjizi, <em>&#8220;<a href=\"https:\/\/stilus-knjiga.hr\/proizvod\/mater-dolorosa-tvrdi-uvez\/\" target=\"_blank\" rel=\"noopener\">Mater Dolorosa<\/a>&#8220;<\/em> Jurice Pavi\u010di\u0107a.<\/p>\n<div id=\"attachment_8910\" style=\"width: 1034px\" class=\"wp-caption aligncenter\"><img aria-describedby=\"caption-attachment-8910\" loading=\"lazy\" class=\"wp-image-8910 size-large\" src=\"http:\/\/knjiznice.nsk.hr\/ploce\/wp-content\/uploads\/sites\/74\/2024\/01\/IMG-20231103-WA0002-1024x768.jpg\" alt=\"\" width=\"1024\" height=\"768\" srcset=\"https:\/\/knjiznice.nsk.hr\/ploce\/wp-content\/uploads\/sites\/74\/2024\/01\/IMG-20231103-WA0002-1024x768.jpg 1024w, https:\/\/knjiznice.nsk.hr\/ploce\/wp-content\/uploads\/sites\/74\/2024\/01\/IMG-20231103-WA0002-300x225.jpg 300w, https:\/\/knjiznice.nsk.hr\/ploce\/wp-content\/uploads\/sites\/74\/2024\/01\/IMG-20231103-WA0002-768x576.jpg 768w, https:\/\/knjiznice.nsk.hr\/ploce\/wp-content\/uploads\/sites\/74\/2024\/01\/IMG-20231103-WA0002-600x450.jpg 600w, https:\/\/knjiznice.nsk.hr\/ploce\/wp-content\/uploads\/sites\/74\/2024\/01\/IMG-20231103-WA0002-1536x1152.jpg 1536w, https:\/\/knjiznice.nsk.hr\/ploce\/wp-content\/uploads\/sites\/74\/2024\/01\/IMG-20231103-WA0002.jpg 1600w\" sizes=\"(max-width: 1024px) 100vw, 1024px\" \/><p id=\"caption-attachment-8910\" class=\"wp-caption-text\"><em>Dru\u017eenje je opet bilo ro\u0111endansko. Proslavili smo moj &#8220;nije bitno koji&#8221; ro\u0111endan! Ines je napravila odli\u010dan mramorni kuglof, jedan od meni najdra\u017eih kola\u010da&#8230; &lt;3<\/em><\/p><\/div>\n<p>Knjiga po\u010dinje nultim poglavljem \u2013 prizorom obiteljskog odlaska na pla\u017eu u Omi\u0161. Roditelji i dvoje djece, Ines s 9 ili 10 godina i Marijo, s ne vi\u0161e od 5. Sve je idili\u010dno dok Marijo ne nestane. No jednako kao \u0161to sr\u017e tog uvoda nije Marijev nestanak nego trenutak pronalaska i trag koji je to ostavilo na njegovoj sestri i ostatku obitelji, tako i ostatak romana nije usmjeren na pronalazak ubojice sedamnaestogodi\u0161nje Viktorije Zebe; ubojstvo i potraga za ubojicom zapravo je podloga za prikaz me\u0111uljudskih, posebno obiteljskih odnosa, psihologije likova i njihove unutarnje motivacije za ono \u0161to rade. Atmosfera u romanu kao i obi\u010dno kod Pavi\u010di\u0107a odgovara <em>noir<\/em> \u017eanru, a \u010dak bih je prije svrstala u trilere prije nego krimi\u0107e.<br \/>\nNitko od nas nije bio ba\u0161 zadovoljan razvojem doga\u0111aja u romanu, pogotovo krajem. No to ne \u010dini knjigu lo\u0161om, naprotiv, upravo je zato dobra. Reakcije likova i kraj romana kakav je zamislio autor puno su realniji i uvjerljiviji od onog \u0161to smo mi kao \u010dita\u010dice pri\u017eeljkivale. Mi bismo da likovi u romanima budu hrabri, po\u0161teni, direktni, neumoljivi, da se suprotstavljaju i reagiraju kad treba, da rje\u0161avaju stvari, sva\u0111aju se&#8230; \u010cesto u stvarnom \u017eivotu nije tako. Stvari se pre\u0161u\u0107uju, izbjegavaju, a pravda ne do\u010deka svakoga ili opet nije onakva kakvom smo je zamislili&#8230;<\/p>\n<p data-wp-editing=\"1\"><img loading=\"lazy\" class=\"alignleft wp-image-8911\" src=\"http:\/\/knjiznice.nsk.hr\/ploce\/wp-content\/uploads\/sites\/74\/2024\/01\/Mater-Dolorosa_-naslovnica-201x300.jpg\" alt=\"\" width=\"101\" height=\"150\" srcset=\"https:\/\/knjiznice.nsk.hr\/ploce\/wp-content\/uploads\/sites\/74\/2024\/01\/Mater-Dolorosa_-naslovnica-201x300.jpg 201w, https:\/\/knjiznice.nsk.hr\/ploce\/wp-content\/uploads\/sites\/74\/2024\/01\/Mater-Dolorosa_-naslovnica-686x1024.jpg 686w, https:\/\/knjiznice.nsk.hr\/ploce\/wp-content\/uploads\/sites\/74\/2024\/01\/Mater-Dolorosa_-naslovnica-768x1146.jpg 768w, https:\/\/knjiznice.nsk.hr\/ploce\/wp-content\/uploads\/sites\/74\/2024\/01\/Mater-Dolorosa_-naslovnica-600x895.jpg 600w, https:\/\/knjiznice.nsk.hr\/ploce\/wp-content\/uploads\/sites\/74\/2024\/01\/Mater-Dolorosa_-naslovnica-1030x1536.jpg 1030w, https:\/\/knjiznice.nsk.hr\/ploce\/wp-content\/uploads\/sites\/74\/2024\/01\/Mater-Dolorosa_-naslovnica.jpg 1059w\" sizes=\"(max-width: 101px) 100vw, 101px\" \/>\u010citatelji klasi\u010d<span style=\"color: #333333\">nih krimi\u0107a (g<\/span>dje se dogodi zlo\u010din, istra\u017eitelji stupaju na scenu, pomalo se otkriva istina i na kraju zlo\u010dinac biva uhva\u0107en) mo\u017eda ne\u0107e biti potpuno zadovoljni ovim romanom, me\u0111utim mi bismo ga preporu\u010dili svima koji vole <em>noir<\/em>-romane i koji ne\u0107e biti razo\u010darani izostane li pokoja scena napete potjere za po\u010diniteljem. Obo\u017eavatelji djela Jurice Pavi\u010di\u0107a sigurno ne\u0107e biti razo\u010darani.<\/p>\n<p><strong>Ocjena Kluba: <span style=\"color: #ff6600\">3.56\/5<\/span><\/strong><\/p>\n<p><span style=\"color: #333333\">Za sljede\u0107e \u010ditanje odabrali smo knjigu <em><a href=\"https:\/\/library.foi.hr\/lib\/knjiga.php?B=23&amp;H=&amp;E=&amp;V=&amp;lok=&amp;zbi=&amp;item=17485\" target=\"_blank\" rel=\"noopener\">&#8220;Mladenka kostonoga&#8221;<\/a><\/em> autora \u017delimira Peri\u0161a, a uskoro o\u010dekujte i recenziju, s obzirom da smo o ovom romanu razgovarali na sastanku u prosincu.<\/span><\/p>\n<p>Napisala: TENA&nbsp;<\/p>\n","protected":false},"excerpt":{"rendered":"<p>Ovu smo recenziju ostali du\u017eni odavno. Naime, na\u0161li smo se jo\u0161 po\u010detkom studenog (sad ve\u0107 pro\u0161le godine) kako bismo razgovarali o pro\u010ditanoj knjizi, &#8220;Mater Dolorosa&#8220; Jurice Pavi\u010di\u0107a. Knjiga po\u010dinje nultim poglavljem \u2013 prizorom obiteljskog odlaska na pla\u017eu u Omi\u0161. Roditelji i dvoje djece, Ines s 9 ili 10 godina i Marijo, s ne vi\u0161e od [&hellip;]<\/p>\n","protected":false},"author":89,"featured_media":0,"comment_status":"closed","ping_status":"closed","sticky":false,"template":"","format":"standard","meta":{"ngg_post_thumbnail":0},"categories":[312,10],"tags":[265,125,363,342],"yoast_head":"<!-- This site is optimized with the Yoast SEO plugin v16.4 - https:\/\/yoast.com\/wordpress\/plugins\/seo\/ -->\n<meta name=\"description\" content=\"Reakcije likova i kraj romana kakav je zamislio autor puno su realniji i uvjerljiviji od onog \u0161to smo mi kao \u010dita\u010dice pri\u017eeljkivale...\" \/>\n<meta name=\"robots\" content=\"index, follow, max-snippet:-1, max-image-preview:large, max-video-preview:-1\" \/>\n<link rel=\"canonical\" href=\"https:\/\/knjiznice.nsk.hr\/ploce\/mater-dolorosa-ocjena-citateljskog-kluba\/\" \/>\n<meta property=\"og:locale\" content=\"hr_HR\" \/>\n<meta property=\"og:type\" content=\"article\" \/>\n<meta property=\"og:title\" content=\"Mater Dolorosa \u2013 ocjena \u010citateljskog kluba - Narodna knji\u017enica Plo\u010de\" \/>\n<meta property=\"og:description\" content=\"Reakcije likova i kraj romana kakav je zamislio autor puno su realniji i uvjerljiviji od onog \u0161to smo mi kao \u010dita\u010dice pri\u017eeljkivale...\" \/>\n<meta property=\"og:url\" content=\"https:\/\/knjiznice.nsk.hr\/ploce\/mater-dolorosa-ocjena-citateljskog-kluba\/\" \/>\n<meta property=\"og:site_name\" content=\"Narodna knji\u017enica Plo\u010de\" \/>\n<meta property=\"article:publisher\" content=\"https:\/\/www.facebook.com\/narodnaknjiznica.ploce\/\" \/>\n<meta property=\"article:published_time\" content=\"2024-01-23T10:07:13+00:00\" \/>\n<meta property=\"article:modified_time\" content=\"2025-01-30T17:07:24+00:00\" \/>\n<meta property=\"og:image\" content=\"http:\/\/knjiznice.nsk.hr\/ploce\/wp-content\/uploads\/sites\/74\/2024\/01\/IMG-20231103-WA0002-1024x768.jpg\" \/>\n<meta name=\"twitter:label1\" content=\"Procijenjeno vrijeme \u010ditanja\" \/>\n\t<meta name=\"twitter:data1\" content=\"2 minute\" \/>\n<script type=\"application\/ld+json\" class=\"yoast-schema-graph\">{\"@context\":\"https:\/\/schema.org\",\"@graph\":[{\"@type\":\"Organization\",\"@id\":\"http:\/\/knjiznice.nsk.hr\/ploce\/#organization\",\"name\":\"Narodna knji\\u017enica Plo\\u010de\",\"url\":\"http:\/\/knjiznice.nsk.hr\/ploce\/\",\"sameAs\":[\"https:\/\/www.facebook.com\/narodnaknjiznica.ploce\/\"],\"logo\":{\"@type\":\"ImageObject\",\"@id\":\"http:\/\/knjiznice.nsk.hr\/ploce\/#logo\",\"inLanguage\":\"hr\",\"url\":\"http:\/\/knjiznice.nsk.hr\/ploce\/wp-content\/uploads\/sites\/74\/2015\/09\/logo_1.png\",\"contentUrl\":\"http:\/\/knjiznice.nsk.hr\/ploce\/wp-content\/uploads\/sites\/74\/2015\/09\/logo_1.png\",\"width\":861,\"height\":503,\"caption\":\"Narodna knji\\u017enica Plo\\u010de\"},\"image\":{\"@id\":\"http:\/\/knjiznice.nsk.hr\/ploce\/#logo\"}},{\"@type\":\"WebSite\",\"@id\":\"http:\/\/knjiznice.nsk.hr\/ploce\/#website\",\"url\":\"http:\/\/knjiznice.nsk.hr\/ploce\/\",\"name\":\"Narodna knji\\u017enica Plo\\u010de\",\"description\":\"\",\"publisher\":{\"@id\":\"http:\/\/knjiznice.nsk.hr\/ploce\/#organization\"},\"potentialAction\":[{\"@type\":\"SearchAction\",\"target\":\"http:\/\/knjiznice.nsk.hr\/ploce\/?s={search_term_string}\",\"query-input\":\"required name=search_term_string\"}],\"inLanguage\":\"hr\"},{\"@type\":\"ImageObject\",\"@id\":\"https:\/\/knjiznice.nsk.hr\/ploce\/mater-dolorosa-ocjena-citateljskog-kluba\/#primaryimage\",\"inLanguage\":\"hr\",\"url\":\"http:\/\/knjiznice.nsk.hr\/ploce\/wp-content\/uploads\/sites\/74\/2024\/01\/IMG-20231103-WA0002-1024x768.jpg\",\"contentUrl\":\"http:\/\/knjiznice.nsk.hr\/ploce\/wp-content\/uploads\/sites\/74\/2024\/01\/IMG-20231103-WA0002-1024x768.jpg\"},{\"@type\":\"WebPage\",\"@id\":\"https:\/\/knjiznice.nsk.hr\/ploce\/mater-dolorosa-ocjena-citateljskog-kluba\/#webpage\",\"url\":\"https:\/\/knjiznice.nsk.hr\/ploce\/mater-dolorosa-ocjena-citateljskog-kluba\/\",\"name\":\"Mater Dolorosa \\u2013 ocjena \\u010citateljskog kluba - Narodna knji\\u017enica Plo\\u010de\",\"isPartOf\":{\"@id\":\"http:\/\/knjiznice.nsk.hr\/ploce\/#website\"},\"primaryImageOfPage\":{\"@id\":\"https:\/\/knjiznice.nsk.hr\/ploce\/mater-dolorosa-ocjena-citateljskog-kluba\/#primaryimage\"},\"datePublished\":\"2024-01-23T10:07:13+00:00\",\"dateModified\":\"2025-01-30T17:07:24+00:00\",\"description\":\"Reakcije likova i kraj romana kakav je zamislio autor puno su realniji i uvjerljiviji od onog \\u0161to smo mi kao \\u010dita\\u010dice pri\\u017eeljkivale...\",\"breadcrumb\":{\"@id\":\"https:\/\/knjiznice.nsk.hr\/ploce\/mater-dolorosa-ocjena-citateljskog-kluba\/#breadcrumb\"},\"inLanguage\":\"hr\",\"potentialAction\":[{\"@type\":\"ReadAction\",\"target\":[\"https:\/\/knjiznice.nsk.hr\/ploce\/mater-dolorosa-ocjena-citateljskog-kluba\/\"]}]},{\"@type\":\"BreadcrumbList\",\"@id\":\"https:\/\/knjiznice.nsk.hr\/ploce\/mater-dolorosa-ocjena-citateljskog-kluba\/#breadcrumb\",\"itemListElement\":[{\"@type\":\"ListItem\",\"position\":1,\"item\":{\"@type\":\"WebPage\",\"@id\":\"http:\/\/knjiznice.nsk.hr\/ploce\/\",\"url\":\"http:\/\/knjiznice.nsk.hr\/ploce\/\",\"name\":\"Po\\u010detna stranica\"}},{\"@type\":\"ListItem\",\"position\":2,\"item\":{\"@id\":\"https:\/\/knjiznice.nsk.hr\/ploce\/mater-dolorosa-ocjena-citateljskog-kluba\/#webpage\"}}]},{\"@type\":\"Article\",\"@id\":\"https:\/\/knjiznice.nsk.hr\/ploce\/mater-dolorosa-ocjena-citateljskog-kluba\/#article\",\"isPartOf\":{\"@id\":\"https:\/\/knjiznice.nsk.hr\/ploce\/mater-dolorosa-ocjena-citateljskog-kluba\/#webpage\"},\"author\":{\"@id\":\"http:\/\/knjiznice.nsk.hr\/ploce\/#\/schema\/person\/0074421071d6080cb091f1ac8423613b\"},\"headline\":\"Mater Dolorosa \\u2013 ocjena \\u010citateljskog kluba\",\"datePublished\":\"2024-01-23T10:07:13+00:00\",\"dateModified\":\"2025-01-30T17:07:24+00:00\",\"mainEntityOfPage\":{\"@id\":\"https:\/\/knjiznice.nsk.hr\/ploce\/mater-dolorosa-ocjena-citateljskog-kluba\/#webpage\"},\"wordCount\":415,\"publisher\":{\"@id\":\"http:\/\/knjiznice.nsk.hr\/ploce\/#organization\"},\"image\":{\"@id\":\"https:\/\/knjiznice.nsk.hr\/ploce\/mater-dolorosa-ocjena-citateljskog-kluba\/#primaryimage\"},\"thumbnailUrl\":\"http:\/\/knjiznice.nsk.hr\/ploce\/wp-content\/uploads\/sites\/74\/2024\/01\/IMG-20231103-WA0002-1024x768.jpg\",\"keywords\":[\"\\u010ditateljski klub\",\"Jurica Pavi\\u010di\\u0107\",\"Mater Dolorosa\",\"ocjena knjige\"],\"articleSection\":[\"\\u010citateljski klub\",\"Obavijesti knji\\u017enice\"],\"inLanguage\":\"hr\"},{\"@type\":\"Person\",\"@id\":\"http:\/\/knjiznice.nsk.hr\/ploce\/#\/schema\/person\/0074421071d6080cb091f1ac8423613b\",\"name\":\"ploce\",\"image\":{\"@type\":\"ImageObject\",\"@id\":\"http:\/\/knjiznice.nsk.hr\/ploce\/#personlogo\",\"inLanguage\":\"hr\",\"url\":\"https:\/\/secure.gravatar.com\/avatar\/0f92f507d1096d70edf6ff4d086b7873?s=96&d=mm&r=g\",\"contentUrl\":\"https:\/\/secure.gravatar.com\/avatar\/0f92f507d1096d70edf6ff4d086b7873?s=96&d=mm&r=g\",\"caption\":\"ploce\"},\"url\":\"https:\/\/knjiznice.nsk.hr\/ploce\/\"}]}<\/script>\n<!-- \/ Yoast SEO plugin. -->","_links":{"self":[{"href":"https:\/\/knjiznice.nsk.hr\/ploce\/wp-json\/wp\/v2\/posts\/8898"}],"collection":[{"href":"https:\/\/knjiznice.nsk.hr\/ploce\/wp-json\/wp\/v2\/posts"}],"about":[{"href":"https:\/\/knjiznice.nsk.hr\/ploce\/wp-json\/wp\/v2\/types\/post"}],"author":[{"embeddable":true,"href":"https:\/\/knjiznice.nsk.hr\/ploce\/wp-json\/wp\/v2\/users\/89"}],"replies":[{"embeddable":true,"href":"https:\/\/knjiznice.nsk.hr\/ploce\/wp-json\/wp\/v2\/comments?post=8898"}],"version-history":[{"count":11,"href":"https:\/\/knjiznice.nsk.hr\/ploce\/wp-json\/wp\/v2\/posts\/8898\/revisions"}],"predecessor-version":[{"id":9592,"href":"https:\/\/knjiznice.nsk.hr\/ploce\/wp-json\/wp\/v2\/posts\/8898\/revisions\/9592"}],"wp:attachment":[{"href":"https:\/\/knjiznice.nsk.hr\/ploce\/wp-json\/wp\/v2\/media?parent=8898"}],"wp:term":[{"taxonomy":"category","embeddable":true,"href":"https:\/\/knjiznice.nsk.hr\/ploce\/wp-json\/wp\/v2\/categories?post=8898"},{"taxonomy":"post_tag","embeddable":true,"href":"https:\/\/knjiznice.nsk.hr\/ploce\/wp-json\/wp\/v2\/tags?post=8898"}],"curies":[{"name":"wp","href":"https:\/\/api.w.org\/{rel}","templated":true}]}}