{"id":8690,"date":"2023-10-26T12:00:15","date_gmt":"2023-10-26T10:00:15","guid":{"rendered":"http:\/\/knjiznice.nsk.hr\/ploce\/?p=8690"},"modified":"2025-01-30T18:02:52","modified_gmt":"2025-01-30T17:02:52","slug":"sutnja-bijeloga-grada-ocjena-citateljskog-kluba","status":"publish","type":"post","link":"https:\/\/knjiznice.nsk.hr\/ploce\/sutnja-bijeloga-grada-ocjena-citateljskog-kluba\/","title":{"rendered":"\u0160utnja bijeloga grada \u2013 ocjena \u010citateljskog kluba"},"content":{"rendered":"<p>Na\u0161a mala \u010ditateljska dru\u017eina sastala se i u listopadu. Pri\u010dali smo o knjizi koju smo \u010ditali u rujnu, roman <em><a href=\"https:\/\/fraktura.hr\/sutnja-bijeloga-grada.html\" target=\"_blank\" rel=\"noopener\">&#8220;\u0160utnja bijeloga grada&#8221;<\/a><\/em> \u0161panjolske autorice Eve Garc\u00eda S\u00e1enz de Urturi.<\/p>\n<div dir=\"auto\"><a href=\"https:\/\/library.foi.hr\/lib\/knjiga.php?B=23&amp;H=&amp;E=&amp;V=&amp;lok=&amp;zbi=&amp;item=17395&amp;nivo=&amp;upit=Garcia%20Saenz,%20Eva\" target=\"_blank\" rel=\"noopener\"><img loading=\"lazy\" class=\"alignleft wp-image-8692 size-medium\" src=\"http:\/\/knjiznice.nsk.hr\/ploce\/wp-content\/uploads\/sites\/74\/2023\/10\/Sutnja-bijeloga-grada_naslovnica-200x300.jpg\" alt=\"\" width=\"200\" height=\"300\" srcset=\"https:\/\/knjiznice.nsk.hr\/ploce\/wp-content\/uploads\/sites\/74\/2023\/10\/Sutnja-bijeloga-grada_naslovnica-200x300.jpg 200w, https:\/\/knjiznice.nsk.hr\/ploce\/wp-content\/uploads\/sites\/74\/2023\/10\/Sutnja-bijeloga-grada_naslovnica-600x901.jpg 600w, https:\/\/knjiznice.nsk.hr\/ploce\/wp-content\/uploads\/sites\/74\/2023\/10\/Sutnja-bijeloga-grada_naslovnica.jpg 666w\" sizes=\"(max-width: 200px) 100vw, 200px\" \/><\/a>Vitoria, \u0160panjolska. Mali, pitoreskni grad, bogat kulturom, tradicijom i povijesti.&nbsp;<br \/>\nJednog jutra, ba\u0161 u vrijeme festivalskih sve\u010danosti, ono \u0161to su mislili da su rije\u0161ili ponovno ih je do\u010dekalo. Dva tijela, mu\u0161ko i \u017eensko, s rukama na obrazu onoga drugoga, kao da se tje\u0161e. Isti broj godina i slo\u017eenog alave\u0161kog prezimena. Ubojstva identi\u010dna onim prije dvadeset godina, \u010dijeg su ubojicu zatvorili i slu\u010daj zaklju\u010dili. Ili ne?! Inspektor Unaio L\u00f3pez de Ayala, poznat kao Kraken, ima jako te\u017eak zadatak.<br \/>\nOtkriti tko je ubojica nije lako, jo\u0161 pogotovo ako za jednaka ubojstva od prije dvadeset godina, jedan le\u017ei iza re\u0161etaka.&nbsp;<\/div>\n<div dir=\"auto\">Tasio Ortiz de Z\u00e1rata bio je poznati arheolog i TV lice koje je odu\u0161evljavalo mnoge stanovnike sa svojim strastvenim znanjem o povijesti i arheologiji Vitorie. I onda ga je uhvatio i zatvorio ni manje ni vi\u0161e nego njegov identi\u010dni brat blizanac.<\/div>\n<div dir=\"auto\">&nbsp;<\/div>\n<div dir=\"auto\">Ali ako je Tasio krivac, tko onda ubija dvadeset godina poslije?<\/div>\n<div dir=\"auto\">&nbsp;<\/div>\n<div dir=\"auto\">Kroz cijelu knjigu pitamo se mo\u017ee li Kraken, uz svoje osobne traume, nedostatak podataka, o\u010dekivanja javnosti i nove \u0161efice, otpetljati krajnje zapetljano klupko ubojstava.&nbsp;<\/div>\n<div dir=\"auto\">&nbsp;<\/div>\n<div dir=\"auto\">Ljepote i povijest Vitorie, rodnog kraja same autorice, upotpunjuju se s likovima, njihovim, osobnim borbama i tajnama koje bi ih mogle stajati svega.&nbsp;&nbsp;<\/div>\n<div dir=\"auto\">&nbsp;<\/div>\n<div dir=\"auto\">Prva knjiga iz trilogije natjerat \u0107e vas da zavolite Krakena, njegovog brata i djeda koji ima rje\u0161enje za svaki problem. Natjerat \u0107e vas da zamislite kako i sami \u0161etate stoljetnim ulicama Vitorije i&nbsp; divite se njenoj ljepoti.<\/div>\n<div dir=\"auto\"><img loading=\"lazy\" class=\"alignnone wp-image-8691 size-full\" src=\"http:\/\/knjiznice.nsk.hr\/ploce\/wp-content\/uploads\/sites\/74\/2023\/10\/IMG_20231007_111148_sm.jpg\" alt=\"\" width=\"1181\" height=\"886\" srcset=\"https:\/\/knjiznice.nsk.hr\/ploce\/wp-content\/uploads\/sites\/74\/2023\/10\/IMG_20231007_111148_sm.jpg 1181w, https:\/\/knjiznice.nsk.hr\/ploce\/wp-content\/uploads\/sites\/74\/2023\/10\/IMG_20231007_111148_sm-300x225.jpg 300w, https:\/\/knjiznice.nsk.hr\/ploce\/wp-content\/uploads\/sites\/74\/2023\/10\/IMG_20231007_111148_sm-1024x768.jpg 1024w, https:\/\/knjiznice.nsk.hr\/ploce\/wp-content\/uploads\/sites\/74\/2023\/10\/IMG_20231007_111148_sm-768x576.jpg 768w, https:\/\/knjiznice.nsk.hr\/ploce\/wp-content\/uploads\/sites\/74\/2023\/10\/IMG_20231007_111148_sm-600x450.jpg 600w\" sizes=\"(max-width: 1181px) 100vw, 1181px\" \/><\/div>\n<div dir=\"auto\">Ni ovaj put nismo bile blage. Pri\u010dale smo o tome \u0161to nam se svi\u0111a, a \u0161to ne, \u0161to bismo promijenile, \u0161to je vi\u0161ka i nepotrebno. Ali na kraju smo se slo\u017eile, to je ipak knjiga koju vrijedi pro\u010ditati. Iako nas sve nije ni odu\u0161evila ni razo\u010darala, jasno je za\u0161to se stalno \u010dita \u2013 pri\u010da je atmosferi\u010dna, likovi \u017eivotni, a slu\u010daj zanimljiv. I to je dovoljan razlog da je sutra izaberete izme\u0111u mora drugih.<\/div>\n<div dir=\"auto\">&nbsp;<\/div>\n<div dir=\"auto\"><strong>Ocjena Kluba:<\/strong><span style=\"color: #ff6600\" data-wahfont=\"16\"><strong> 3.7\/5<\/strong><\/span><\/div>\n<div dir=\"auto\">&nbsp;<\/div>\n<div dir=\"auto\">Za sljede\u0107u knjigu smo odabrali roman <em><a href=\"https:\/\/library.foi.hr\/lib\/knjiga.php?B=23&amp;H=&amp;E=&amp;V=&amp;lok=&amp;zbi=&amp;item=20232&amp;nivo=&amp;upit=PAVI%C4%8CI%C4%86,%20Jurica\" target=\"_blank\" rel=\"noopener\">&#8220;Mater Dolorosa&#8221;<\/a><\/em>,&nbsp; hrvatskog autora Jurice Pavi\u010di\u0107a.<\/div>\n<div dir=\"auto\">&nbsp;<\/div>\n<div dir=\"auto\">Napisala: INES<\/div>\n","protected":false},"excerpt":{"rendered":"<p>Na\u0161a mala \u010ditateljska dru\u017eina sastala se i u listopadu. Pri\u010dali smo o knjizi koju smo \u010ditali u rujnu, roman &#8220;\u0160utnja bijeloga grada&#8221; \u0161panjolske autorice Eve Garc\u00eda S\u00e1enz de Urturi. Vitoria, \u0160panjolska. Mali, pitoreskni grad, bogat kulturom, tradicijom i povijesti.&nbsp; Jednog jutra, ba\u0161 u vrijeme festivalskih sve\u010danosti, ono \u0161to su mislili da su rije\u0161ili ponovno ih [&hellip;]<\/p>\n","protected":false},"author":89,"featured_media":0,"comment_status":"closed","ping_status":"closed","sticky":false,"template":"","format":"standard","meta":{"ngg_post_thumbnail":0},"categories":[312],"tags":[265,339,342,340,341],"yoast_head":"<!-- This site is optimized with the Yoast SEO plugin v16.4 - https:\/\/yoast.com\/wordpress\/plugins\/seo\/ -->\n<meta name=\"description\" content=\"Iako nas knjiga nije ni odu\u0161evila ni razo\u010darala, jasno je za\u0161to se stalno \u010dita \u2013 pri\u010da je atmosferi\u010dna, likovi \u017eivotni, a slu\u010daj zanimljiv...\" \/>\n<meta name=\"robots\" content=\"index, follow, max-snippet:-1, max-image-preview:large, max-video-preview:-1\" \/>\n<link rel=\"canonical\" href=\"https:\/\/knjiznice.nsk.hr\/ploce\/sutnja-bijeloga-grada-ocjena-citateljskog-kluba\/\" \/>\n<meta property=\"og:locale\" content=\"hr_HR\" \/>\n<meta property=\"og:type\" content=\"article\" \/>\n<meta property=\"og:title\" content=\"\u0160utnja bijeloga grada \u2013 ocjena \u010citateljskog kluba - Narodna knji\u017enica Plo\u010de\" \/>\n<meta property=\"og:description\" content=\"Iako nas knjiga nije ni odu\u0161evila ni razo\u010darala, jasno je za\u0161to se stalno \u010dita \u2013 pri\u010da je atmosferi\u010dna, likovi \u017eivotni, a slu\u010daj zanimljiv...\" \/>\n<meta property=\"og:url\" content=\"https:\/\/knjiznice.nsk.hr\/ploce\/sutnja-bijeloga-grada-ocjena-citateljskog-kluba\/\" \/>\n<meta property=\"og:site_name\" content=\"Narodna knji\u017enica Plo\u010de\" \/>\n<meta property=\"article:publisher\" content=\"https:\/\/www.facebook.com\/narodnaknjiznica.ploce\/\" \/>\n<meta property=\"article:published_time\" content=\"2023-10-26T10:00:15+00:00\" \/>\n<meta property=\"article:modified_time\" content=\"2025-01-30T17:02:52+00:00\" \/>\n<meta property=\"og:image\" content=\"http:\/\/knjiznice.nsk.hr\/ploce\/wp-content\/uploads\/sites\/74\/2023\/10\/Sutnja-bijeloga-grada_naslovnica-200x300.jpg\" \/>\n<meta name=\"twitter:label1\" content=\"Procijenjeno vrijeme \u010ditanja\" \/>\n\t<meta name=\"twitter:data1\" content=\"2 minute\" \/>\n<script type=\"application\/ld+json\" class=\"yoast-schema-graph\">{\"@context\":\"https:\/\/schema.org\",\"@graph\":[{\"@type\":\"Organization\",\"@id\":\"http:\/\/knjiznice.nsk.hr\/ploce\/#organization\",\"name\":\"Narodna knji\\u017enica Plo\\u010de\",\"url\":\"http:\/\/knjiznice.nsk.hr\/ploce\/\",\"sameAs\":[\"https:\/\/www.facebook.com\/narodnaknjiznica.ploce\/\"],\"logo\":{\"@type\":\"ImageObject\",\"@id\":\"http:\/\/knjiznice.nsk.hr\/ploce\/#logo\",\"inLanguage\":\"hr\",\"url\":\"http:\/\/knjiznice.nsk.hr\/ploce\/wp-content\/uploads\/sites\/74\/2015\/09\/logo_1.png\",\"contentUrl\":\"http:\/\/knjiznice.nsk.hr\/ploce\/wp-content\/uploads\/sites\/74\/2015\/09\/logo_1.png\",\"width\":861,\"height\":503,\"caption\":\"Narodna knji\\u017enica Plo\\u010de\"},\"image\":{\"@id\":\"http:\/\/knjiznice.nsk.hr\/ploce\/#logo\"}},{\"@type\":\"WebSite\",\"@id\":\"http:\/\/knjiznice.nsk.hr\/ploce\/#website\",\"url\":\"http:\/\/knjiznice.nsk.hr\/ploce\/\",\"name\":\"Narodna knji\\u017enica Plo\\u010de\",\"description\":\"\",\"publisher\":{\"@id\":\"http:\/\/knjiznice.nsk.hr\/ploce\/#organization\"},\"potentialAction\":[{\"@type\":\"SearchAction\",\"target\":\"http:\/\/knjiznice.nsk.hr\/ploce\/?s={search_term_string}\",\"query-input\":\"required name=search_term_string\"}],\"inLanguage\":\"hr\"},{\"@type\":\"ImageObject\",\"@id\":\"https:\/\/knjiznice.nsk.hr\/ploce\/sutnja-bijeloga-grada-ocjena-citateljskog-kluba\/#primaryimage\",\"inLanguage\":\"hr\",\"url\":\"http:\/\/knjiznice.nsk.hr\/ploce\/wp-content\/uploads\/sites\/74\/2023\/10\/Sutnja-bijeloga-grada_naslovnica-200x300.jpg\",\"contentUrl\":\"http:\/\/knjiznice.nsk.hr\/ploce\/wp-content\/uploads\/sites\/74\/2023\/10\/Sutnja-bijeloga-grada_naslovnica-200x300.jpg\"},{\"@type\":\"WebPage\",\"@id\":\"https:\/\/knjiznice.nsk.hr\/ploce\/sutnja-bijeloga-grada-ocjena-citateljskog-kluba\/#webpage\",\"url\":\"https:\/\/knjiznice.nsk.hr\/ploce\/sutnja-bijeloga-grada-ocjena-citateljskog-kluba\/\",\"name\":\"\\u0160utnja bijeloga grada \\u2013 ocjena \\u010citateljskog kluba - Narodna knji\\u017enica Plo\\u010de\",\"isPartOf\":{\"@id\":\"http:\/\/knjiznice.nsk.hr\/ploce\/#website\"},\"primaryImageOfPage\":{\"@id\":\"https:\/\/knjiznice.nsk.hr\/ploce\/sutnja-bijeloga-grada-ocjena-citateljskog-kluba\/#primaryimage\"},\"datePublished\":\"2023-10-26T10:00:15+00:00\",\"dateModified\":\"2025-01-30T17:02:52+00:00\",\"description\":\"Iako nas knjiga nije ni odu\\u0161evila ni razo\\u010darala, jasno je za\\u0161to se stalno \\u010dita \\u2013 pri\\u010da je atmosferi\\u010dna, likovi \\u017eivotni, a slu\\u010daj zanimljiv...\",\"breadcrumb\":{\"@id\":\"https:\/\/knjiznice.nsk.hr\/ploce\/sutnja-bijeloga-grada-ocjena-citateljskog-kluba\/#breadcrumb\"},\"inLanguage\":\"hr\",\"potentialAction\":[{\"@type\":\"ReadAction\",\"target\":[\"https:\/\/knjiznice.nsk.hr\/ploce\/sutnja-bijeloga-grada-ocjena-citateljskog-kluba\/\"]}]},{\"@type\":\"BreadcrumbList\",\"@id\":\"https:\/\/knjiznice.nsk.hr\/ploce\/sutnja-bijeloga-grada-ocjena-citateljskog-kluba\/#breadcrumb\",\"itemListElement\":[{\"@type\":\"ListItem\",\"position\":1,\"item\":{\"@type\":\"WebPage\",\"@id\":\"http:\/\/knjiznice.nsk.hr\/ploce\/\",\"url\":\"http:\/\/knjiznice.nsk.hr\/ploce\/\",\"name\":\"Po\\u010detna stranica\"}},{\"@type\":\"ListItem\",\"position\":2,\"item\":{\"@id\":\"https:\/\/knjiznice.nsk.hr\/ploce\/sutnja-bijeloga-grada-ocjena-citateljskog-kluba\/#webpage\"}}]},{\"@type\":\"Article\",\"@id\":\"https:\/\/knjiznice.nsk.hr\/ploce\/sutnja-bijeloga-grada-ocjena-citateljskog-kluba\/#article\",\"isPartOf\":{\"@id\":\"https:\/\/knjiznice.nsk.hr\/ploce\/sutnja-bijeloga-grada-ocjena-citateljskog-kluba\/#webpage\"},\"author\":{\"@id\":\"http:\/\/knjiznice.nsk.hr\/ploce\/#\/schema\/person\/0074421071d6080cb091f1ac8423613b\"},\"headline\":\"\\u0160utnja bijeloga grada \\u2013 ocjena \\u010citateljskog kluba\",\"datePublished\":\"2023-10-26T10:00:15+00:00\",\"dateModified\":\"2025-01-30T17:02:52+00:00\",\"mainEntityOfPage\":{\"@id\":\"https:\/\/knjiznice.nsk.hr\/ploce\/sutnja-bijeloga-grada-ocjena-citateljskog-kluba\/#webpage\"},\"wordCount\":411,\"publisher\":{\"@id\":\"http:\/\/knjiznice.nsk.hr\/ploce\/#organization\"},\"image\":{\"@id\":\"https:\/\/knjiznice.nsk.hr\/ploce\/sutnja-bijeloga-grada-ocjena-citateljskog-kluba\/#primaryimage\"},\"thumbnailUrl\":\"http:\/\/knjiznice.nsk.hr\/ploce\/wp-content\/uploads\/sites\/74\/2023\/10\/Sutnja-bijeloga-grada_naslovnica-200x300.jpg\",\"keywords\":[\"\\u010ditateljski klub\",\"Eva Garc\\u00eda S\\u00e1enz de Urturi\",\"ocjena knjige\",\"\\u0160utnja bijeloga grada\",\"Trilogija bijeloga grada\"],\"articleSection\":[\"\\u010citateljski klub\"],\"inLanguage\":\"hr\"},{\"@type\":\"Person\",\"@id\":\"http:\/\/knjiznice.nsk.hr\/ploce\/#\/schema\/person\/0074421071d6080cb091f1ac8423613b\",\"name\":\"ploce\",\"image\":{\"@type\":\"ImageObject\",\"@id\":\"http:\/\/knjiznice.nsk.hr\/ploce\/#personlogo\",\"inLanguage\":\"hr\",\"url\":\"https:\/\/secure.gravatar.com\/avatar\/0f92f507d1096d70edf6ff4d086b7873?s=96&d=mm&r=g\",\"contentUrl\":\"https:\/\/secure.gravatar.com\/avatar\/0f92f507d1096d70edf6ff4d086b7873?s=96&d=mm&r=g\",\"caption\":\"ploce\"},\"url\":\"https:\/\/knjiznice.nsk.hr\/ploce\/\"}]}<\/script>\n<!-- \/ Yoast SEO plugin. -->","_links":{"self":[{"href":"https:\/\/knjiznice.nsk.hr\/ploce\/wp-json\/wp\/v2\/posts\/8690"}],"collection":[{"href":"https:\/\/knjiznice.nsk.hr\/ploce\/wp-json\/wp\/v2\/posts"}],"about":[{"href":"https:\/\/knjiznice.nsk.hr\/ploce\/wp-json\/wp\/v2\/types\/post"}],"author":[{"embeddable":true,"href":"https:\/\/knjiznice.nsk.hr\/ploce\/wp-json\/wp\/v2\/users\/89"}],"replies":[{"embeddable":true,"href":"https:\/\/knjiznice.nsk.hr\/ploce\/wp-json\/wp\/v2\/comments?post=8690"}],"version-history":[{"count":4,"href":"https:\/\/knjiznice.nsk.hr\/ploce\/wp-json\/wp\/v2\/posts\/8690\/revisions"}],"predecessor-version":[{"id":9590,"href":"https:\/\/knjiznice.nsk.hr\/ploce\/wp-json\/wp\/v2\/posts\/8690\/revisions\/9590"}],"wp:attachment":[{"href":"https:\/\/knjiznice.nsk.hr\/ploce\/wp-json\/wp\/v2\/media?parent=8690"}],"wp:term":[{"taxonomy":"category","embeddable":true,"href":"https:\/\/knjiznice.nsk.hr\/ploce\/wp-json\/wp\/v2\/categories?post=8690"},{"taxonomy":"post_tag","embeddable":true,"href":"https:\/\/knjiznice.nsk.hr\/ploce\/wp-json\/wp\/v2\/tags?post=8690"}],"curies":[{"name":"wp","href":"https:\/\/api.w.org\/{rel}","templated":true}]}}