{"id":4571,"date":"2020-11-02T11:53:37","date_gmt":"2020-11-02T10:53:37","guid":{"rendered":"http:\/\/knjiznice.nsk.hr\/ploce\/?p=4571"},"modified":"2020-11-04T12:43:54","modified_gmt":"2020-11-04T11:43:54","slug":"odgoda-promocije-knjige-hrvatske-planine","status":"publish","type":"post","link":"https:\/\/knjiznice.nsk.hr\/ploce\/odgoda-promocije-knjige-hrvatske-planine\/","title":{"rendered":"Odgoda promocije knjige &#8220;Hrvatske planine&#8221;"},"content":{"rendered":"<div dir=\"auto\"><img loading=\"lazy\" class=\"alignleft wp-image-4572 size-medium\" title=\"Hrvatske planine_odgoda\" src=\"http:\/\/knjiznice.nsk.hr\/ploce\/wp-content\/uploads\/sites\/74\/2020\/11\/hrvatske-planine_naslovnica_ODGODA-226x300.jpg\" alt=\"Hrvatske planine_odgoda\" width=\"226\" height=\"300\" srcset=\"https:\/\/knjiznice.nsk.hr\/ploce\/wp-content\/uploads\/sites\/74\/2020\/11\/hrvatske-planine_naslovnica_ODGODA-226x300.jpg 226w, https:\/\/knjiznice.nsk.hr\/ploce\/wp-content\/uploads\/sites\/74\/2020\/11\/hrvatske-planine_naslovnica_ODGODA.jpg 360w\" sizes=\"(max-width: 226px) 100vw, 226px\" \/>Odga\u0111a se promocija knjige &#8220;Hrvatske planine&#8221; autora Alana \u010caplara (<a href=\"http:\/\/knjiznice.nsk.hr\/ploce\/razlistaj-se-u-mjesecu-hrvatske-knjige\/\" target=\"_blank\" rel=\"noopener noreferrer\">planirana za 5. 11. u sklopu MHK<\/a>).<\/div>\n<div dir=\"auto\">Promociju \u0107emo nastojati odr\u017eati prvom prilikom, a o novom terminu \u0107emo vas naknadno obavijestiti. Svakako i dalje pratite na\u0161e objave&#8230;<\/div>\n<div dir=\"auto\">&nbsp;<\/div>\n<div dir=\"auto\">U me\u0111uvremenu mo\u017eete posuditi neku od knjiga Alana \u010caplara iz na\u0161eg fonda. Dostupnost knjiga provjerite u <a href=\"https:\/\/library.foi.hr\/lib\/booksearch.php?B=23&amp;upit=%C8APLAR,%20Alan&amp;V=&amp;E=&amp;U=%C8APLAR,%20Alan&amp;ScrollAction=\" target=\"_blank\" rel=\"noopener noreferrer\">web-katalogu Narodne knji\u017enice Plo\u010de<\/a>.<\/div>\n","protected":false},"excerpt":{"rendered":"<p>Odga\u0111a se promocija knjige &#8220;Hrvatske planine&#8221; autora Alana \u010caplara (planirana za 5. 11. u sklopu MHK). Promociju \u0107emo nastojati odr\u017eati prvom prilikom, a o novom terminu \u0107emo vas naknadno obavijestiti. Svakako i dalje pratite na\u0161e objave&#8230; &nbsp; U me\u0111uvremenu mo\u017eete posuditi neku od knjiga Alana \u010caplara iz na\u0161eg fonda. Dostupnost knjiga provjerite u web-katalogu Narodne [&hellip;]<\/p>\n","protected":false},"author":89,"featured_media":0,"comment_status":"closed","ping_status":"closed","sticky":false,"template":"","format":"standard","meta":{"ngg_post_thumbnail":0},"categories":[25,10],"tags":[147,154,146],"yoast_head":"<!-- This site is optimized with the Yoast SEO plugin v16.4 - https:\/\/yoast.com\/wordpress\/plugins\/seo\/ -->\n<meta name=\"description\" content=\"Odga\u0111a se promocija knjige &quot;Hrvatske planine&quot; autora Alana \u010caplara (planirana za 5. 11.). Promociju \u0107emo nastojati odr\u017eati prvom prilikom...\" \/>\n<meta name=\"robots\" content=\"index, follow, max-snippet:-1, max-image-preview:large, max-video-preview:-1\" \/>\n<link rel=\"canonical\" href=\"http:\/\/knjiznice.nsk.hr\/ploce\/odgoda-promocije-knjige-hrvatske-planine\/\" \/>\n<meta property=\"og:locale\" content=\"hr_HR\" \/>\n<meta property=\"og:type\" content=\"article\" \/>\n<meta property=\"og:title\" content=\"Odgoda promocije knjige &quot;Hrvatske planine&quot; - Narodna knji\u017enica Plo\u010de\" \/>\n<meta property=\"og:description\" content=\"Odga\u0111a se promocija knjige &quot;Hrvatske planine&quot; autora Alana \u010caplara (planirana za 5. 11.). Promociju \u0107emo nastojati odr\u017eati prvom prilikom...\" \/>\n<meta property=\"og:url\" content=\"http:\/\/knjiznice.nsk.hr\/ploce\/odgoda-promocije-knjige-hrvatske-planine\/\" \/>\n<meta property=\"og:site_name\" content=\"Narodna knji\u017enica Plo\u010de\" \/>\n<meta property=\"article:publisher\" content=\"https:\/\/www.facebook.com\/narodnaknjiznica.ploce\/\" \/>\n<meta property=\"article:published_time\" content=\"2020-11-02T10:53:37+00:00\" \/>\n<meta property=\"article:modified_time\" content=\"2020-11-04T11:43:54+00:00\" \/>\n<meta property=\"og:image\" content=\"http:\/\/knjiznice.nsk.hr\/ploce\/wp-content\/uploads\/sites\/74\/2020\/11\/hrvatske-planine_naslovnica_ODGODA-226x300.jpg\" \/>\n<script type=\"application\/ld+json\" class=\"yoast-schema-graph\">{\"@context\":\"https:\/\/schema.org\",\"@graph\":[{\"@type\":\"Organization\",\"@id\":\"http:\/\/knjiznice.nsk.hr\/ploce\/#organization\",\"name\":\"Narodna knji\\u017enica Plo\\u010de\",\"url\":\"http:\/\/knjiznice.nsk.hr\/ploce\/\",\"sameAs\":[\"https:\/\/www.facebook.com\/narodnaknjiznica.ploce\/\"],\"logo\":{\"@type\":\"ImageObject\",\"@id\":\"http:\/\/knjiznice.nsk.hr\/ploce\/#logo\",\"inLanguage\":\"hr\",\"url\":\"http:\/\/knjiznice.nsk.hr\/ploce\/wp-content\/uploads\/sites\/74\/2015\/09\/logo_1.png\",\"contentUrl\":\"http:\/\/knjiznice.nsk.hr\/ploce\/wp-content\/uploads\/sites\/74\/2015\/09\/logo_1.png\",\"width\":861,\"height\":503,\"caption\":\"Narodna knji\\u017enica Plo\\u010de\"},\"image\":{\"@id\":\"http:\/\/knjiznice.nsk.hr\/ploce\/#logo\"}},{\"@type\":\"WebSite\",\"@id\":\"http:\/\/knjiznice.nsk.hr\/ploce\/#website\",\"url\":\"http:\/\/knjiznice.nsk.hr\/ploce\/\",\"name\":\"Narodna knji\\u017enica Plo\\u010de\",\"description\":\"\",\"publisher\":{\"@id\":\"http:\/\/knjiznice.nsk.hr\/ploce\/#organization\"},\"potentialAction\":[{\"@type\":\"SearchAction\",\"target\":\"http:\/\/knjiznice.nsk.hr\/ploce\/?s={search_term_string}\",\"query-input\":\"required name=search_term_string\"}],\"inLanguage\":\"hr\"},{\"@type\":\"ImageObject\",\"@id\":\"http:\/\/knjiznice.nsk.hr\/ploce\/odgoda-promocije-knjige-hrvatske-planine\/#primaryimage\",\"inLanguage\":\"hr\",\"url\":\"http:\/\/knjiznice.nsk.hr\/ploce\/wp-content\/uploads\/sites\/74\/2020\/11\/hrvatske-planine_naslovnica_ODGODA-226x300.jpg\",\"contentUrl\":\"http:\/\/knjiznice.nsk.hr\/ploce\/wp-content\/uploads\/sites\/74\/2020\/11\/hrvatske-planine_naslovnica_ODGODA-226x300.jpg\"},{\"@type\":\"WebPage\",\"@id\":\"http:\/\/knjiznice.nsk.hr\/ploce\/odgoda-promocije-knjige-hrvatske-planine\/#webpage\",\"url\":\"http:\/\/knjiznice.nsk.hr\/ploce\/odgoda-promocije-knjige-hrvatske-planine\/\",\"name\":\"Odgoda promocije knjige \\\"Hrvatske planine\\\" - Narodna knji\\u017enica Plo\\u010de\",\"isPartOf\":{\"@id\":\"http:\/\/knjiznice.nsk.hr\/ploce\/#website\"},\"primaryImageOfPage\":{\"@id\":\"http:\/\/knjiznice.nsk.hr\/ploce\/odgoda-promocije-knjige-hrvatske-planine\/#primaryimage\"},\"datePublished\":\"2020-11-02T10:53:37+00:00\",\"dateModified\":\"2020-11-04T11:43:54+00:00\",\"description\":\"Odga\\u0111a se promocija knjige \\\"Hrvatske planine\\\" autora Alana \\u010caplara (planirana za 5. 11.). Promociju \\u0107emo nastojati odr\\u017eati prvom prilikom...\",\"breadcrumb\":{\"@id\":\"http:\/\/knjiznice.nsk.hr\/ploce\/odgoda-promocije-knjige-hrvatske-planine\/#breadcrumb\"},\"inLanguage\":\"hr\",\"potentialAction\":[{\"@type\":\"ReadAction\",\"target\":[\"http:\/\/knjiznice.nsk.hr\/ploce\/odgoda-promocije-knjige-hrvatske-planine\/\"]}]},{\"@type\":\"BreadcrumbList\",\"@id\":\"http:\/\/knjiznice.nsk.hr\/ploce\/odgoda-promocije-knjige-hrvatske-planine\/#breadcrumb\",\"itemListElement\":[{\"@type\":\"ListItem\",\"position\":1,\"item\":{\"@type\":\"WebPage\",\"@id\":\"http:\/\/knjiznice.nsk.hr\/ploce\/\",\"url\":\"http:\/\/knjiznice.nsk.hr\/ploce\/\",\"name\":\"Po\\u010detna stranica\"}},{\"@type\":\"ListItem\",\"position\":2,\"item\":{\"@id\":\"http:\/\/knjiznice.nsk.hr\/ploce\/odgoda-promocije-knjige-hrvatske-planine\/#webpage\"}}]},{\"@type\":\"Article\",\"@id\":\"http:\/\/knjiznice.nsk.hr\/ploce\/odgoda-promocije-knjige-hrvatske-planine\/#article\",\"isPartOf\":{\"@id\":\"http:\/\/knjiznice.nsk.hr\/ploce\/odgoda-promocije-knjige-hrvatske-planine\/#webpage\"},\"author\":{\"@id\":\"http:\/\/knjiznice.nsk.hr\/ploce\/#\/schema\/person\/0074421071d6080cb091f1ac8423613b\"},\"headline\":\"Odgoda promocije knjige &#8220;Hrvatske planine&#8221;\",\"datePublished\":\"2020-11-02T10:53:37+00:00\",\"dateModified\":\"2020-11-04T11:43:54+00:00\",\"mainEntityOfPage\":{\"@id\":\"http:\/\/knjiznice.nsk.hr\/ploce\/odgoda-promocije-knjige-hrvatske-planine\/#webpage\"},\"wordCount\":68,\"publisher\":{\"@id\":\"http:\/\/knjiznice.nsk.hr\/ploce\/#organization\"},\"image\":{\"@id\":\"http:\/\/knjiznice.nsk.hr\/ploce\/odgoda-promocije-knjige-hrvatske-planine\/#primaryimage\"},\"thumbnailUrl\":\"http:\/\/knjiznice.nsk.hr\/ploce\/wp-content\/uploads\/sites\/74\/2020\/11\/hrvatske-planine_naslovnica_ODGODA-226x300.jpg\",\"keywords\":[\"Alan \\u010caplar\",\"Hrvatske planine\",\"MHK 2020.\"],\"articleSection\":[\"Najava doga\\u0111anja\",\"Obavijesti knji\\u017enice\"],\"inLanguage\":\"hr\"},{\"@type\":\"Person\",\"@id\":\"http:\/\/knjiznice.nsk.hr\/ploce\/#\/schema\/person\/0074421071d6080cb091f1ac8423613b\",\"name\":\"ploce\",\"image\":{\"@type\":\"ImageObject\",\"@id\":\"http:\/\/knjiznice.nsk.hr\/ploce\/#personlogo\",\"inLanguage\":\"hr\",\"url\":\"https:\/\/secure.gravatar.com\/avatar\/0f92f507d1096d70edf6ff4d086b7873?s=96&d=mm&r=g\",\"contentUrl\":\"https:\/\/secure.gravatar.com\/avatar\/0f92f507d1096d70edf6ff4d086b7873?s=96&d=mm&r=g\",\"caption\":\"ploce\"},\"url\":\"https:\/\/knjiznice.nsk.hr\/ploce\/\"}]}<\/script>\n<!-- \/ Yoast SEO plugin. -->","_links":{"self":[{"href":"https:\/\/knjiznice.nsk.hr\/ploce\/wp-json\/wp\/v2\/posts\/4571"}],"collection":[{"href":"https:\/\/knjiznice.nsk.hr\/ploce\/wp-json\/wp\/v2\/posts"}],"about":[{"href":"https:\/\/knjiznice.nsk.hr\/ploce\/wp-json\/wp\/v2\/types\/post"}],"author":[{"embeddable":true,"href":"https:\/\/knjiznice.nsk.hr\/ploce\/wp-json\/wp\/v2\/users\/89"}],"replies":[{"embeddable":true,"href":"https:\/\/knjiznice.nsk.hr\/ploce\/wp-json\/wp\/v2\/comments?post=4571"}],"version-history":[{"count":2,"href":"https:\/\/knjiznice.nsk.hr\/ploce\/wp-json\/wp\/v2\/posts\/4571\/revisions"}],"predecessor-version":[{"id":4574,"href":"https:\/\/knjiznice.nsk.hr\/ploce\/wp-json\/wp\/v2\/posts\/4571\/revisions\/4574"}],"wp:attachment":[{"href":"https:\/\/knjiznice.nsk.hr\/ploce\/wp-json\/wp\/v2\/media?parent=4571"}],"wp:term":[{"taxonomy":"category","embeddable":true,"href":"https:\/\/knjiznice.nsk.hr\/ploce\/wp-json\/wp\/v2\/categories?post=4571"},{"taxonomy":"post_tag","embeddable":true,"href":"https:\/\/knjiznice.nsk.hr\/ploce\/wp-json\/wp\/v2\/tags?post=4571"}],"curies":[{"name":"wp","href":"https:\/\/api.w.org\/{rel}","templated":true}]}}