{"id":3889,"date":"2020-07-16T10:18:31","date_gmt":"2020-07-16T08:18:31","guid":{"rendered":"http:\/\/knjiznice.nsk.hr\/ploce\/?p=3889"},"modified":"2020-07-16T10:27:38","modified_gmt":"2020-07-16T08:27:38","slug":"obavezno-nosenje-maski-u-knjiznici","status":"publish","type":"post","link":"https:\/\/knjiznice.nsk.hr\/ploce\/obavezno-nosenje-maski-u-knjiznici\/","title":{"rendered":"Obavezno no\u0161enje maski u Knji\u017enici"},"content":{"rendered":"<p><img loading=\"lazy\" class=\"alignleft wp-image-3891 size-medium\" src=\"http:\/\/knjiznice.nsk.hr\/ploce\/wp-content\/uploads\/sites\/74\/2020\/07\/maska_znak-za-vrata-300x300.jpg\" alt=\"\" width=\"300\" height=\"300\" srcset=\"https:\/\/knjiznice.nsk.hr\/ploce\/wp-content\/uploads\/sites\/74\/2020\/07\/maska_znak-za-vrata-300x300.jpg 300w, https:\/\/knjiznice.nsk.hr\/ploce\/wp-content\/uploads\/sites\/74\/2020\/07\/maska_znak-za-vrata-1024x1024.jpg 1024w, https:\/\/knjiznice.nsk.hr\/ploce\/wp-content\/uploads\/sites\/74\/2020\/07\/maska_znak-za-vrata-150x150.jpg 150w, https:\/\/knjiznice.nsk.hr\/ploce\/wp-content\/uploads\/sites\/74\/2020\/07\/maska_znak-za-vrata-768x767.jpg 768w, https:\/\/knjiznice.nsk.hr\/ploce\/wp-content\/uploads\/sites\/74\/2020\/07\/maska_znak-za-vrata-600x600.jpg 600w, https:\/\/knjiznice.nsk.hr\/ploce\/wp-content\/uploads\/sites\/74\/2020\/07\/maska_znak-za-vrata.jpg 1364w\" sizes=\"(max-width: 300px) 100vw, 300px\" \/>Prema <a href=\"https:\/\/civilna-zastita.gov.hr\/UserDocsImages\/CIVILNA%20ZA%C5%A0TITA\/PDF_ZA%20WEB\/Odluka%20maske%20-%201.%20dopuna.pdf\" target=\"_blank\" rel=\"noopener noreferrer\">odluci Nacionalnog sto\u017eera za civilnu za\u0161titu<\/a>, koja je stupila na snagu&nbsp;<strong>15. srpnja 2020<\/strong>.,&nbsp;<strong>tijekom boravka u knji\u017enici obavezno je kori\u0161tenje maske za lice uslijed trajanja progla\u0161ene epidemije bolesti COVID-19.<\/strong><\/p>\n<p>Molimo na\u0161e korisnike da se kao i dosad pridr\u017eavaju svih ostalih mjera za\u0161tite, kao \u0161to su dezinfekcija ruku i odr\u017eavanje preporu\u010denog razmaka.<\/p>\n<p><strong>Mali podsjetnik<\/strong>: pratite obavijesti na <a href=\"http:\/\/knjiznice.nsk.hr\/ploce\" target=\"_blank\" rel=\"noopener noreferrer\">slu\u017ebenoj stranici Knji\u017enice<\/a>, kao i na na\u0161oj <a href=\"https:\/\/www.facebook.com\/narodnaknjiznica.ploce\/\" target=\"_blank\" rel=\"noopener noreferrer\">Facebook stranici<\/a>. Posjetite na\u0161 <a href=\"https:\/\/library.foi.hr\/lib\/index.php?B=23\" target=\"_blank\" rel=\"noopener noreferrer\">online katalog<\/a>, gdje se mo\u017eete informirati o gra\u0111i koju knji\u017enica posjeduje, kao npr. o novim naslovima ili dostupnosti gra\u0111e. Prije posjeta mo\u017eete nas kontaktirati na broj telefona 020 676 393, e-mail knji\u017enice (<a href=\"mailto:narodna-knjiznica-ploce@h-1.hr\" target=\"_blank\" rel=\"noopener noreferrer\">narodna-knjiznica-ploce@h-1.hr<\/a>), ili porukom na fb stranici knji\u017enice te rezervirati knjige (po Va\u0161em izboru ili na\u0161oj preporuci), \u010dime se skra\u0107uje boravak u zatvorenom prostoru Knji\u017enice. Onima koji to \u017eele, knjige se mogu dostaviti i ispred Knji\u017enice. <span style=\"text-decoration: underline\">Zakasnina se i dalje ne napla\u0107uje<\/span>.<\/p>\n","protected":false},"excerpt":{"rendered":"<p>Prema odluci Nacionalnog sto\u017eera za civilnu za\u0161titu, koja je stupila na snagu&nbsp;15. srpnja 2020.,&nbsp;tijekom boravka u knji\u017enici obavezno je kori\u0161tenje maske za lice uslijed trajanja progla\u0161ene epidemije bolesti COVID-19. Molimo na\u0161e korisnike da se kao i dosad pridr\u017eavaju svih ostalih mjera za\u0161tite, kao \u0161to su dezinfekcija ruku i odr\u017eavanje preporu\u010denog razmaka. Mali podsjetnik: pratite obavijesti [&hellip;]<\/p>\n","protected":false},"author":89,"featured_media":3891,"comment_status":"closed","ping_status":"closed","sticky":false,"template":"","format":"standard","meta":{"ngg_post_thumbnail":0},"categories":[10],"tags":[131,130,138],"yoast_head":"<!-- This site is optimized with the Yoast SEO plugin v16.4 - https:\/\/yoast.com\/wordpress\/plugins\/seo\/ -->\n<meta name=\"description\" content=\"Prema odluci Nacionalnog sto\u017eera za civilnu za\u0161titu, koja je stupila na snagu\u00a015. srpnja,\u00a0tijekom boravka u knji\u017enici obavezno je kori\u0161tenje maske za lice\" \/>\n<meta name=\"robots\" content=\"index, follow, max-snippet:-1, max-image-preview:large, max-video-preview:-1\" \/>\n<link rel=\"canonical\" href=\"https:\/\/knjiznice.nsk.hr\/ploce\/obavezno-nosenje-maski-u-knjiznici\/\" \/>\n<meta property=\"og:locale\" content=\"hr_HR\" \/>\n<meta property=\"og:type\" content=\"article\" \/>\n<meta property=\"og:title\" content=\"Obavezno no\u0161enje maski u Knji\u017enici - Narodna knji\u017enica Plo\u010de\" \/>\n<meta property=\"og:description\" content=\"Prema odluci Nacionalnog sto\u017eera za civilnu za\u0161titu, koja je stupila na snagu\u00a015. srpnja,\u00a0tijekom boravka u knji\u017enici obavezno je kori\u0161tenje maske za lice\" \/>\n<meta property=\"og:url\" content=\"https:\/\/knjiznice.nsk.hr\/ploce\/obavezno-nosenje-maski-u-knjiznici\/\" \/>\n<meta property=\"og:site_name\" content=\"Narodna knji\u017enica Plo\u010de\" \/>\n<meta property=\"article:publisher\" content=\"https:\/\/www.facebook.com\/narodnaknjiznica.ploce\/\" \/>\n<meta property=\"article:published_time\" content=\"2020-07-16T08:18:31+00:00\" \/>\n<meta property=\"article:modified_time\" content=\"2020-07-16T08:27:38+00:00\" \/>\n<meta property=\"og:image\" content=\"http:\/\/knjiznice.nsk.hr\/ploce\/wp-content\/uploads\/sites\/74\/2020\/07\/maska_znak-za-vrata.jpg\" \/>\n\t<meta property=\"og:image:width\" content=\"1364\" \/>\n\t<meta property=\"og:image:height\" content=\"1363\" \/>\n<meta name=\"twitter:label1\" content=\"Procijenjeno vrijeme \u010ditanja\" \/>\n\t<meta name=\"twitter:data1\" content=\"1 minuta\" \/>\n<script type=\"application\/ld+json\" class=\"yoast-schema-graph\">{\"@context\":\"https:\/\/schema.org\",\"@graph\":[{\"@type\":\"Organization\",\"@id\":\"http:\/\/knjiznice.nsk.hr\/ploce\/#organization\",\"name\":\"Narodna knji\\u017enica Plo\\u010de\",\"url\":\"http:\/\/knjiznice.nsk.hr\/ploce\/\",\"sameAs\":[\"https:\/\/www.facebook.com\/narodnaknjiznica.ploce\/\"],\"logo\":{\"@type\":\"ImageObject\",\"@id\":\"http:\/\/knjiznice.nsk.hr\/ploce\/#logo\",\"inLanguage\":\"hr\",\"url\":\"http:\/\/knjiznice.nsk.hr\/ploce\/wp-content\/uploads\/sites\/74\/2015\/09\/logo_1.png\",\"contentUrl\":\"http:\/\/knjiznice.nsk.hr\/ploce\/wp-content\/uploads\/sites\/74\/2015\/09\/logo_1.png\",\"width\":861,\"height\":503,\"caption\":\"Narodna knji\\u017enica Plo\\u010de\"},\"image\":{\"@id\":\"http:\/\/knjiznice.nsk.hr\/ploce\/#logo\"}},{\"@type\":\"WebSite\",\"@id\":\"http:\/\/knjiznice.nsk.hr\/ploce\/#website\",\"url\":\"http:\/\/knjiznice.nsk.hr\/ploce\/\",\"name\":\"Narodna knji\\u017enica Plo\\u010de\",\"description\":\"\",\"publisher\":{\"@id\":\"http:\/\/knjiznice.nsk.hr\/ploce\/#organization\"},\"potentialAction\":[{\"@type\":\"SearchAction\",\"target\":\"http:\/\/knjiznice.nsk.hr\/ploce\/?s={search_term_string}\",\"query-input\":\"required name=search_term_string\"}],\"inLanguage\":\"hr\"},{\"@type\":\"ImageObject\",\"@id\":\"https:\/\/knjiznice.nsk.hr\/ploce\/obavezno-nosenje-maski-u-knjiznici\/#primaryimage\",\"inLanguage\":\"hr\",\"url\":\"https:\/\/knjiznice.nsk.hr\/ploce\/wp-content\/uploads\/sites\/74\/2020\/07\/maska_znak-za-vrata.jpg\",\"contentUrl\":\"https:\/\/knjiznice.nsk.hr\/ploce\/wp-content\/uploads\/sites\/74\/2020\/07\/maska_znak-za-vrata.jpg\",\"width\":1364,\"height\":1363},{\"@type\":\"WebPage\",\"@id\":\"https:\/\/knjiznice.nsk.hr\/ploce\/obavezno-nosenje-maski-u-knjiznici\/#webpage\",\"url\":\"https:\/\/knjiznice.nsk.hr\/ploce\/obavezno-nosenje-maski-u-knjiznici\/\",\"name\":\"Obavezno no\\u0161enje maski u Knji\\u017enici - Narodna knji\\u017enica Plo\\u010de\",\"isPartOf\":{\"@id\":\"http:\/\/knjiznice.nsk.hr\/ploce\/#website\"},\"primaryImageOfPage\":{\"@id\":\"https:\/\/knjiznice.nsk.hr\/ploce\/obavezno-nosenje-maski-u-knjiznici\/#primaryimage\"},\"datePublished\":\"2020-07-16T08:18:31+00:00\",\"dateModified\":\"2020-07-16T08:27:38+00:00\",\"description\":\"Prema odluci Nacionalnog sto\\u017eera za civilnu za\\u0161titu, koja je stupila na snagu\\u00a015. srpnja,\\u00a0tijekom boravka u knji\\u017enici obavezno je kori\\u0161tenje maske za lice\",\"breadcrumb\":{\"@id\":\"https:\/\/knjiznice.nsk.hr\/ploce\/obavezno-nosenje-maski-u-knjiznici\/#breadcrumb\"},\"inLanguage\":\"hr\",\"potentialAction\":[{\"@type\":\"ReadAction\",\"target\":[\"https:\/\/knjiznice.nsk.hr\/ploce\/obavezno-nosenje-maski-u-knjiznici\/\"]}]},{\"@type\":\"BreadcrumbList\",\"@id\":\"https:\/\/knjiznice.nsk.hr\/ploce\/obavezno-nosenje-maski-u-knjiznici\/#breadcrumb\",\"itemListElement\":[{\"@type\":\"ListItem\",\"position\":1,\"item\":{\"@type\":\"WebPage\",\"@id\":\"http:\/\/knjiznice.nsk.hr\/ploce\/\",\"url\":\"http:\/\/knjiznice.nsk.hr\/ploce\/\",\"name\":\"Po\\u010detna stranica\"}},{\"@type\":\"ListItem\",\"position\":2,\"item\":{\"@id\":\"https:\/\/knjiznice.nsk.hr\/ploce\/obavezno-nosenje-maski-u-knjiznici\/#webpage\"}}]},{\"@type\":\"Article\",\"@id\":\"https:\/\/knjiznice.nsk.hr\/ploce\/obavezno-nosenje-maski-u-knjiznici\/#article\",\"isPartOf\":{\"@id\":\"https:\/\/knjiznice.nsk.hr\/ploce\/obavezno-nosenje-maski-u-knjiznici\/#webpage\"},\"author\":{\"@id\":\"http:\/\/knjiznice.nsk.hr\/ploce\/#\/schema\/person\/0074421071d6080cb091f1ac8423613b\"},\"headline\":\"Obavezno no\\u0161enje maski u Knji\\u017enici\",\"datePublished\":\"2020-07-16T08:18:31+00:00\",\"dateModified\":\"2020-07-16T08:27:38+00:00\",\"mainEntityOfPage\":{\"@id\":\"https:\/\/knjiznice.nsk.hr\/ploce\/obavezno-nosenje-maski-u-knjiznici\/#webpage\"},\"wordCount\":174,\"publisher\":{\"@id\":\"http:\/\/knjiznice.nsk.hr\/ploce\/#organization\"},\"image\":{\"@id\":\"https:\/\/knjiznice.nsk.hr\/ploce\/obavezno-nosenje-maski-u-knjiznici\/#primaryimage\"},\"thumbnailUrl\":\"https:\/\/knjiznice.nsk.hr\/ploce\/wp-content\/uploads\/sites\/74\/2020\/07\/maska_znak-za-vrata.jpg\",\"keywords\":[\"COVID-19\",\"koronavirus\",\"mjere za\\u0161tite\"],\"articleSection\":[\"Obavijesti knji\\u017enice\"],\"inLanguage\":\"hr\"},{\"@type\":\"Person\",\"@id\":\"http:\/\/knjiznice.nsk.hr\/ploce\/#\/schema\/person\/0074421071d6080cb091f1ac8423613b\",\"name\":\"ploce\",\"image\":{\"@type\":\"ImageObject\",\"@id\":\"http:\/\/knjiznice.nsk.hr\/ploce\/#personlogo\",\"inLanguage\":\"hr\",\"url\":\"https:\/\/secure.gravatar.com\/avatar\/0f92f507d1096d70edf6ff4d086b7873?s=96&d=mm&r=g\",\"contentUrl\":\"https:\/\/secure.gravatar.com\/avatar\/0f92f507d1096d70edf6ff4d086b7873?s=96&d=mm&r=g\",\"caption\":\"ploce\"},\"url\":\"https:\/\/knjiznice.nsk.hr\/ploce\/\"}]}<\/script>\n<!-- \/ Yoast SEO plugin. -->","_links":{"self":[{"href":"https:\/\/knjiznice.nsk.hr\/ploce\/wp-json\/wp\/v2\/posts\/3889"}],"collection":[{"href":"https:\/\/knjiznice.nsk.hr\/ploce\/wp-json\/wp\/v2\/posts"}],"about":[{"href":"https:\/\/knjiznice.nsk.hr\/ploce\/wp-json\/wp\/v2\/types\/post"}],"author":[{"embeddable":true,"href":"https:\/\/knjiznice.nsk.hr\/ploce\/wp-json\/wp\/v2\/users\/89"}],"replies":[{"embeddable":true,"href":"https:\/\/knjiznice.nsk.hr\/ploce\/wp-json\/wp\/v2\/comments?post=3889"}],"version-history":[{"count":5,"href":"https:\/\/knjiznice.nsk.hr\/ploce\/wp-json\/wp\/v2\/posts\/3889\/revisions"}],"predecessor-version":[{"id":3896,"href":"https:\/\/knjiznice.nsk.hr\/ploce\/wp-json\/wp\/v2\/posts\/3889\/revisions\/3896"}],"wp:featuredmedia":[{"embeddable":true,"href":"https:\/\/knjiznice.nsk.hr\/ploce\/wp-json\/wp\/v2\/media\/3891"}],"wp:attachment":[{"href":"https:\/\/knjiznice.nsk.hr\/ploce\/wp-json\/wp\/v2\/media?parent=3889"}],"wp:term":[{"taxonomy":"category","embeddable":true,"href":"https:\/\/knjiznice.nsk.hr\/ploce\/wp-json\/wp\/v2\/categories?post=3889"},{"taxonomy":"post_tag","embeddable":true,"href":"https:\/\/knjiznice.nsk.hr\/ploce\/wp-json\/wp\/v2\/tags?post=3889"}],"curies":[{"name":"wp","href":"https:\/\/api.w.org\/{rel}","templated":true}]}}