{"id":3693,"date":"2020-05-29T17:09:28","date_gmt":"2020-05-29T15:09:28","guid":{"rendered":"http:\/\/knjiznice.nsk.hr\/ploce\/?p=3693"},"modified":"2020-05-29T17:31:04","modified_gmt":"2020-05-29T15:31:04","slug":"ljetno-radno-vrijeme-lipanj-srpanj-kolovoz","status":"publish","type":"post","link":"https:\/\/knjiznice.nsk.hr\/ploce\/ljetno-radno-vrijeme-lipanj-srpanj-kolovoz\/","title":{"rendered":"Ljetno radno vrijeme &#8211; lipanj\/ srpanj\/ kolovoz"},"content":{"rendered":"<p><span style=\"color: #000000\">Po\u0161tovani korisnici, <strong>od ponedjeljka, 1. lipnja<\/strong>, Narodna knji\u017enica Plo\u010de s korisnicima \u0107e raditi:<\/span><\/p>\n<p style=\"padding-left: 80px\"><span style=\"color: #000000\"><strong>ponedjeljkom i utorkom od 12:30 h do 20:00 h<\/strong><\/span><br \/>\n<span style=\"color: #000000\"><strong>srijedom, \u010detvrtkom i petkom od 08:00 h do 15:30 h<\/strong><\/span><\/p>\n<p><span style=\"color: #000000\">Ra<span class=\"text_exposed_show\">di spre\u010davanja \u0161irenja infekcije u prostoru knji\u017enice<\/span>&nbsp;i dalje vrijede pravila:<\/span><\/p>\n<div class=\"text_exposed_show\">\n<ul>\n<li><span style=\"color: #000000\">prilikom ulaska u knji\u017enicu&nbsp;<strong>obavezna je dezinfekcija ruku<\/strong> dezinfekcijskim sredstvom postavljenim s desne strane ulaza<\/span><\/li>\n<li><span style=\"color: #000000\">potrebno je dr\u017eati propisani&nbsp;<strong>razmak od 2 metra<\/strong>&nbsp;izme\u0111u korisnika i knji\u017eni\u010dara<\/span><\/li>\n<li><span style=\"color: #000000\">knjige koje razdu\u017eujete odlo\u017eite <strong>na stol preko puta pulta<\/strong><\/span><\/li>\n<\/ul>\n<p style=\"padding-left: 40px\"><span style=\"color: #000000\"><img loading=\"lazy\" class=\"alignnone wp-image-3695\" src=\"http:\/\/knjiznice.nsk.hr\/ploce\/wp-content\/uploads\/sites\/74\/2020\/05\/dezinfekcija-ruku-300x194.png\" alt=\"\" width=\"85\" height=\"55\" srcset=\"https:\/\/knjiznice.nsk.hr\/ploce\/wp-content\/uploads\/sites\/74\/2020\/05\/dezinfekcija-ruku-300x194.png 300w, https:\/\/knjiznice.nsk.hr\/ploce\/wp-content\/uploads\/sites\/74\/2020\/05\/dezinfekcija-ruku.png 574w\" sizes=\"(max-width: 85px) 100vw, 85px\" \/>&nbsp; &nbsp; &nbsp; &nbsp; &nbsp; &nbsp; &nbsp; &nbsp; <img loading=\"lazy\" class=\"alignnone wp-image-3697\" src=\"http:\/\/knjiznice.nsk.hr\/ploce\/wp-content\/uploads\/sites\/74\/2020\/05\/preporu\u010deni-razmak-300x138.png\" alt=\"\" width=\"120\" height=\"55\" srcset=\"https:\/\/knjiznice.nsk.hr\/ploce\/wp-content\/uploads\/sites\/74\/2020\/05\/preporu\u010deni-razmak-300x138.png 300w, https:\/\/knjiznice.nsk.hr\/ploce\/wp-content\/uploads\/sites\/74\/2020\/05\/preporu\u010deni-razmak-600x275.png 600w, https:\/\/knjiznice.nsk.hr\/ploce\/wp-content\/uploads\/sites\/74\/2020\/05\/preporu\u010deni-razmak.png 689w\" sizes=\"(max-width: 120px) 100vw, 120px\" \/>&nbsp; &nbsp; &nbsp; &nbsp; &nbsp; &nbsp; &nbsp; &nbsp;<img loading=\"lazy\" class=\"alignnone wp-image-3700\" src=\"http:\/\/knjiznice.nsk.hr\/ploce\/wp-content\/uploads\/sites\/74\/2020\/05\/odlaganje-knjiga-2-300x129.png\" alt=\"\" width=\"128\" height=\"55\" srcset=\"https:\/\/knjiznice.nsk.hr\/ploce\/wp-content\/uploads\/sites\/74\/2020\/05\/odlaganje-knjiga-2-300x129.png 300w, https:\/\/knjiznice.nsk.hr\/ploce\/wp-content\/uploads\/sites\/74\/2020\/05\/odlaganje-knjiga-2-600x258.png 600w, https:\/\/knjiznice.nsk.hr\/ploce\/wp-content\/uploads\/sites\/74\/2020\/05\/odlaganje-knjiga-2-760x330.png 760w, https:\/\/knjiznice.nsk.hr\/ploce\/wp-content\/uploads\/sites\/74\/2020\/05\/odlaganje-knjiga-2.png 768w\" sizes=\"(max-width: 128px) 100vw, 128px\" \/>&nbsp; &nbsp; &nbsp; &nbsp; &nbsp; &nbsp; &nbsp; &nbsp; <img loading=\"lazy\" class=\"alignnone wp-image-3706\" src=\"http:\/\/knjiznice.nsk.hr\/ploce\/wp-content\/uploads\/sites\/74\/2020\/05\/mjesto-za-rad-1-291x300.png\" alt=\"\" width=\"58\" height=\"60\" srcset=\"https:\/\/knjiznice.nsk.hr\/ploce\/wp-content\/uploads\/sites\/74\/2020\/05\/mjesto-za-rad-1-291x300.png 291w, https:\/\/knjiznice.nsk.hr\/ploce\/wp-content\/uploads\/sites\/74\/2020\/05\/mjesto-za-rad-1.png 353w\" sizes=\"(max-width: 58px) 100vw, 58px\" \/><\/span><\/p>\n<p><span style=\"color: #000000\">U sklopu postupne normalizacije rada i sukladno daljnjim popu\u0161tanjima mjera suzbijanja epidemije bolesti COVID-19, temeljem <a href=\"https:\/\/civilna-zastita.gov.hr\/vijesti\/vijesti\/priopcenje-za-medije-stozera-civilne-zastite-republike-hrvatske-od-27-svibnja-2020\/2589\" target=\"_blank\" rel=\"noopener noreferrer\">Odluke Sto\u017eera civilne za\u0161tite Republike Hrvatske od 27. svibnja 2020. godine<\/a>, u Knji\u017enici \u0107e od 1.6.2020. biti <strong>omogu\u0107en rad na Studijskom odjelu i AV odjelu<\/strong> \u2013 kori\u0161tenje ra\u010dunala, na mjestima ozna\u010denim kao <strong>Mjesta za rad<\/strong> (po jedna osoba na svakom odjelu, i prema dogovoru s knji\u017eni\u010darima) te prema <a href=\"https:\/\/www.nsk.hr\/wp-content\/uploads\/2020\/05\/Smjernice-za-pripremu-i-rad-%C4%8Ditaonica-u-knji%C5%BEnicama-u-uvjetima-epidemije-COVID-19-od-29.-svibnja-2020.-1.pdf\" target=\"_blank\" rel=\"noopener noreferrer\">Smjernicama Nacionalne i sveu\u010dili\u0161ne knji\u017enice u Zagrebu od 29. svibnja 2020.<\/a> i preporukama Hrvatskog zavoda za javno zdravstvo. Posebno isti\u010demo:<\/span><\/p>\n<ul>\n<li><span style=\"color: #000000\">korisnici koji planiraju dolazak u knji\u017enicu moraju voditi ra\u010duna o zdravstvenom stanju te, kako ne bi ugrozili druge, odustati od dolaska ako imaju povi\u0161enu temperaturu ili druge smetnje koje mogu ukazivati na simptome zaraze koronavirusom<\/span><\/li>\n<li><span style=\"color: #000000\">obvezno dezinficirati ruke i pridr\u017eavati se op\u0107ih uputa za higijenu ruku<\/span><\/li>\n<\/ul>\n<p><span style=\"color: #000000\">Molimo sve na\u0161e korisnike, ali i ostale zainteresirane da se pridr\u017eavaju svih epidemiolo\u0161kih mjera i strogih mjera fizi\u010dkog distanciranja sukladno preporukama HZJZ &#8211; Hrvatski zavod za javno zdravstvo, kao i uputa nadle\u017enih tijela vezanih uz poja\u010danu higijenu ruku.<\/span><\/p>\n<\/div>\n","protected":false},"excerpt":{"rendered":"<p>Po\u0161tovani korisnici, od ponedjeljka, 1. lipnja, Narodna knji\u017enica Plo\u010de s korisnicima \u0107e raditi: ponedjeljkom i utorkom od 12:30 h do 20:00 h srijedom, \u010detvrtkom i petkom od 08:00 h do 15:30 h Radi spre\u010davanja \u0161irenja infekcije u prostoru knji\u017enice&nbsp;i dalje vrijede pravila: prilikom ulaska u knji\u017enicu&nbsp;obavezna je dezinfekcija ruku dezinfekcijskim sredstvom postavljenim s desne strane [&hellip;]<\/p>\n","protected":false},"author":89,"featured_media":0,"comment_status":"closed","ping_status":"closed","sticky":false,"template":"","format":"standard","meta":{"ngg_post_thumbnail":0},"categories":[10,13],"tags":[131,130,135,70],"yoast_head":"<!-- This site is optimized with the Yoast SEO plugin v16.4 - https:\/\/yoast.com\/wordpress\/plugins\/seo\/ -->\n<meta name=\"description\" content=\"Od 1. lipnja, Narodna knji\u017enica Plo\u010de s korisnicima \u0107e raditi ponedjeljkom i utorkom od 12:30 do 20:00 h, a srijedom, \u010detvrtkom i petkom od 08:00 do 15:30 h\" \/>\n<meta name=\"robots\" content=\"index, follow, max-snippet:-1, max-image-preview:large, max-video-preview:-1\" \/>\n<link rel=\"canonical\" href=\"https:\/\/knjiznice.nsk.hr\/ploce\/ljetno-radno-vrijeme-lipanj-srpanj-kolovoz\/\" \/>\n<meta property=\"og:locale\" content=\"hr_HR\" \/>\n<meta property=\"og:type\" content=\"article\" \/>\n<meta property=\"og:title\" content=\"Ljetno radno vrijeme - lipanj\/ srpanj\/ kolovoz - Narodna knji\u017enica Plo\u010de\" \/>\n<meta property=\"og:description\" content=\"Od 1. lipnja, Narodna knji\u017enica Plo\u010de s korisnicima \u0107e raditi ponedjeljkom i utorkom od 12:30 do 20:00 h, a srijedom, \u010detvrtkom i petkom od 08:00 do 15:30 h\" \/>\n<meta property=\"og:url\" content=\"https:\/\/knjiznice.nsk.hr\/ploce\/ljetno-radno-vrijeme-lipanj-srpanj-kolovoz\/\" \/>\n<meta property=\"og:site_name\" content=\"Narodna knji\u017enica Plo\u010de\" \/>\n<meta property=\"article:publisher\" content=\"https:\/\/www.facebook.com\/narodnaknjiznica.ploce\/\" \/>\n<meta property=\"article:published_time\" content=\"2020-05-29T15:09:28+00:00\" \/>\n<meta property=\"article:modified_time\" content=\"2020-05-29T15:31:04+00:00\" \/>\n<meta property=\"og:image\" content=\"http:\/\/knjiznice.nsk.hr\/ploce\/wp-content\/uploads\/sites\/74\/2020\/05\/dezinfekcija-ruku-300x194.png\" \/>\n<meta name=\"twitter:label1\" content=\"Procijenjeno vrijeme \u010ditanja\" \/>\n\t<meta name=\"twitter:data1\" content=\"1 minuta\" \/>\n<script type=\"application\/ld+json\" class=\"yoast-schema-graph\">{\"@context\":\"https:\/\/schema.org\",\"@graph\":[{\"@type\":\"Organization\",\"@id\":\"http:\/\/knjiznice.nsk.hr\/ploce\/#organization\",\"name\":\"Narodna knji\\u017enica Plo\\u010de\",\"url\":\"http:\/\/knjiznice.nsk.hr\/ploce\/\",\"sameAs\":[\"https:\/\/www.facebook.com\/narodnaknjiznica.ploce\/\"],\"logo\":{\"@type\":\"ImageObject\",\"@id\":\"http:\/\/knjiznice.nsk.hr\/ploce\/#logo\",\"inLanguage\":\"hr\",\"url\":\"http:\/\/knjiznice.nsk.hr\/ploce\/wp-content\/uploads\/sites\/74\/2015\/09\/logo_1.png\",\"contentUrl\":\"http:\/\/knjiznice.nsk.hr\/ploce\/wp-content\/uploads\/sites\/74\/2015\/09\/logo_1.png\",\"width\":861,\"height\":503,\"caption\":\"Narodna knji\\u017enica Plo\\u010de\"},\"image\":{\"@id\":\"http:\/\/knjiznice.nsk.hr\/ploce\/#logo\"}},{\"@type\":\"WebSite\",\"@id\":\"http:\/\/knjiznice.nsk.hr\/ploce\/#website\",\"url\":\"http:\/\/knjiznice.nsk.hr\/ploce\/\",\"name\":\"Narodna knji\\u017enica Plo\\u010de\",\"description\":\"\",\"publisher\":{\"@id\":\"http:\/\/knjiznice.nsk.hr\/ploce\/#organization\"},\"potentialAction\":[{\"@type\":\"SearchAction\",\"target\":\"http:\/\/knjiznice.nsk.hr\/ploce\/?s={search_term_string}\",\"query-input\":\"required name=search_term_string\"}],\"inLanguage\":\"hr\"},{\"@type\":\"ImageObject\",\"@id\":\"https:\/\/knjiznice.nsk.hr\/ploce\/ljetno-radno-vrijeme-lipanj-srpanj-kolovoz\/#primaryimage\",\"inLanguage\":\"hr\",\"url\":\"http:\/\/knjiznice.nsk.hr\/ploce\/wp-content\/uploads\/sites\/74\/2020\/05\/dezinfekcija-ruku-300x194.png\",\"contentUrl\":\"http:\/\/knjiznice.nsk.hr\/ploce\/wp-content\/uploads\/sites\/74\/2020\/05\/dezinfekcija-ruku-300x194.png\"},{\"@type\":\"WebPage\",\"@id\":\"https:\/\/knjiznice.nsk.hr\/ploce\/ljetno-radno-vrijeme-lipanj-srpanj-kolovoz\/#webpage\",\"url\":\"https:\/\/knjiznice.nsk.hr\/ploce\/ljetno-radno-vrijeme-lipanj-srpanj-kolovoz\/\",\"name\":\"Ljetno radno vrijeme - lipanj\/ srpanj\/ kolovoz - Narodna knji\\u017enica Plo\\u010de\",\"isPartOf\":{\"@id\":\"http:\/\/knjiznice.nsk.hr\/ploce\/#website\"},\"primaryImageOfPage\":{\"@id\":\"https:\/\/knjiznice.nsk.hr\/ploce\/ljetno-radno-vrijeme-lipanj-srpanj-kolovoz\/#primaryimage\"},\"datePublished\":\"2020-05-29T15:09:28+00:00\",\"dateModified\":\"2020-05-29T15:31:04+00:00\",\"description\":\"Od 1. lipnja, Narodna knji\\u017enica Plo\\u010de s korisnicima \\u0107e raditi ponedjeljkom i utorkom od 12:30 do 20:00 h, a srijedom, \\u010detvrtkom i petkom od 08:00 do 15:30 h\",\"breadcrumb\":{\"@id\":\"https:\/\/knjiznice.nsk.hr\/ploce\/ljetno-radno-vrijeme-lipanj-srpanj-kolovoz\/#breadcrumb\"},\"inLanguage\":\"hr\",\"potentialAction\":[{\"@type\":\"ReadAction\",\"target\":[\"https:\/\/knjiznice.nsk.hr\/ploce\/ljetno-radno-vrijeme-lipanj-srpanj-kolovoz\/\"]}]},{\"@type\":\"BreadcrumbList\",\"@id\":\"https:\/\/knjiznice.nsk.hr\/ploce\/ljetno-radno-vrijeme-lipanj-srpanj-kolovoz\/#breadcrumb\",\"itemListElement\":[{\"@type\":\"ListItem\",\"position\":1,\"item\":{\"@type\":\"WebPage\",\"@id\":\"http:\/\/knjiznice.nsk.hr\/ploce\/\",\"url\":\"http:\/\/knjiznice.nsk.hr\/ploce\/\",\"name\":\"Po\\u010detna stranica\"}},{\"@type\":\"ListItem\",\"position\":2,\"item\":{\"@id\":\"https:\/\/knjiznice.nsk.hr\/ploce\/ljetno-radno-vrijeme-lipanj-srpanj-kolovoz\/#webpage\"}}]},{\"@type\":\"Article\",\"@id\":\"https:\/\/knjiznice.nsk.hr\/ploce\/ljetno-radno-vrijeme-lipanj-srpanj-kolovoz\/#article\",\"isPartOf\":{\"@id\":\"https:\/\/knjiznice.nsk.hr\/ploce\/ljetno-radno-vrijeme-lipanj-srpanj-kolovoz\/#webpage\"},\"author\":{\"@id\":\"http:\/\/knjiznice.nsk.hr\/ploce\/#\/schema\/person\/0074421071d6080cb091f1ac8423613b\"},\"headline\":\"Ljetno radno vrijeme &#8211; lipanj\/ srpanj\/ kolovoz\",\"datePublished\":\"2020-05-29T15:09:28+00:00\",\"dateModified\":\"2020-05-29T15:31:04+00:00\",\"mainEntityOfPage\":{\"@id\":\"https:\/\/knjiznice.nsk.hr\/ploce\/ljetno-radno-vrijeme-lipanj-srpanj-kolovoz\/#webpage\"},\"wordCount\":306,\"publisher\":{\"@id\":\"http:\/\/knjiznice.nsk.hr\/ploce\/#organization\"},\"image\":{\"@id\":\"https:\/\/knjiznice.nsk.hr\/ploce\/ljetno-radno-vrijeme-lipanj-srpanj-kolovoz\/#primaryimage\"},\"thumbnailUrl\":\"http:\/\/knjiznice.nsk.hr\/ploce\/wp-content\/uploads\/sites\/74\/2020\/05\/dezinfekcija-ruku-300x194.png\",\"keywords\":[\"COVID-19\",\"koronavirus\",\"obavijest o radnom vremenu\",\"radno vrijeme\"],\"articleSection\":[\"Obavijesti knji\\u017enice\",\"Obavijesti o radnom vremenu\"],\"inLanguage\":\"hr\"},{\"@type\":\"Person\",\"@id\":\"http:\/\/knjiznice.nsk.hr\/ploce\/#\/schema\/person\/0074421071d6080cb091f1ac8423613b\",\"name\":\"ploce\",\"image\":{\"@type\":\"ImageObject\",\"@id\":\"http:\/\/knjiznice.nsk.hr\/ploce\/#personlogo\",\"inLanguage\":\"hr\",\"url\":\"https:\/\/secure.gravatar.com\/avatar\/0f92f507d1096d70edf6ff4d086b7873?s=96&d=mm&r=g\",\"contentUrl\":\"https:\/\/secure.gravatar.com\/avatar\/0f92f507d1096d70edf6ff4d086b7873?s=96&d=mm&r=g\",\"caption\":\"ploce\"},\"url\":\"https:\/\/knjiznice.nsk.hr\/ploce\/\"}]}<\/script>\n<!-- \/ Yoast SEO plugin. -->","_links":{"self":[{"href":"https:\/\/knjiznice.nsk.hr\/ploce\/wp-json\/wp\/v2\/posts\/3693"}],"collection":[{"href":"https:\/\/knjiznice.nsk.hr\/ploce\/wp-json\/wp\/v2\/posts"}],"about":[{"href":"https:\/\/knjiznice.nsk.hr\/ploce\/wp-json\/wp\/v2\/types\/post"}],"author":[{"embeddable":true,"href":"https:\/\/knjiznice.nsk.hr\/ploce\/wp-json\/wp\/v2\/users\/89"}],"replies":[{"embeddable":true,"href":"https:\/\/knjiznice.nsk.hr\/ploce\/wp-json\/wp\/v2\/comments?post=3693"}],"version-history":[{"count":7,"href":"https:\/\/knjiznice.nsk.hr\/ploce\/wp-json\/wp\/v2\/posts\/3693\/revisions"}],"predecessor-version":[{"id":3708,"href":"https:\/\/knjiznice.nsk.hr\/ploce\/wp-json\/wp\/v2\/posts\/3693\/revisions\/3708"}],"wp:attachment":[{"href":"https:\/\/knjiznice.nsk.hr\/ploce\/wp-json\/wp\/v2\/media?parent=3693"}],"wp:term":[{"taxonomy":"category","embeddable":true,"href":"https:\/\/knjiznice.nsk.hr\/ploce\/wp-json\/wp\/v2\/categories?post=3693"},{"taxonomy":"post_tag","embeddable":true,"href":"https:\/\/knjiznice.nsk.hr\/ploce\/wp-json\/wp\/v2\/tags?post=3693"}],"curies":[{"name":"wp","href":"https:\/\/api.w.org\/{rel}","templated":true}]}}