{"id":3280,"date":"2019-10-18T19:46:43","date_gmt":"2019-10-18T17:46:43","guid":{"rendered":"http:\/\/knjiznice.nsk.hr\/ploce\/?p=3280"},"modified":"2019-10-18T19:46:43","modified_gmt":"2019-10-18T17:46:43","slug":"foto-kako-zacijeliti-povrede-iz-djetinjstva","status":"publish","type":"post","link":"https:\/\/knjiznice.nsk.hr\/ploce\/foto-kako-zacijeliti-povrede-iz-djetinjstva\/","title":{"rendered":"FOTO: Kako zacijeliti povrede iz djetinjstva"},"content":{"rendered":"<p>Iz <a href=\"http:\/\/www.cir-split.com\" target=\"_blank\" rel=\"noopener noreferrer\">Centra za integrativni razvoj Split<\/a> u goste nam je do\u0161la integrativna terapeutkinja, <a href=\"http:\/\/oliveradrutter.com\/\" target=\"_blank\" rel=\"noopener noreferrer\">Olivera Drutter<\/a>. Plo\u010danskoj publici odr\u017eala je zanimljivo predavanje na temu &#8220;Kako zacijeliti povrede iz djetinjstva u odrasloj dobi, metodama tjelesno orijentirane terapije (CIR metoda)&#8221;.<\/p>\n<p>Integrativna terapija postoji preko sto godina, a kod nas je postala popularna u zadnjih desetak. Nastala je spajanjem vi\u0161e psihoterapeutskih pravaca i u svom radu dodaje duhovnost kao neizostavni dio na\u0161e cjeline. Integrativni terapeut radi na svim na\u0161im razinama bi\u0107a, a to su mentalna, emocionalna, tjelesna i duhovna. Kroz komunikaciju osvje\u0161tavamo na\u0161u problematiku i imenujemo ih. Pokretanjem tijela, postavljaju\u0107i ga u odre\u0111ene polo\u017eaje osloba\u0111amo autenti\u010dne emocije koje su ostale blokirane na tjelesnoj razini. Zatim, dolazimo do spoznaje koja je na\u0161a stvarna potreba ostala zarobljena u emociji. Rastere\u0107ujemo tijelo i stvaramo nove puteve ka ve\u0107em gu\u0161tu, zadovoljstvu i osje\u0107aju.<\/p>\n<p>Za ostala doga\u0111anja u Mjesecu hrvatske knjige pogledajte cjelokupni program <a href=\"http:\/\/knjiznice.nsk.hr\/ploce\/u-ritmu-citanja-mhk-2019\/\" target=\"_blank\" rel=\"noopener noreferrer\">OVDJE<\/a>.<\/p>\n<!-- index.php -->\n<div\n\tclass=\"ngg-galleryoverview ngg-ajax-pagination-none\"\n\tid=\"ngg-gallery-d67c00394075bde0a20182328ab0450f-1\">\n\n    \t<div class=\"slideshowlink\">\n        <a href='https:\/\/knjiznice.nsk.hr\/ploce\/foto-kako-zacijeliti-povrede-iz-djetinjstva\/nggallery\/slideshow'>[Show slideshow]<\/a>\n\t\t\n\t<\/div>\n\t\t\t<!-- Thumbnails -->\n\t\t\t\t<div id=\"ngg-image-0\" class=\"ngg-gallery-thumbnail-box\" >\n\t\t\t\t        <div class=\"ngg-gallery-thumbnail\">\n            <a href=\"https:\/\/knjiznice.nsk.hr\/ploce\/wp-content\/uploads\/sites\/74\/nggallery\/kako-zacijeliti-povrede-iz-djetinjstva\/DSC05290_sm.jpg\"\n               title=\"\"\n               data-src=\"https:\/\/knjiznice.nsk.hr\/ploce\/wp-content\/uploads\/sites\/74\/nggallery\/kako-zacijeliti-povrede-iz-djetinjstva\/DSC05290_sm.jpg\"\n               data-thumbnail=\"https:\/\/knjiznice.nsk.hr\/ploce\/wp-content\/uploads\/sites\/74\/nggallery\/kako-zacijeliti-povrede-iz-djetinjstva\/thumbs\/thumbs_DSC05290_sm.jpg\"\n               data-image-id=\"972\"\n               data-title=\"DSC05290_sm\"\n               data-description=\"\"\n               data-image-slug=\"dsc05290_sm\"\n               class=\"ngg-fancybox\" rel=\"d67c00394075bde0a20182328ab0450f\">\n                <img\n                    title=\"DSC05290_sm\"\n                    alt=\"DSC05290_sm\"\n                    src=\"https:\/\/knjiznice.nsk.hr\/ploce\/wp-content\/uploads\/sites\/74\/nggallery\/kako-zacijeliti-povrede-iz-djetinjstva\/thumbs\/thumbs_DSC05290_sm.jpg\"\n                    width=\"120\"\n                    height=\"90\"\n                    style=\"max-width:100%;\"\n                \/>\n            <\/a>\n        <\/div>\n\t\t\t\t\t\t\t<\/div> \n\t\t\t\n        \n\t\t\t\t<div id=\"ngg-image-1\" class=\"ngg-gallery-thumbnail-box\" >\n\t\t\t\t        <div class=\"ngg-gallery-thumbnail\">\n            <a href=\"https:\/\/knjiznice.nsk.hr\/ploce\/wp-content\/uploads\/sites\/74\/nggallery\/kako-zacijeliti-povrede-iz-djetinjstva\/DSC05285_sm.jpg\"\n               title=\"\"\n               data-src=\"https:\/\/knjiznice.nsk.hr\/ploce\/wp-content\/uploads\/sites\/74\/nggallery\/kako-zacijeliti-povrede-iz-djetinjstva\/DSC05285_sm.jpg\"\n               data-thumbnail=\"https:\/\/knjiznice.nsk.hr\/ploce\/wp-content\/uploads\/sites\/74\/nggallery\/kako-zacijeliti-povrede-iz-djetinjstva\/thumbs\/thumbs_DSC05285_sm.jpg\"\n               data-image-id=\"973\"\n               data-title=\"DSC05285_sm\"\n               data-description=\"\"\n               data-image-slug=\"dsc05285_sm\"\n               class=\"ngg-fancybox\" rel=\"d67c00394075bde0a20182328ab0450f\">\n                <img\n                    title=\"DSC05285_sm\"\n                    alt=\"DSC05285_sm\"\n                    src=\"https:\/\/knjiznice.nsk.hr\/ploce\/wp-content\/uploads\/sites\/74\/nggallery\/kako-zacijeliti-povrede-iz-djetinjstva\/thumbs\/thumbs_DSC05285_sm.jpg\"\n                    width=\"120\"\n                    height=\"90\"\n                    style=\"max-width:100%;\"\n                \/>\n            <\/a>\n        <\/div>\n\t\t\t\t\t\t\t<\/div> \n\t\t\t\n        \n\t\t\t\t<div id=\"ngg-image-2\" class=\"ngg-gallery-thumbnail-box\" >\n\t\t\t\t        <div class=\"ngg-gallery-thumbnail\">\n            <a href=\"https:\/\/knjiznice.nsk.hr\/ploce\/wp-content\/uploads\/sites\/74\/nggallery\/kako-zacijeliti-povrede-iz-djetinjstva\/DSC05288_sm.jpg\"\n               title=\"\"\n               data-src=\"https:\/\/knjiznice.nsk.hr\/ploce\/wp-content\/uploads\/sites\/74\/nggallery\/kako-zacijeliti-povrede-iz-djetinjstva\/DSC05288_sm.jpg\"\n               data-thumbnail=\"https:\/\/knjiznice.nsk.hr\/ploce\/wp-content\/uploads\/sites\/74\/nggallery\/kako-zacijeliti-povrede-iz-djetinjstva\/thumbs\/thumbs_DSC05288_sm.jpg\"\n               data-image-id=\"974\"\n               data-title=\"DSC05288_sm\"\n               data-description=\"\"\n               data-image-slug=\"dsc05288_sm\"\n               class=\"ngg-fancybox\" rel=\"d67c00394075bde0a20182328ab0450f\">\n                <img\n                    title=\"DSC05288_sm\"\n                    alt=\"DSC05288_sm\"\n                    src=\"https:\/\/knjiznice.nsk.hr\/ploce\/wp-content\/uploads\/sites\/74\/nggallery\/kako-zacijeliti-povrede-iz-djetinjstva\/thumbs\/thumbs_DSC05288_sm.jpg\"\n                    width=\"120\"\n                    height=\"90\"\n                    style=\"max-width:100%;\"\n                \/>\n            <\/a>\n        <\/div>\n\t\t\t\t\t\t\t<\/div> \n\t\t\t\n        \n\t\t\n\t\t<!-- Pagination -->\n\t<div class='ngg-clear'><\/div>\t<\/div>\n\n","protected":false},"excerpt":{"rendered":"<p>Iz Centra za integrativni razvoj Split u goste nam je do\u0161la integrativna terapeutkinja, Olivera Drutter. Plo\u010danskoj publici odr\u017eala je zanimljivo predavanje na temu &#8220;Kako zacijeliti povrede iz djetinjstva u odrasloj dobi, metodama tjelesno orijentirane terapije (CIR metoda)&#8221;. Integrativna terapija postoji preko sto godina, a kod nas je postala popularna u zadnjih desetak. Nastala je spajanjem [&hellip;]<\/p>\n","protected":false},"author":89,"featured_media":0,"comment_status":"closed","ping_status":"closed","sticky":false,"template":"","format":"standard","meta":{"ngg_post_thumbnail":0},"categories":[10],"tags":[80,85,75,74,81,32,37],"yoast_head":"<!-- This site is optimized with the Yoast SEO plugin v16.4 - https:\/\/yoast.com\/wordpress\/plugins\/seo\/ -->\n<meta name=\"description\" content=\"Iz Centra za integrativni razvoj Split u goste nam je do\u0161la integrativna terapeutkinja, Olivera Drutter. Plo\u010danskoj publici odr\u017eala je zanimljivo predavanje na temu &quot;Kako zacijeliti povrede iz djetinjstva\" \/>\n<meta name=\"robots\" content=\"index, follow, max-snippet:-1, max-image-preview:large, max-video-preview:-1\" \/>\n<link rel=\"canonical\" href=\"http:\/\/knjiznice.nsk.hr\/ploce\/foto-kako-zacijeliti-povrede-iz-djetinjstva\/\" \/>\n<meta property=\"og:locale\" content=\"hr_HR\" \/>\n<meta property=\"og:type\" content=\"article\" \/>\n<meta property=\"og:title\" content=\"FOTO: Kako zacijeliti povrede iz djetinjstva - Narodna knji\u017enica Plo\u010de\" \/>\n<meta property=\"og:description\" content=\"Iz Centra za integrativni razvoj Split u goste nam je do\u0161la integrativna terapeutkinja, Olivera Drutter. Plo\u010danskoj publici odr\u017eala je zanimljivo predavanje na temu &quot;Kako zacijeliti povrede iz djetinjstva\" \/>\n<meta property=\"og:url\" content=\"http:\/\/knjiznice.nsk.hr\/ploce\/foto-kako-zacijeliti-povrede-iz-djetinjstva\/\" \/>\n<meta property=\"og:site_name\" content=\"Narodna knji\u017enica Plo\u010de\" \/>\n<meta property=\"article:publisher\" content=\"https:\/\/www.facebook.com\/narodnaknjiznica.ploce\/\" \/>\n<meta property=\"article:published_time\" content=\"2019-10-18T17:46:43+00:00\" \/>\n<meta name=\"twitter:label1\" content=\"Procijenjeno vrijeme \u010ditanja\" \/>\n\t<meta name=\"twitter:data1\" content=\"1 minuta\" \/>\n<script type=\"application\/ld+json\" class=\"yoast-schema-graph\">{\"@context\":\"https:\/\/schema.org\",\"@graph\":[{\"@type\":\"Organization\",\"@id\":\"http:\/\/knjiznice.nsk.hr\/ploce\/#organization\",\"name\":\"Narodna knji\\u017enica Plo\\u010de\",\"url\":\"http:\/\/knjiznice.nsk.hr\/ploce\/\",\"sameAs\":[\"https:\/\/www.facebook.com\/narodnaknjiznica.ploce\/\"],\"logo\":{\"@type\":\"ImageObject\",\"@id\":\"http:\/\/knjiznice.nsk.hr\/ploce\/#logo\",\"inLanguage\":\"hr\",\"url\":\"http:\/\/knjiznice.nsk.hr\/ploce\/wp-content\/uploads\/sites\/74\/2015\/09\/logo_1.png\",\"contentUrl\":\"http:\/\/knjiznice.nsk.hr\/ploce\/wp-content\/uploads\/sites\/74\/2015\/09\/logo_1.png\",\"width\":861,\"height\":503,\"caption\":\"Narodna knji\\u017enica Plo\\u010de\"},\"image\":{\"@id\":\"http:\/\/knjiznice.nsk.hr\/ploce\/#logo\"}},{\"@type\":\"WebSite\",\"@id\":\"http:\/\/knjiznice.nsk.hr\/ploce\/#website\",\"url\":\"http:\/\/knjiznice.nsk.hr\/ploce\/\",\"name\":\"Narodna knji\\u017enica Plo\\u010de\",\"description\":\"\",\"publisher\":{\"@id\":\"http:\/\/knjiznice.nsk.hr\/ploce\/#organization\"},\"potentialAction\":[{\"@type\":\"SearchAction\",\"target\":\"http:\/\/knjiznice.nsk.hr\/ploce\/?s={search_term_string}\",\"query-input\":\"required name=search_term_string\"}],\"inLanguage\":\"hr\"},{\"@type\":\"WebPage\",\"@id\":\"http:\/\/knjiznice.nsk.hr\/ploce\/foto-kako-zacijeliti-povrede-iz-djetinjstva\/#webpage\",\"url\":\"http:\/\/knjiznice.nsk.hr\/ploce\/foto-kako-zacijeliti-povrede-iz-djetinjstva\/\",\"name\":\"FOTO: Kako zacijeliti povrede iz djetinjstva - Narodna knji\\u017enica Plo\\u010de\",\"isPartOf\":{\"@id\":\"http:\/\/knjiznice.nsk.hr\/ploce\/#website\"},\"datePublished\":\"2019-10-18T17:46:43+00:00\",\"dateModified\":\"2019-10-18T17:46:43+00:00\",\"description\":\"Iz Centra za integrativni razvoj Split u goste nam je do\\u0161la integrativna terapeutkinja, Olivera Drutter. Plo\\u010danskoj publici odr\\u017eala je zanimljivo predavanje na temu \\\"Kako zacijeliti povrede iz djetinjstva\",\"breadcrumb\":{\"@id\":\"http:\/\/knjiznice.nsk.hr\/ploce\/foto-kako-zacijeliti-povrede-iz-djetinjstva\/#breadcrumb\"},\"inLanguage\":\"hr\",\"potentialAction\":[{\"@type\":\"ReadAction\",\"target\":[\"http:\/\/knjiznice.nsk.hr\/ploce\/foto-kako-zacijeliti-povrede-iz-djetinjstva\/\"]}]},{\"@type\":\"BreadcrumbList\",\"@id\":\"http:\/\/knjiznice.nsk.hr\/ploce\/foto-kako-zacijeliti-povrede-iz-djetinjstva\/#breadcrumb\",\"itemListElement\":[{\"@type\":\"ListItem\",\"position\":1,\"item\":{\"@type\":\"WebPage\",\"@id\":\"http:\/\/knjiznice.nsk.hr\/ploce\/\",\"url\":\"http:\/\/knjiznice.nsk.hr\/ploce\/\",\"name\":\"Po\\u010detna stranica\"}},{\"@type\":\"ListItem\",\"position\":2,\"item\":{\"@id\":\"http:\/\/knjiznice.nsk.hr\/ploce\/foto-kako-zacijeliti-povrede-iz-djetinjstva\/#webpage\"}}]},{\"@type\":\"Article\",\"@id\":\"http:\/\/knjiznice.nsk.hr\/ploce\/foto-kako-zacijeliti-povrede-iz-djetinjstva\/#article\",\"isPartOf\":{\"@id\":\"http:\/\/knjiznice.nsk.hr\/ploce\/foto-kako-zacijeliti-povrede-iz-djetinjstva\/#webpage\"},\"author\":{\"@id\":\"http:\/\/knjiznice.nsk.hr\/ploce\/#\/schema\/person\/0074421071d6080cb091f1ac8423613b\"},\"headline\":\"FOTO: Kako zacijeliti povrede iz djetinjstva\",\"datePublished\":\"2019-10-18T17:46:43+00:00\",\"dateModified\":\"2019-10-18T17:46:43+00:00\",\"mainEntityOfPage\":{\"@id\":\"http:\/\/knjiznice.nsk.hr\/ploce\/foto-kako-zacijeliti-povrede-iz-djetinjstva\/#webpage\"},\"wordCount\":182,\"publisher\":{\"@id\":\"http:\/\/knjiznice.nsk.hr\/ploce\/#organization\"},\"keywords\":[\"Centar za integrativni razvoj\",\"CIR\",\"MHK 2019.\",\"Mjesec hrvatske knjige 2019.\",\"Olivera Drutter\",\"predavanje\",\"psihologija\"],\"articleSection\":[\"Obavijesti knji\\u017enice\"],\"inLanguage\":\"hr\"},{\"@type\":\"Person\",\"@id\":\"http:\/\/knjiznice.nsk.hr\/ploce\/#\/schema\/person\/0074421071d6080cb091f1ac8423613b\",\"name\":\"ploce\",\"image\":{\"@type\":\"ImageObject\",\"@id\":\"http:\/\/knjiznice.nsk.hr\/ploce\/#personlogo\",\"inLanguage\":\"hr\",\"url\":\"https:\/\/secure.gravatar.com\/avatar\/0f92f507d1096d70edf6ff4d086b7873?s=96&d=mm&r=g\",\"contentUrl\":\"https:\/\/secure.gravatar.com\/avatar\/0f92f507d1096d70edf6ff4d086b7873?s=96&d=mm&r=g\",\"caption\":\"ploce\"},\"url\":\"https:\/\/knjiznice.nsk.hr\/ploce\/\"}]}<\/script>\n<!-- \/ Yoast SEO plugin. -->","_links":{"self":[{"href":"https:\/\/knjiznice.nsk.hr\/ploce\/wp-json\/wp\/v2\/posts\/3280"}],"collection":[{"href":"https:\/\/knjiznice.nsk.hr\/ploce\/wp-json\/wp\/v2\/posts"}],"about":[{"href":"https:\/\/knjiznice.nsk.hr\/ploce\/wp-json\/wp\/v2\/types\/post"}],"author":[{"embeddable":true,"href":"https:\/\/knjiznice.nsk.hr\/ploce\/wp-json\/wp\/v2\/users\/89"}],"replies":[{"embeddable":true,"href":"https:\/\/knjiznice.nsk.hr\/ploce\/wp-json\/wp\/v2\/comments?post=3280"}],"version-history":[{"count":2,"href":"https:\/\/knjiznice.nsk.hr\/ploce\/wp-json\/wp\/v2\/posts\/3280\/revisions"}],"predecessor-version":[{"id":3287,"href":"https:\/\/knjiznice.nsk.hr\/ploce\/wp-json\/wp\/v2\/posts\/3280\/revisions\/3287"}],"wp:attachment":[{"href":"https:\/\/knjiznice.nsk.hr\/ploce\/wp-json\/wp\/v2\/media?parent=3280"}],"wp:term":[{"taxonomy":"category","embeddable":true,"href":"https:\/\/knjiznice.nsk.hr\/ploce\/wp-json\/wp\/v2\/categories?post=3280"},{"taxonomy":"post_tag","embeddable":true,"href":"https:\/\/knjiznice.nsk.hr\/ploce\/wp-json\/wp\/v2\/tags?post=3280"}],"curies":[{"name":"wp","href":"https:\/\/api.w.org\/{rel}","templated":true}]}}