{"id":10012,"date":"2025-10-10T09:29:08","date_gmt":"2025-10-10T07:29:08","guid":{"rendered":"http:\/\/knjiznice.nsk.hr\/ploce\/?p=10012"},"modified":"2025-10-21T19:13:11","modified_gmt":"2025-10-21T17:13:11","slug":"mjesec-hrvatske-knjige-2025-odabrali-knjiznicari","status":"publish","type":"post","link":"https:\/\/knjiznice.nsk.hr\/ploce\/mjesec-hrvatske-knjige-2025-odabrali-knjiznicari\/","title":{"rendered":"Mjesec hrvatske knjige 2025.: Odabrali knji\u017eni\u010dari"},"content":{"rendered":"<p>U svijetu prepunom kratkih vijesti i brzih pretra\u017eivanja, u kojemu informacije putuju br\u017ee nego ikada, a buka i \u017eurba bliski su pratioci ljudske svakodnevnice, jo\u0161 uvijek postoje mjesta gdje se misao smije zadr\u017eati i rasti. Uto\u010di\u0161ta u kojima se mo\u017ee zastati, pitati, tra\u017eiti, listati, saznavati, dru\u017eiti, povezivati, zabavljati, a ponekad tek \u2013 biti<\/p>\n<div>\n<p>Mjesta u\u010denja novih slova, ali i starih znanja. Kutci u kojima istra\u017eujemo, otkrivamo, spoznajemo. Lokacije kojima se vra\u0107amo i onda kada lutamo. To su knji\u017enice \u2013 one u kojima ideje \u017eive, zajedni\u010dka dobra koja nas iznova podsje\u0107aju da znanje nije luksuz, ve\u0107 mora biti dostupno svima, i da \u010ditanje ne mora biti samo bijeg ve\u0107 i povratak sebi i svijetu\u2026<\/p>\n<p>Ali \u0161to je knji\u017enica bez knji\u017eni\u010dara? Mo\u017eemo li zamisliti prostor ispunjen knjigama bez onih koji tim knjigama daju \u017eivot, a prostoru smisao? Onih koji znanje \u010duvaju, ali ga i nesebi\u010dno dijele. Onih koji tihe i zatvorene riznice znanja pretvaraju u \u017eiva kulturna i dru\u0161tvena sredi\u0161ta, mjesta susreta i otkri\u0107a koja dobrodo\u0161licu pru\u017eaju \u2013 svima. Knji\u017eni\u010dar danas nije samo \u010duvar knjiga, ve\u0107 i onaj koji oslu\u0161kuje, usmjerava i poma\u017ee. Neprestano u\u010di i stvara, njeguje tradiciju istovremeno se prilago\u0111avaju\u0107i novim tehnologijama, razvija informacijske vje\u0161tine, promi\u010de ljepotu \u010ditanja, povezuje generacije i spaja naizgled nespojive svjetove&#8230; Ba\u0161 poput renesansnog \u010dovjeka, otvorenog, obrazovanog i znati\u017eeljnog pojedinca, koji neumorno traga za novim horizontima i povezuje razli\u010dita znanja, i suvremeni knji\u017eni\u010dar nosi duh tog pomalo zaboravljenog, ali i dalje \u017eivog ideala svestranosti.<\/p>\n<p>I zato ovaj Mjesec hrvatske knjige posve\u0107ujemo onima koji \u010dine srce svake knji\u017enice, onima koji nisu samo stru\u010dnjaci za knjige i \u010ditanje, nego stvaratelji okru\u017eenja u kojem znanje raste, kultura se stvara i umna\u017ea, a razli\u010ditosti nalaze prostor za uva\u017eavaju\u0107i dijalog i toleranciju. Ova je manifestacija prilika da istaknemo \u010desto manje primjetnu, a izuzetno va\u017enu <strong>ulogu knji\u017eni\u010dara<\/strong>, ali i da se zapitamo kako ostati vjeran humanisti\u010dkim idealima u svijetu koji sve vi\u0161e oblikuju digitalne tehnologije.<\/p>\n<p>U ovoj se godini obilje\u017eavaju i tri zna\u010dajne obljetnice \u2013 550. obljetnica ro\u0111enja talijanskog homo universalisa <strong>Michelangela Buonarottija<\/strong>, 120. godi\u0161njica ro\u0111enja me\u0111unarodno priznate hrvatske knji\u017eni\u010darke <strong>Eve Verone<\/strong> i 85. godi\u0161njica osnutka <strong>Hrvatskoga knji\u017eni\u010darskog dru\u0161tva<\/strong>.<\/p>\n<p>Kroz knjige, susrete, \u010ditanja i razgovore, uz slogan <strong><em>Odabrali knji\u017eni\u010dari<\/em><\/strong>, otkrit \u0107emo vam na\u0161 svijet, slo\u017eenost i \u010daroliju na\u0161eg rada, raznolikost i bogatstvo knji\u017enica u kojima djelujemo, slojevitost na\u0161ih uloga i podru\u010dja interesa, posebnost i snagu na\u0161e profesije.<\/p>\n<p>(tekst preuzet sa&nbsp;<a href=\"https:\/\/mhk.hr\/mjesec-hrvatske-knjige-2025-odabrali-knjiznicari\" target=\"_blank\" rel=\"noopener\" data-wahfont=\"16\">stranica manifestacije MHK<\/a>)<\/p>\n<\/div>\n<div>&nbsp;<\/div>\n<div><img loading=\"lazy\" class=\"alignnone wp-image-10008 size-large\" src=\"http:\/\/knjiznice.nsk.hr\/ploce\/wp-content\/uploads\/sites\/74\/2025\/10\/1_Mjesec-Hrv-Knjige-Banner-820x312-jpg-1024x389.png\" alt=\"\" width=\"1024\" height=\"389\" srcset=\"https:\/\/knjiznice.nsk.hr\/ploce\/wp-content\/uploads\/sites\/74\/2025\/10\/1_Mjesec-Hrv-Knjige-Banner-820x312-jpg-1024x389.png 1024w, https:\/\/knjiznice.nsk.hr\/ploce\/wp-content\/uploads\/sites\/74\/2025\/10\/1_Mjesec-Hrv-Knjige-Banner-820x312-jpg-300x114.png 300w, https:\/\/knjiznice.nsk.hr\/ploce\/wp-content\/uploads\/sites\/74\/2025\/10\/1_Mjesec-Hrv-Knjige-Banner-820x312-jpg-768x292.png 768w, https:\/\/knjiznice.nsk.hr\/ploce\/wp-content\/uploads\/sites\/74\/2025\/10\/1_Mjesec-Hrv-Knjige-Banner-820x312-jpg-600x228.png 600w, https:\/\/knjiznice.nsk.hr\/ploce\/wp-content\/uploads\/sites\/74\/2025\/10\/1_Mjesec-Hrv-Knjige-Banner-820x312-jpg-1536x584.png 1536w, https:\/\/knjiznice.nsk.hr\/ploce\/wp-content\/uploads\/sites\/74\/2025\/10\/1_Mjesec-Hrv-Knjige-Banner-820x312-jpg.png 1709w\" sizes=\"(max-width: 1024px) 100vw, 1024px\" \/><\/div>\n<div>&nbsp;<\/div>\n<div>\n<p><strong>MJESEC HRVATSKE KNJIGE 2025.<\/strong><\/p>\n<p><strong>(15. listopada \u2013 15. studenog)<\/strong><\/p>\n<p><strong>PROGRAM NARODNE KNJI\u017dNICE PLO\u010cE<\/strong><\/p>\n<p><strong><u>Akcije (traju tijekom cijelog MHK):<\/u><\/strong><\/p>\n<ul>\n<li><strong>I ja \u017eelim biti \u010dlan knji\u017enice!<\/strong> \u2013 besplatan upis za sve u\u010denike od 1. do 8. razreda<\/li>\n<li><strong>Sad je vrijeme da vrati\u0161 knjigu!<\/strong> \u2013 vra\u0107anje zaboravljenih knjiga bez naplate zakasnine&nbsp; &nbsp; &nbsp;<br \/>\n<strong>16. 10. | \u010detvrtak | 19:00 h<br \/>\n<\/strong>Putopisno predavanje <strong><em>\u02ddSvijet kroz moj objektiv\u02dd<\/em> &#8211; Jurice Gali\u0107a Juke, <\/strong>fotografa, putopisca i svjetskog putnik<br \/>\n<strong>17. 10. | petak |18:00 h<\/strong><br \/>\n<strong><em>\u02ddPripovijedanje uz violinu\u02dd<\/em><\/strong> \u2013 profesorica violine i pripovjeda\u010dice <strong>Marina \u0110or\u0111evi\u0107<\/strong> &#8211; za djecu od 4 do 11 godina<br \/>\n<strong>20. 10. | ponedjeljak | 19:00 h<\/strong><br \/>\n<strong><em>\u02ddHrvatski jezik u godini 1100. obljetnice Hrvatskog Kraljevstva\u02dd<\/em><\/strong> \u2013 predavanje za odrasle <strong><strong><strong><strong>dr. sc. Domagoja Vidovi\u0107a<\/strong><\/strong><\/strong><\/strong>&nbsp;<br \/>\n<strong>27. 10. | ponedjeljak | 17:30 h<br \/>\n<em><span style=\"color: #ff6600\"><a style=\"color: #ff6600\" href=\"https:\/\/library.foi.hr\/lib\/knjiga.php?B=23&amp;item=15580&amp;upit=kako%20je%20flegmarin\" target=\"_blank\" rel=\"noopener\"><span style=\"color: #ff6600\">\u02ddKako je Flegmarin postao kapetan\u02dd<\/span><\/a> <\/span>&#8211; <\/em><\/strong>predstavljanje romana i knji\u017eevni susret u\u010denika vi\u0161ih razreda osnovne \u0161kole (prema dogovoru) s autoricom <span style=\"color: #ff6600\"><a style=\"color: #ff6600\" href=\"https:\/\/library.foi.hr\/lib\/booksearch.php?B=23&amp;K=A&amp;O=1&amp;upit=MR%C4%8CELA,%20Magdalena\" target=\"_blank\" rel=\"noopener\"><strong><strong><strong><strong>Magdalenom Mr\u010delom<\/strong><\/strong><\/strong><\/strong>&nbsp;<\/a><\/span><strong><br \/>\n28. 10. | utorak | 18:00 h<\/strong><br \/>\n<span style=\"color: #ff6600\"><a style=\"color: #ff6600\" href=\"https:\/\/library.foi.hr\/lib\/booksearch.php?B=23&amp;upit=kako%20je%20flegmarin&amp;V=&amp;E=&amp;U=kako%20je%20flegmarin&amp;ScrollAction=\" target=\"_blank\" rel=\"noopener\"><strong><em>\u02ddDoktor Oliver i \u0161umske \u017eivotinje\u02dd<\/em><\/strong> <\/a><\/span>\u2013 predstavljenje slikovnice, pri\u010daonica i dru\u017eenje s autorom <span style=\"color: #ff6600\"><a style=\"color: #ff6600\" href=\"https:\/\/library.foi.hr\/lib\/booksearch.php?B=23&amp;K=A&amp;O=1&amp;upit=MOROVI%C4%86,%20Miro\" target=\"_blank\" rel=\"noopener\"><strong>Mirom Morovi\u0107em <\/strong><\/a><\/span>\u2013 za djecu od 5 do 11 godina<br \/>\n<strong>29. 10. | utorak | 10:30 h<br \/>\n<\/strong>Odgojne skupine <strong><em>La\u0111ari <\/em><\/strong>i <strong><em>Gusari<\/em><\/strong> iz <strong>Dje\u010djeg vrti\u0107a Komin<\/strong> izvest \u0107e predstavu <strong>\u02ddZrno p\u0161enice\u02dd.<\/strong> Odgojiteljice <strong>\u017deljana Radoni\u0107<\/strong> i <strong><strong><strong><strong>Maja Medak<\/strong><\/strong><\/strong><\/strong>&nbsp;<br \/>\n<strong>4. 11. | utorak | 18:00 h<\/strong><br \/>\n<strong><em>\u02ddUmi\u0161ljena bubamara\u02dd<\/em><\/strong> \u2013 predstavljanje slikovnice, pri\u010daonica i kreativna radionica s autoricom<span style=\"color: #ff6600\"> <a style=\"color: #ff6600\" href=\"https:\/\/library.foi.hr\/lib\/booksearch.php?B=23&amp;K=A&amp;O=1&amp;upit=JUKI%C4%86%20Bandi%C4%87,%20Milena\" target=\"_blank\" rel=\"noopener\"><strong>Milenom Juki\u0107 Bandi\u0107<\/strong> <\/a><\/span>\u2013 za djecu od 5 do 11 godina<br \/>\n<strong>7. 11. | petak | 19:00 h<\/strong><br \/>\n<strong><em>\u02ddUmjetna inteligencija za svakog: kako AI oblikuje igre, knjige i u\u010denje\u02dd <\/em><\/strong>\u2013 predavanje <strong>\u017divke Krsti\u0107a<\/strong>, podatkovnog znanstvenika i poduzetnika<br \/>\n<strong><strong>11. 11. | utorak | 17:00 h<\/strong><\/strong><strong><em>\u02ddPut do knjige\u02dd<\/em><\/strong> \u2013 radionicu za djecu od 2 do 3 godine \u2013 voditeljica radionice <strong>Bo\u017eena Dela\u0161<\/strong>, lutkarski pedagog<br \/>\n<strong>12. 11. | srijeda | 18:00 h<\/strong><br \/>\nPoetsko-glazbena ve\u010der <strong>\u02ddTin \u2013 glas vje\u010dne samo\u0107e\u02dd<\/strong> \u2013 profesori i u\u010denici <strong><strong><strong><strong>S\u0160 fra A. K. Mio\u0161i\u0107a Plo\u010de<\/strong><\/strong><\/strong><\/strong>&nbsp;<br \/>\n<strong>13. 11. | \u010detvrtak | 19:00 h<br \/>\n<\/strong>Predstavljanje knjige<strong> <em><span style=\"color: #ff6600\"><a style=\"color: #ff6600\" href=\"https:\/\/library.foi.hr\/lib\/knjiga.php?B=23&amp;item=23046&amp;upit=mala%20knjiga%20za%20veliki\" target=\"_blank\" rel=\"noopener\">\u02ddMala knjiga za veliki \u017eivot\u02dd<\/a> <\/span>\u2013 <\/em><\/strong>autorice&nbsp;<span style=\"color: #ff6600\"><a style=\"color: #ff6600\" href=\"https:\/\/library.foi.hr\/lib\/booksearch.php?B=23&amp;K=A&amp;O=1&amp;upit=Mari%C4%87,%20An%C4%91a\" target=\"_blank\" rel=\"noopener\"> <strong>An\u0111e Mari\u0107<\/strong><\/a>,<\/span> glazbenice i motivatorice<\/li>\n<\/ul>\n<p>&nbsp;<\/p>\n<\/div>\n","protected":false},"excerpt":{"rendered":"<p>U svijetu prepunom kratkih vijesti i brzih pretra\u017eivanja, u kojemu informacije putuju br\u017ee nego ikada, a buka i \u017eurba bliski su pratioci ljudske svakodnevnice, jo\u0161 uvijek postoje mjesta gdje se misao smije zadr\u017eati i rasti. Uto\u010di\u0161ta u kojima se mo\u017ee zastati, pitati, tra\u017eiti, listati, saznavati, dru\u017eiti, povezivati, zabavljati, a ponekad tek \u2013 biti Mjesta u\u010denja [&hellip;]<\/p>\n","protected":false},"author":89,"featured_media":0,"comment_status":"closed","ping_status":"closed","sticky":false,"template":"","format":"standard","meta":{"ngg_post_thumbnail":0},"categories":[10],"tags":[512,515,514,502,517,506,519,510,507,503,93,516,433,508,321,518,511,513,145,501,504,505,509],"yoast_head":"<!-- This site is optimized with the Yoast SEO plugin v16.4 - https:\/\/yoast.com\/wordpress\/plugins\/seo\/ -->\n<meta name=\"robots\" content=\"index, follow, max-snippet:-1, max-image-preview:large, max-video-preview:-1\" \/>\n<link rel=\"canonical\" href=\"https:\/\/knjiznice.nsk.hr\/ploce\/mjesec-hrvatske-knjige-2025-odabrali-knjiznicari\/\" \/>\n<meta property=\"og:locale\" content=\"hr_HR\" \/>\n<meta property=\"og:type\" content=\"article\" \/>\n<meta property=\"og:title\" content=\"Mjesec hrvatske knjige 2025.: Odabrali knji\u017eni\u010dari - Narodna knji\u017enica Plo\u010de\" \/>\n<meta property=\"og:description\" content=\"U svijetu prepunom kratkih vijesti i brzih pretra\u017eivanja, u kojemu informacije putuju br\u017ee nego ikada, a buka i \u017eurba bliski su pratioci ljudske svakodnevnice, jo\u0161 uvijek postoje mjesta gdje se misao smije zadr\u017eati i rasti. Uto\u010di\u0161ta u kojima se mo\u017ee zastati, pitati, tra\u017eiti, listati, saznavati, dru\u017eiti, povezivati, zabavljati, a ponekad tek \u2013 biti Mjesta u\u010denja [&hellip;]\" \/>\n<meta property=\"og:url\" content=\"https:\/\/knjiznice.nsk.hr\/ploce\/mjesec-hrvatske-knjige-2025-odabrali-knjiznicari\/\" \/>\n<meta property=\"og:site_name\" content=\"Narodna knji\u017enica Plo\u010de\" \/>\n<meta property=\"article:publisher\" content=\"https:\/\/www.facebook.com\/narodnaknjiznica.ploce\/\" \/>\n<meta property=\"article:published_time\" content=\"2025-10-10T07:29:08+00:00\" \/>\n<meta property=\"article:modified_time\" content=\"2025-10-21T17:13:11+00:00\" \/>\n<meta property=\"og:image\" content=\"http:\/\/knjiznice.nsk.hr\/ploce\/wp-content\/uploads\/sites\/74\/2025\/10\/1_Mjesec-Hrv-Knjige-Banner-820x312-jpg-1024x389.png\" \/>\n<meta name=\"twitter:label1\" content=\"Procijenjeno vrijeme \u010ditanja\" \/>\n\t<meta name=\"twitter:data1\" content=\"4 minute\" \/>\n<script type=\"application\/ld+json\" class=\"yoast-schema-graph\">{\"@context\":\"https:\/\/schema.org\",\"@graph\":[{\"@type\":\"Organization\",\"@id\":\"http:\/\/knjiznice.nsk.hr\/ploce\/#organization\",\"name\":\"Narodna knji\\u017enica Plo\\u010de\",\"url\":\"http:\/\/knjiznice.nsk.hr\/ploce\/\",\"sameAs\":[\"https:\/\/www.facebook.com\/narodnaknjiznica.ploce\/\"],\"logo\":{\"@type\":\"ImageObject\",\"@id\":\"http:\/\/knjiznice.nsk.hr\/ploce\/#logo\",\"inLanguage\":\"hr\",\"url\":\"http:\/\/knjiznice.nsk.hr\/ploce\/wp-content\/uploads\/sites\/74\/2015\/09\/logo_1.png\",\"contentUrl\":\"http:\/\/knjiznice.nsk.hr\/ploce\/wp-content\/uploads\/sites\/74\/2015\/09\/logo_1.png\",\"width\":861,\"height\":503,\"caption\":\"Narodna knji\\u017enica Plo\\u010de\"},\"image\":{\"@id\":\"http:\/\/knjiznice.nsk.hr\/ploce\/#logo\"}},{\"@type\":\"WebSite\",\"@id\":\"http:\/\/knjiznice.nsk.hr\/ploce\/#website\",\"url\":\"http:\/\/knjiznice.nsk.hr\/ploce\/\",\"name\":\"Narodna knji\\u017enica Plo\\u010de\",\"description\":\"\",\"publisher\":{\"@id\":\"http:\/\/knjiznice.nsk.hr\/ploce\/#organization\"},\"potentialAction\":[{\"@type\":\"SearchAction\",\"target\":\"http:\/\/knjiznice.nsk.hr\/ploce\/?s={search_term_string}\",\"query-input\":\"required name=search_term_string\"}],\"inLanguage\":\"hr\"},{\"@type\":\"ImageObject\",\"@id\":\"https:\/\/knjiznice.nsk.hr\/ploce\/mjesec-hrvatske-knjige-2025-odabrali-knjiznicari\/#primaryimage\",\"inLanguage\":\"hr\",\"url\":\"http:\/\/knjiznice.nsk.hr\/ploce\/wp-content\/uploads\/sites\/74\/2025\/10\/1_Mjesec-Hrv-Knjige-Banner-820x312-jpg-1024x389.png\",\"contentUrl\":\"http:\/\/knjiznice.nsk.hr\/ploce\/wp-content\/uploads\/sites\/74\/2025\/10\/1_Mjesec-Hrv-Knjige-Banner-820x312-jpg-1024x389.png\"},{\"@type\":\"WebPage\",\"@id\":\"https:\/\/knjiznice.nsk.hr\/ploce\/mjesec-hrvatske-knjige-2025-odabrali-knjiznicari\/#webpage\",\"url\":\"https:\/\/knjiznice.nsk.hr\/ploce\/mjesec-hrvatske-knjige-2025-odabrali-knjiznicari\/\",\"name\":\"Mjesec hrvatske knjige 2025.: Odabrali knji\\u017eni\\u010dari - Narodna knji\\u017enica Plo\\u010de\",\"isPartOf\":{\"@id\":\"http:\/\/knjiznice.nsk.hr\/ploce\/#website\"},\"primaryImageOfPage\":{\"@id\":\"https:\/\/knjiznice.nsk.hr\/ploce\/mjesec-hrvatske-knjige-2025-odabrali-knjiznicari\/#primaryimage\"},\"datePublished\":\"2025-10-10T07:29:08+00:00\",\"dateModified\":\"2025-10-21T17:13:11+00:00\",\"breadcrumb\":{\"@id\":\"https:\/\/knjiznice.nsk.hr\/ploce\/mjesec-hrvatske-knjige-2025-odabrali-knjiznicari\/#breadcrumb\"},\"inLanguage\":\"hr\",\"potentialAction\":[{\"@type\":\"ReadAction\",\"target\":[\"https:\/\/knjiznice.nsk.hr\/ploce\/mjesec-hrvatske-knjige-2025-odabrali-knjiznicari\/\"]}]},{\"@type\":\"BreadcrumbList\",\"@id\":\"https:\/\/knjiznice.nsk.hr\/ploce\/mjesec-hrvatske-knjige-2025-odabrali-knjiznicari\/#breadcrumb\",\"itemListElement\":[{\"@type\":\"ListItem\",\"position\":1,\"item\":{\"@type\":\"WebPage\",\"@id\":\"http:\/\/knjiznice.nsk.hr\/ploce\/\",\"url\":\"http:\/\/knjiznice.nsk.hr\/ploce\/\",\"name\":\"Po\\u010detna stranica\"}},{\"@type\":\"ListItem\",\"position\":2,\"item\":{\"@id\":\"https:\/\/knjiznice.nsk.hr\/ploce\/mjesec-hrvatske-knjige-2025-odabrali-knjiznicari\/#webpage\"}}]},{\"@type\":\"Article\",\"@id\":\"https:\/\/knjiznice.nsk.hr\/ploce\/mjesec-hrvatske-knjige-2025-odabrali-knjiznicari\/#article\",\"isPartOf\":{\"@id\":\"https:\/\/knjiznice.nsk.hr\/ploce\/mjesec-hrvatske-knjige-2025-odabrali-knjiznicari\/#webpage\"},\"author\":{\"@id\":\"http:\/\/knjiznice.nsk.hr\/ploce\/#\/schema\/person\/0074421071d6080cb091f1ac8423613b\"},\"headline\":\"Mjesec hrvatske knjige 2025.: Odabrali knji\\u017eni\\u010dari\",\"datePublished\":\"2025-10-10T07:29:08+00:00\",\"dateModified\":\"2025-10-21T17:13:11+00:00\",\"mainEntityOfPage\":{\"@id\":\"https:\/\/knjiznice.nsk.hr\/ploce\/mjesec-hrvatske-knjige-2025-odabrali-knjiznicari\/#webpage\"},\"wordCount\":752,\"publisher\":{\"@id\":\"http:\/\/knjiznice.nsk.hr\/ploce\/#organization\"},\"image\":{\"@id\":\"https:\/\/knjiznice.nsk.hr\/ploce\/mjesec-hrvatske-knjige-2025-odabrali-knjiznicari\/#primaryimage\"},\"thumbnailUrl\":\"http:\/\/knjiznice.nsk.hr\/ploce\/wp-content\/uploads\/sites\/74\/2025\/10\/1_Mjesec-Hrv-Knjige-Banner-820x312-jpg-1024x389.png\",\"keywords\":[\"\\u02ddDoktor Oliver i \\u0161umske \\u017eivotinje\\u02dd\",\"\\u02ddHrvatski jezik u godini 1100. obljetnice Hrvatskog Kraljevstva\\u02dd\",\"\\u02ddKako je Flegmarin postao kapetan\\u02dd\",\"\\u02ddMala knjiga za veliki \\u017eivot\\u02dd\",\"\\u02ddPripovijedanje uz violinu\\u02dd\",\"\\u02ddPut do knjige\\u02dd\",\"\\u02ddSvijet kroz moj objektiv\\u02dd\",\"\\u02ddUmi\\u0161ljena bubamara\\u02dd\",\"\\u02ddUmjetna inteligencija za svakog: kako AI oblikuje igre\",\"An\\u0111a Mari\\u0107\",\"Bo\\u017eena Dela\\u0161\",\"dr. sc. Domagoja Vidovi\\u0107a\",\"Jurica Gali\\u0107 Juka\",\"knjige i u\\u010denje\\u02dd\",\"Magdalena Mr\\u010dela\",\"Marina \\u0110or\\u0111evi\\u0107\",\"Milena Juki\\u0107 Bandi\\u0107\",\"Miro Morovi\\u0107\",\"Mjesec hrvatske knjige\",\"Mjesec hrvatske knjige 2025.\",\"Poetsko-glazbena ve\\u010der \\u02ddTin \\u2013 glas vje\\u010dne samo\\u0107e\\u02dd\",\"profesori i u\\u010denici S\\u0160 fra A. K. Mio\\u0161i\\u0107a Plo\\u010de\",\"\\u017divko Krsti\\u0107\"],\"articleSection\":[\"Obavijesti knji\\u017enice\"],\"inLanguage\":\"hr\"},{\"@type\":\"Person\",\"@id\":\"http:\/\/knjiznice.nsk.hr\/ploce\/#\/schema\/person\/0074421071d6080cb091f1ac8423613b\",\"name\":\"ploce\",\"image\":{\"@type\":\"ImageObject\",\"@id\":\"http:\/\/knjiznice.nsk.hr\/ploce\/#personlogo\",\"inLanguage\":\"hr\",\"url\":\"https:\/\/secure.gravatar.com\/avatar\/0f92f507d1096d70edf6ff4d086b7873?s=96&d=mm&r=g\",\"contentUrl\":\"https:\/\/secure.gravatar.com\/avatar\/0f92f507d1096d70edf6ff4d086b7873?s=96&d=mm&r=g\",\"caption\":\"ploce\"},\"url\":\"https:\/\/knjiznice.nsk.hr\/ploce\/\"}]}<\/script>\n<!-- \/ Yoast SEO plugin. -->","_links":{"self":[{"href":"https:\/\/knjiznice.nsk.hr\/ploce\/wp-json\/wp\/v2\/posts\/10012"}],"collection":[{"href":"https:\/\/knjiznice.nsk.hr\/ploce\/wp-json\/wp\/v2\/posts"}],"about":[{"href":"https:\/\/knjiznice.nsk.hr\/ploce\/wp-json\/wp\/v2\/types\/post"}],"author":[{"embeddable":true,"href":"https:\/\/knjiznice.nsk.hr\/ploce\/wp-json\/wp\/v2\/users\/89"}],"replies":[{"embeddable":true,"href":"https:\/\/knjiznice.nsk.hr\/ploce\/wp-json\/wp\/v2\/comments?post=10012"}],"version-history":[{"count":12,"href":"https:\/\/knjiznice.nsk.hr\/ploce\/wp-json\/wp\/v2\/posts\/10012\/revisions"}],"predecessor-version":[{"id":10025,"href":"https:\/\/knjiznice.nsk.hr\/ploce\/wp-json\/wp\/v2\/posts\/10012\/revisions\/10025"}],"wp:attachment":[{"href":"https:\/\/knjiznice.nsk.hr\/ploce\/wp-json\/wp\/v2\/media?parent=10012"}],"wp:term":[{"taxonomy":"category","embeddable":true,"href":"https:\/\/knjiznice.nsk.hr\/ploce\/wp-json\/wp\/v2\/categories?post=10012"},{"taxonomy":"post_tag","embeddable":true,"href":"https:\/\/knjiznice.nsk.hr\/ploce\/wp-json\/wp\/v2\/tags?post=10012"}],"curies":[{"name":"wp","href":"https:\/\/api.w.org\/{rel}","templated":true}]}}