{"id":7232,"global_id":"knjiznice.nsk.hr\/ploce?id=7232","global_id_lineage":["knjiznice.nsk.hr\/ploce?id=7232"],"author":"89","status":"publish","date":"2022-04-25 12:00:00","date_utc":"2022-04-25 10:00:00","modified":"2022-04-25 12:45:41","modified_utc":"2022-04-25 10:45:41","url":"https:\/\/knjiznice.nsk.hr\/ploce\/event\/vecer-poezije-noc-knjige-2022\/","rest_url":"https:\/\/knjiznice.nsk.hr\/ploce\/wp-json\/tribe\/events\/v1\/events\/7232","title":"Ve\u010der poezije &#8211; No\u0107 knjige 2022.","description":"<div id=\"block-views-block-clan-block-2\" class=\"views-element-container\">\n<div>\n<div class=\"js-view-dom-id-87c9cf839c83aad72f9e63615ae4687011c095d23f634578adf1346eb5a2cf20\">\n<div class=\"clearfix views-row\">\n<div class=\"views-field views-field-field-clan-ime\">\n<div class=\"field-content\">\n<div class=\"tab active\" data-tab=\"0\">\n<h2><img loading=\"lazy\" class=\" wp-image-7246 aligncenter\" src=\"http:\/\/knjiznice.nsk.hr\/ploce\/wp-content\/uploads\/sites\/74\/2022\/04\/vecer-poezije_paljetak-i-kramar-1-1-300x212.jpg\" alt=\"\" width=\"1026\" height=\"725\" srcset=\"https:\/\/knjiznice.nsk.hr\/ploce\/wp-content\/uploads\/sites\/74\/2022\/04\/vecer-poezije_paljetak-i-kramar-1-1-300x212.jpg 300w, https:\/\/knjiznice.nsk.hr\/ploce\/wp-content\/uploads\/sites\/74\/2022\/04\/vecer-poezije_paljetak-i-kramar-1-1-1024x724.jpg 1024w, https:\/\/knjiznice.nsk.hr\/ploce\/wp-content\/uploads\/sites\/74\/2022\/04\/vecer-poezije_paljetak-i-kramar-1-1-768x543.jpg 768w, https:\/\/knjiznice.nsk.hr\/ploce\/wp-content\/uploads\/sites\/74\/2022\/04\/vecer-poezije_paljetak-i-kramar-1-1-600x424.jpg 600w, https:\/\/knjiznice.nsk.hr\/ploce\/wp-content\/uploads\/sites\/74\/2022\/04\/vecer-poezije_paljetak-i-kramar-1-1-1536x1086.jpg 1536w, https:\/\/knjiznice.nsk.hr\/ploce\/wp-content\/uploads\/sites\/74\/2022\/04\/vecer-poezije_paljetak-i-kramar-1-1-2048x1448.jpg 2048w\" sizes=\"(max-width: 1026px) 100vw, 1026px\" \/><\/h2>\n<h2 style=\"text-align: left\"><strong>Luko Paljetak (1943. Dubrovnik)<\/strong><\/h2>\n<\/div>\n<\/div>\n<\/div>\n<\/div>\n<\/div>\n<\/div>\n<\/div>\n<div class=\"tabs-content\">\n<div class=\"tab-content active\">\n<div class=\"views-field views-field-field-clan-zivotopis\">\n<div class=\"field-content\">\n<p>Pjesnik, prevoditelj, urednik, kazali\u0161ni i likovni kriti\u010dar, redatelj, feljtonist, esejist, pisac za djecu, dramski pisac, slikar.<\/p>\n<p>&nbsp;Redovni je \u010dlan HAZU, &nbsp;dopisni \u010dlan SAZU (Slovenske akademije znanosti in umetnosti), \u010dlan Akademije ruske knji\u017eevnosti.<\/p>\n<p>\u017divi i radi u Dubrovniku.<\/p>\n<p>Nakon studija, od 1969. do 1973., radio je kao dramaturg i redatelj u Kazali\u0161tu lutaka Zadar, a zatim, od 1973. do 1978., kao asistent na Katedri za noviju hrvatsku knji\u017eevnost i na Katedri za svjetsku knji\u017eevnost. U to vrijeme bio je jedan od urednika \u010dasopisa \u00bbZadarska revija\u00ab.<\/p>\n<p>Nakon prestanka rada na Filozofskom fakultetu u Zadru 1978., vratio se u Dubrovnik gdje i danas \u017eivi.<\/p>\n<p>(tekst preuzet sa stranice <a href=\"https:\/\/hrvatskodrustvopisaca.hr\/hr\/clanstvo\/clan\/luko-paljetak\" target=\"_blank\" rel=\"noopener\">Hrvatsko Dru\u0161tvo Pisaca<\/a>)<\/p>\n<\/div>\n<h2>Fra Ivan Kramar<\/h2>\n<h4>Ro\u0111en je 1967. u Maljinama, op\u0107ina Travnik.<\/h4>\n<p>Teologiju je studirao u Sarajevu i Zagrebu. Osnovao je <em>Dru\u0161tvo srednjebosanskih pjesnika <\/em>2000. i pokrenuo list <em>Vrilo<\/em>. Osniva\u010d je pjesni\u010dke manifestacije \u201ePjesnici pod platanom\u201c, u Pridvorju, u Konavlima. Gvardijan je Franjeva\u010dkog samostana sv. Vlaha u Pridvorju i policijski kapelan Dubrova\u010dko-neretvanske \u017eupanije.<\/p>\n<p>Objavio je sljede\u0107a djela: <em>Na oltaru ljepote<\/em>, Zagreb, 2002.; <em>Kako smo pobijedili gromove<\/em>, Sarajevo, 2014.; <em>Kratka analiza modernog ateizma<\/em>, Osijek, 1996.; <em>Kameno more<\/em>, Zagreb 2019.; <em>\u010cavli zime<\/em>, Pridvorje, 2020.; <em>Dom od ko\u017ee<\/em>, Split, 2021.; <em>Dvoglasje za samo\u0107u<\/em>, Sarajevo, 2021. (zajedno s Lukom Paljetkom); u tisku <em>Nar u kutu sobe<\/em>. Pjesme su mu prevo\u0111ene na talijanski, njema\u010dki, engleski, bugarski, kineski.&nbsp;Objavljivao u vi\u0161e knji\u017eevnih \u010dasopisa u svijetu.<br \/>\n(tekst preuzet sa stranice <a href=\"http:\/\/dhk.hr\/clanovi-drustva\/detaljnije\/ivan-kramar\" target=\"_blank\" rel=\"noopener\">Dru\u0161tvo hrvatskih knji\u017eevnika<\/a>)<\/p>\n<p>&nbsp;<\/p>\n<\/div>\n<\/div>\n<\/div>","excerpt":"","slug":"vecer-poezije-noc-knjige-2022","image":false,"all_day":false,"start_date":"2022-04-27 19:00:00","start_date_details":{"year":"2022","month":"04","day":"27","hour":"19","minutes":"00","seconds":"00"},"end_date":"2022-04-27 20:00:00","end_date_details":{"year":"2022","month":"04","day":"27","hour":"20","minutes":"00","seconds":"00"},"utc_start_date":"2022-04-27 17:00:00","utc_start_date_details":{"year":"2022","month":"04","day":"27","hour":"17","minutes":"00","seconds":"00"},"utc_end_date":"2022-04-27 18:00:00","utc_end_date_details":{"year":"2022","month":"04","day":"27","hour":"18","minutes":"00","seconds":"00"},"timezone":"Europe\/Zagreb","timezone_abbr":"CEST","cost":"","cost_details":{"currency_symbol":"","currency_position":"suffix","values":[]},"website":"","show_map":true,"show_map_link":true,"hide_from_listings":false,"sticky":false,"featured":false,"categories":[{"name":"Ve\u010der poezije","slug":"vecer-poezije","term_group":0,"term_taxonomy_id":225,"taxonomy":"tribe_events_cat","description":"","parent":0,"count":5,"filter":"raw","meta":[],"id":225,"urls":{"self":"https:\/\/knjiznice.nsk.hr\/ploce\/wp-json\/tribe\/events\/v1\/categories\/225","collection":"https:\/\/knjiznice.nsk.hr\/ploce\/wp-json\/tribe\/events\/v1\/categories"}}],"tags":[{"name":"fra Ivan Kramar","slug":"fra-ivan-kramar","term_group":0,"term_taxonomy_id":231,"taxonomy":"post_tag","description":"","parent":0,"count":2,"filter":"raw","meta":[],"id":231,"urls":{"self":"https:\/\/knjiznice.nsk.hr\/ploce\/wp-json\/tribe\/events\/v1\/tags\/231","collection":"https:\/\/knjiznice.nsk.hr\/ploce\/wp-json\/tribe\/events\/v1\/tags"}},{"name":"Luko Paljetak","slug":"luko-paljetak","term_group":0,"term_taxonomy_id":230,"taxonomy":"post_tag","description":"","parent":0,"count":2,"filter":"raw","meta":[],"id":230,"urls":{"self":"https:\/\/knjiznice.nsk.hr\/ploce\/wp-json\/tribe\/events\/v1\/tags\/230","collection":"https:\/\/knjiznice.nsk.hr\/ploce\/wp-json\/tribe\/events\/v1\/tags"}},{"name":"Melanija Mijo\u010d","slug":"melanija-mijoc","term_group":0,"term_taxonomy_id":232,"taxonomy":"post_tag","description":"","parent":0,"count":1,"filter":"raw","meta":[],"id":232,"urls":{"self":"https:\/\/knjiznice.nsk.hr\/ploce\/wp-json\/tribe\/events\/v1\/tags\/232","collection":"https:\/\/knjiznice.nsk.hr\/ploce\/wp-json\/tribe\/events\/v1\/tags"}},{"name":"No\u0107 knjige 2022.","slug":"noc-knjige-2022","term_group":0,"term_taxonomy_id":226,"taxonomy":"post_tag","description":"","parent":0,"count":3,"filter":"raw","meta":[],"id":226,"urls":{"self":"https:\/\/knjiznice.nsk.hr\/ploce\/wp-json\/tribe\/events\/v1\/tags\/226","collection":"https:\/\/knjiznice.nsk.hr\/ploce\/wp-json\/tribe\/events\/v1\/tags"}},{"name":"prof.","slug":"prof","term_group":0,"term_taxonomy_id":233,"taxonomy":"post_tag","description":"","parent":0,"count":1,"filter":"raw","meta":[],"id":233,"urls":{"self":"https:\/\/knjiznice.nsk.hr\/ploce\/wp-json\/tribe\/events\/v1\/tags\/233","collection":"https:\/\/knjiznice.nsk.hr\/ploce\/wp-json\/tribe\/events\/v1\/tags"}},{"name":"Ve\u010der poezije","slug":"vecer-poezije","term_group":0,"term_taxonomy_id":229,"taxonomy":"post_tag","description":"","parent":0,"count":2,"filter":"raw","meta":[],"id":229,"urls":{"self":"https:\/\/knjiznice.nsk.hr\/ploce\/wp-json\/tribe\/events\/v1\/tags\/229","collection":"https:\/\/knjiznice.nsk.hr\/ploce\/wp-json\/tribe\/events\/v1\/tags"}}],"venue":{"id":120,"author":"89","status":"publish","date":"2015-05-15 20:10:44","date_utc":"2015-05-15 18:10:44","modified":"2015-05-15 20:10:44","modified_utc":"2015-05-15 18:10:44","url":"https:\/\/knjiznice.nsk.hr\/ploce\/lokacija\/narodna-knjiznica-ploce\/","venue":"Narodna knji\u017enica Plo\u010de","slug":"narodna-knjiznica-ploce","address":"Vladimira Nazora 12\/A","city":"Plo\u010de","country":"Hrvatska","zip":"20340","phone":"020 676 393","website":"http:\/\/knjiznice.nsk.hr\/ploce\/","json_ld":{"@type":"Place","name":"Narodna knji\u017enica Plo\u010de","description":"","url":"","address":{"@type":"PostalAddress","streetAddress":"Vladimira Nazora 12\/A","addressLocality":"Plo\u010de","postalCode":"20340","addressCountry":"Hrvatska"},"telephone":"020 676 393","sameAs":"http:\/\/knjiznice.nsk.hr\/ploce\/"},"show_map":true,"show_map_link":true,"global_id":"knjiznice.nsk.hr\/ploce?id=120","global_id_lineage":["knjiznice.nsk.hr\/ploce?id=120"]},"organizer":[],"json_ld":{"@context":"http:\/\/schema.org","@type":"Event","name":"Ve\u010der poezije &#8211; No\u0107 knjige 2022.","description":"&lt;p&gt;Luko Paljetak (1943. Dubrovnik) Pjesnik, prevoditelj, urednik, kazali\u0161ni i likovni kriti\u010dar, redatelj, feljtonist, esejist, pisac za djecu, dramski pisac, slikar. &nbsp;Redovni je \u010dlan HAZU, &nbsp;dopisni \u010dlan SAZU (Slovenske akademije znanosti in umetnosti), \u010dlan Akademije ruske knji\u017eevnosti. \u017divi i radi u Dubrovniku. Nakon studija, od 1969. do 1973., radio je kao dramaturg i redatelj u Kazali\u0161tu [&hellip;]&lt;\/p&gt;\\n","url":"https:\/\/knjiznice.nsk.hr\/ploce\/event\/vecer-poezije-noc-knjige-2022\/","startDate":"2022-04-27T19:00:00+02:00","endDate":"2022-04-27T20:00:00+02:00","location":{"@type":"Place","name":"Narodna knji\u017enica Plo\u010de","description":"","url":"","address":{"@type":"PostalAddress","streetAddress":"Vladimira Nazora 12\/A","addressLocality":"Plo\u010de","postalCode":"20340","addressCountry":"Hrvatska"},"telephone":"020 676 393","sameAs":"http:\/\/knjiznice.nsk.hr\/ploce\/"},"performer":"Organization"}}