{"id":4538,"global_id":"knjiznice.nsk.hr\/ploce?id=4538","global_id_lineage":["knjiznice.nsk.hr\/ploce?id=4538"],"author":"89","status":"publish","date":"2020-10-12 20:00:11","date_utc":"2020-10-12 18:00:11","modified":"2020-10-12 20:15:12","modified_utc":"2020-10-12 18:15:12","url":"https:\/\/knjiznice.nsk.hr\/ploce\/event\/bljakavo-druzenje-s-mrljekom-i-prljekom\/","rest_url":"https:\/\/knjiznice.nsk.hr\/ploce\/wp-json\/tribe\/events\/v1\/events\/4538","title":"Bljakavo dru\u017eenje s Mrljekom i Prljekom","description":"<p><img loading=\"lazy\" class=\"wp-image-4542 alignleft\" src=\"http:\/\/knjiznice.nsk.hr\/ploce\/wp-content\/uploads\/sites\/74\/2020\/10\/Mrljek-1-300x300.png\" alt=\"\" width=\"230\" height=\"230\" srcset=\"https:\/\/knjiznice.nsk.hr\/ploce\/wp-content\/uploads\/sites\/74\/2020\/10\/Mrljek-1-300x300.png 300w, https:\/\/knjiznice.nsk.hr\/ploce\/wp-content\/uploads\/sites\/74\/2020\/10\/Mrljek-1-1024x1024.png 1024w, https:\/\/knjiznice.nsk.hr\/ploce\/wp-content\/uploads\/sites\/74\/2020\/10\/Mrljek-1-150x150.png 150w, https:\/\/knjiznice.nsk.hr\/ploce\/wp-content\/uploads\/sites\/74\/2020\/10\/Mrljek-1-768x768.png 768w, https:\/\/knjiznice.nsk.hr\/ploce\/wp-content\/uploads\/sites\/74\/2020\/10\/Mrljek-1-600x600.png 600w, https:\/\/knjiznice.nsk.hr\/ploce\/wp-content\/uploads\/sites\/74\/2020\/10\/Mrljek-1-1536x1536.png 1536w, https:\/\/knjiznice.nsk.hr\/ploce\/wp-content\/uploads\/sites\/74\/2020\/10\/Mrljek-1.png 1908w\" sizes=\"(max-width: 230px) 100vw, 230px\" \/><\/p>\n<p>Pozivamo sve mali\u0161ane (od 3 do 7 godina) na bljakavo dru\u017eenje s Mrljekom i Prljekom!<\/p>\n<p><a href=\"https:\/\/evenio.hr\/proizvod\/slikovnice\/higijena\/mrljek-i-prljek-paket-od-cetiri-slikovnice-iz-serije-higijena\/\" target=\"_blank\" rel=\"noopener noreferrer\"><strong>Mrljek<\/strong> i <strong>Prljek<\/strong><\/a> dva su \u0161a\u0161ava lika iz serije slikovnica o higijeni, autorice&nbsp;<a href=\"https:\/\/kucaodprica.com\/jelena-pervan\/\">Jelene Pervan<\/a>&nbsp;te&nbsp;ilustratorice&nbsp;<a href=\"https:\/\/www.behance.net\/jelena1001\">Jelene Brezovec<\/a>. Te dvije zlo\u0107kaste bakterije obo\u017eavaju sve \u0161to je mrljavo, prljavo, bljakasto, fujkasto, sluzavo i smrdljivo. Uz sve to, Mrljek i Prljek su i pomalo zbunjeni, nesta\u0161ni, nespretni i trapavi. Uglavnom gledaju svoja posla i rade ono&nbsp;\u0161to njih najvi\u0161e veseli. A s obzirom na to da u svemu pretjeruju, na kraju sami sebi zakuhaju veliku nevolju.<\/p>\n<p>Na radionici \u0107e se uz pri\u010du i igru djeca upoznati Mrljeka i Prljeka, nakon \u010dega slijedi i izrada bljakavih slastica za Mrljekov i Prljekov ro\u0111endan.<img loading=\"lazy\" class=\"wp-image-4543 alignright\" src=\"http:\/\/knjiznice.nsk.hr\/ploce\/wp-content\/uploads\/sites\/74\/2020\/10\/Prljek-1-300x300.png\" alt=\"\" width=\"230\" height=\"230\" srcset=\"https:\/\/knjiznice.nsk.hr\/ploce\/wp-content\/uploads\/sites\/74\/2020\/10\/Prljek-1-300x300.png 300w, https:\/\/knjiznice.nsk.hr\/ploce\/wp-content\/uploads\/sites\/74\/2020\/10\/Prljek-1-1024x1024.png 1024w, https:\/\/knjiznice.nsk.hr\/ploce\/wp-content\/uploads\/sites\/74\/2020\/10\/Prljek-1-150x150.png 150w, https:\/\/knjiznice.nsk.hr\/ploce\/wp-content\/uploads\/sites\/74\/2020\/10\/Prljek-1-768x768.png 768w, https:\/\/knjiznice.nsk.hr\/ploce\/wp-content\/uploads\/sites\/74\/2020\/10\/Prljek-1-600x600.png 600w, https:\/\/knjiznice.nsk.hr\/ploce\/wp-content\/uploads\/sites\/74\/2020\/10\/Prljek-1-1536x1536.png 1536w, https:\/\/knjiznice.nsk.hr\/ploce\/wp-content\/uploads\/sites\/74\/2020\/10\/Prljek-1.png 1902w\" sizes=\"(max-width: 230px) 100vw, 230px\" \/><\/p>\n<p>Radionica \u0107e se odr\u017eati <strong>u subotu, 17. 10. 2020. s po\u010detkom u 10 sati<\/strong>, u prostoru knji\u017enice. Broj mjesta je OGRANI\u010cEN i potrebne su <span style=\"text-decoration: underline\"><strong>PRIJAVE<\/strong><\/span> na info-pultu ili na broj telefona knji\u017enice <strong>020 676 393<\/strong>.<\/p>","excerpt":"","slug":"bljakavo-druzenje-s-mrljekom-i-prljekom","image":{"url":"https:\/\/knjiznice.nsk.hr\/ploce\/wp-content\/uploads\/sites\/74\/2020\/10\/Bljakavo-druzenje-s-Mrljekom-i-Prljekom_Ploce_sm.jpg","id":4541,"extension":"jpg","width":877,"height":1240,"sizes":{"medium":{"width":212,"height":300,"mime-type":"image\/jpeg","url":"https:\/\/knjiznice.nsk.hr\/ploce\/wp-content\/uploads\/sites\/74\/2020\/10\/Bljakavo-druzenje-s-Mrljekom-i-Prljekom_Ploce_sm-212x300.jpg"},"large":{"width":724,"height":1024,"mime-type":"image\/jpeg","url":"https:\/\/knjiznice.nsk.hr\/ploce\/wp-content\/uploads\/sites\/74\/2020\/10\/Bljakavo-druzenje-s-Mrljekom-i-Prljekom_Ploce_sm-724x1024.jpg"},"thumbnail":{"width":150,"height":150,"mime-type":"image\/jpeg","url":"https:\/\/knjiznice.nsk.hr\/ploce\/wp-content\/uploads\/sites\/74\/2020\/10\/Bljakavo-druzenje-s-Mrljekom-i-Prljekom_Ploce_sm-150x150.jpg"},"medium_large":{"width":768,"height":1086,"mime-type":"image\/jpeg","url":"https:\/\/knjiznice.nsk.hr\/ploce\/wp-content\/uploads\/sites\/74\/2020\/10\/Bljakavo-druzenje-s-Mrljekom-i-Prljekom_Ploce_sm-768x1086.jpg"},"wysija-newsletters-max":{"width":600,"height":848,"mime-type":"image\/jpeg","url":"https:\/\/knjiznice.nsk.hr\/ploce\/wp-content\/uploads\/sites\/74\/2020\/10\/Bljakavo-druzenje-s-Mrljekom-i-Prljekom_Ploce_sm-600x848.jpg"},"post-image":{"width":760,"height":360,"mime-type":"image\/jpeg","url":"https:\/\/knjiznice.nsk.hr\/ploce\/wp-content\/uploads\/sites\/74\/2020\/10\/Bljakavo-druzenje-s-Mrljekom-i-Prljekom_Ploce_sm-760x360.jpg"},"widget-image":{"width":295,"height":100,"mime-type":"image\/jpeg","url":"https:\/\/knjiznice.nsk.hr\/ploce\/wp-content\/uploads\/sites\/74\/2020\/10\/Bljakavo-druzenje-s-Mrljekom-i-Prljekom_Ploce_sm-295x100.jpg"},"slider":{"width":877,"height":400,"mime-type":"image\/jpeg","url":"https:\/\/knjiznice.nsk.hr\/ploce\/wp-content\/uploads\/sites\/74\/2020\/10\/Bljakavo-druzenje-s-Mrljekom-i-Prljekom_Ploce_sm-877x400.jpg"}}},"all_day":false,"start_date":"2020-10-17 10:00:00","start_date_details":{"year":"2020","month":"10","day":"17","hour":"10","minutes":"00","seconds":"00"},"end_date":"2020-10-17 11:00:00","end_date_details":{"year":"2020","month":"10","day":"17","hour":"11","minutes":"00","seconds":"00"},"utc_start_date":"2020-10-17 08:00:00","utc_start_date_details":{"year":"2020","month":"10","day":"17","hour":"08","minutes":"00","seconds":"00"},"utc_end_date":"2020-10-17 09:00:00","utc_end_date_details":{"year":"2020","month":"10","day":"17","hour":"09","minutes":"00","seconds":"00"},"timezone":"Europe\/Zagreb","timezone_abbr":"CEST","cost":"","cost_details":{"currency_symbol":"","currency_position":"suffix","values":[]},"website":"","show_map":true,"show_map_link":true,"hide_from_listings":false,"sticky":false,"featured":false,"categories":[],"tags":[{"name":"Jelena Brezovec","slug":"jelena-brezovec","term_group":0,"term_taxonomy_id":152,"taxonomy":"post_tag","description":"","parent":0,"count":1,"filter":"raw","meta":[],"id":152,"urls":{"self":"https:\/\/knjiznice.nsk.hr\/ploce\/wp-json\/tribe\/events\/v1\/tags\/152","collection":"https:\/\/knjiznice.nsk.hr\/ploce\/wp-json\/tribe\/events\/v1\/tags"}},{"name":"Jelena Pervan","slug":"jelena-pervan","term_group":0,"term_taxonomy_id":151,"taxonomy":"post_tag","description":"","parent":0,"count":5,"filter":"raw","meta":[],"id":151,"urls":{"self":"https:\/\/knjiznice.nsk.hr\/ploce\/wp-json\/tribe\/events\/v1\/tags\/151","collection":"https:\/\/knjiznice.nsk.hr\/ploce\/wp-json\/tribe\/events\/v1\/tags"}},{"name":"MHK 2020.","slug":"mhk-2020","term_group":0,"term_taxonomy_id":146,"taxonomy":"post_tag","description":"","parent":0,"count":8,"filter":"raw","meta":[],"id":146,"urls":{"self":"https:\/\/knjiznice.nsk.hr\/ploce\/wp-json\/tribe\/events\/v1\/tags\/146","collection":"https:\/\/knjiznice.nsk.hr\/ploce\/wp-json\/tribe\/events\/v1\/tags"}},{"name":"Mjesec hrvatske knjige","slug":"mjesec-hrvatske-knjige","term_group":0,"term_taxonomy_id":145,"taxonomy":"post_tag","description":"","parent":0,"count":15,"filter":"raw","meta":[],"id":145,"urls":{"self":"https:\/\/knjiznice.nsk.hr\/ploce\/wp-json\/tribe\/events\/v1\/tags\/145","collection":"https:\/\/knjiznice.nsk.hr\/ploce\/wp-json\/tribe\/events\/v1\/tags"}},{"name":"Mrljek i Prljek","slug":"mrljek-i-prljek","term_group":0,"term_taxonomy_id":149,"taxonomy":"post_tag","description":"","parent":0,"count":2,"filter":"raw","meta":[],"id":149,"urls":{"self":"https:\/\/knjiznice.nsk.hr\/ploce\/wp-json\/tribe\/events\/v1\/tags\/149","collection":"https:\/\/knjiznice.nsk.hr\/ploce\/wp-json\/tribe\/events\/v1\/tags"}},{"name":"radionica za djecu","slug":"radionica-za-djecu","term_group":0,"term_taxonomy_id":41,"taxonomy":"post_tag","description":"","parent":0,"count":23,"filter":"raw","meta":[],"id":41,"urls":{"self":"https:\/\/knjiznice.nsk.hr\/ploce\/wp-json\/tribe\/events\/v1\/tags\/41","collection":"https:\/\/knjiznice.nsk.hr\/ploce\/wp-json\/tribe\/events\/v1\/tags"}}],"venue":{"id":120,"author":"89","status":"publish","date":"2015-05-15 20:10:44","date_utc":"2015-05-15 18:10:44","modified":"2015-05-15 20:10:44","modified_utc":"2015-05-15 18:10:44","url":"https:\/\/knjiznice.nsk.hr\/ploce\/lokacija\/narodna-knjiznica-ploce\/","venue":"Narodna knji\u017enica Plo\u010de","slug":"narodna-knjiznica-ploce","address":"Vladimira Nazora 12\/A","city":"Plo\u010de","country":"Hrvatska","zip":"20340","phone":"020 676 393","website":"http:\/\/knjiznice.nsk.hr\/ploce\/","json_ld":{"@type":"Place","name":"Narodna knji\u017enica Plo\u010de","description":"","url":"","address":{"@type":"PostalAddress","streetAddress":"Vladimira Nazora 12\/A","addressLocality":"Plo\u010de","postalCode":"20340","addressCountry":"Hrvatska"},"telephone":"020 676 393","sameAs":"http:\/\/knjiznice.nsk.hr\/ploce\/"},"show_map":true,"show_map_link":true,"global_id":"knjiznice.nsk.hr\/ploce?id=120","global_id_lineage":["knjiznice.nsk.hr\/ploce?id=120"]},"organizer":[{"id":119,"author":"89","status":"publish","date":"2015-05-15 20:10:44","date_utc":"2015-05-15 18:10:44","modified":"2015-05-15 20:10:44","modified_utc":"2015-05-15 18:10:44","url":"https:\/\/knjiznice.nsk.hr\/ploce\/organizator\/narodna-knjiznica-ploce\/","organizer":"Narodna knji\u017enica Plo\u010de","slug":"narodna-knjiznica-ploce","phone":"020 676 393","website":"http:\/\/knjiznice.nsk.hr\/ploce\/","json_ld":{"@type":"Person","name":"Narodna knji\u017enica Plo\u010de","description":"","url":"","telephone":"020 676 393","email":"","sameAs":"http:\/\/knjiznice.nsk.hr\/ploce\/"},"global_id":"knjiznice.nsk.hr\/ploce?id=119","global_id_lineage":["knjiznice.nsk.hr\/ploce?id=119"]}],"json_ld":{"@context":"http:\/\/schema.org","@type":"Event","name":"Bljakavo dru\u017eenje s Mrljekom i Prljekom","description":"&lt;p&gt;Pozivamo sve mali\u0161ane (od 3 do 7 godina) na bljakavo dru\u017eenje s Mrljekom i Prljekom! Mrljek i Prljek dva su \u0161a\u0161ava lika iz serije slikovnica o higijeni, autorice&nbsp;Jelene Pervan&nbsp;te&nbsp;ilustratorice&nbsp;Jelene Brezovec. Te dvije zlo\u0107kaste bakterije obo\u017eavaju sve \u0161to je mrljavo, prljavo, bljakasto, fujkasto, sluzavo i smrdljivo. Uz sve to, Mrljek i Prljek su i pomalo zbunjeni, [&hellip;]&lt;\/p&gt;\\n","image":"https:\/\/knjiznice.nsk.hr\/ploce\/wp-content\/uploads\/sites\/74\/2020\/10\/Bljakavo-druzenje-s-Mrljekom-i-Prljekom_Ploce_sm.jpg","url":"https:\/\/knjiznice.nsk.hr\/ploce\/event\/bljakavo-druzenje-s-mrljekom-i-prljekom\/","startDate":"2020-10-17T10:00:00+02:00","endDate":"2020-10-17T11:00:00+02:00","location":{"@type":"Place","name":"Narodna knji\u017enica Plo\u010de","description":"","url":"","address":{"@type":"PostalAddress","streetAddress":"Vladimira Nazora 12\/A","addressLocality":"Plo\u010de","postalCode":"20340","addressCountry":"Hrvatska"},"telephone":"020 676 393","sameAs":"http:\/\/knjiznice.nsk.hr\/ploce\/"},"organizer":{"@type":"Person","name":"Narodna knji\u017enica Plo\u010de","description":"","url":"","telephone":"020 676 393","email":"","sameAs":"http:\/\/knjiznice.nsk.hr\/ploce\/"},"performer":"Organization"}}