{"id":794,"date":"2026-04-16T12:04:21","date_gmt":"2026-04-16T10:04:21","guid":{"rendered":"http:\/\/knjiznice.nsk.hr\/orahovica\/?p=794"},"modified":"2026-04-16T12:04:21","modified_gmt":"2026-04-16T10:04:21","slug":"noc-knjige-2026-godine","status":"publish","type":"post","link":"https:\/\/knjiznice.nsk.hr\/orahovica\/2026\/04\/16\/noc-knjige-2026-godine\/","title":{"rendered":"No\u0107 knjige 2026. godine"},"content":{"rendered":"<div class=\"xdj266r x14z9mp xat24cr x1lziwak x1vvkbs x126k92a\">\n<div dir=\"auto\"><span class=\"html-span xdj266r x14z9mp xat24cr x1lziwak xexx8yu xyri2b x18d9i69 x1c1uobl x1hl2dhg x16tdsg8 x1vvkbs\"><a class=\"x1i10hfl xjbqb8w x1ejq31n x18oe1m7 x1sy0etr xstzfhl x972fbf x10w94by x1qhh985 x14e42zd x9f619 x1ypdohk xt0psk2 x3ct3a4 xdj266r x14z9mp xat24cr x1lziwak xexx8yu xyri2b x18d9i69 x1c1uobl x16tdsg8 x1hl2dhg xggy1nq x1a2a7pz xkrqix3 x1sur9pj x1fey0fg x1s688f\" role=\"link\" href=\"https:\/\/www.facebook.com\/nocknjige.hr?__cft__[0]=AZbQg3CiSfP2Uztv4gJLcDeg4GlrIwoQ-OEfvpYQjHT6G2tIjvj2HP_fwdNqS5fErSdCkAe2IL_B9YFqzVS5F65-08fKbHBEeRVrziMiDHD_9Y6Bv8DVuAsSGKvXwoiJbYA5oKctrE4XxVsQmhVDKlsMm5N5Jp5iqfFvbhIdZ0mYo-3yggz_AjsqaOJPhkYrYBk&amp;__tn__=-]K-R\"><span class=\"xt0psk2\">No\u0107 knjige<\/span><\/a><\/span> je pred nama! <span class=\"html-span xexx8yu xyri2b x18d9i69 x1c1uobl x1hl2dhg x16tdsg8 x1vvkbs x3nfvp2 x1j61x8r x1fcty0u xdj266r xat24cr xm2jcoa x1mpyi22 xxymvpz xlup9mm x1kky2od\"><img loading=\"lazy\" class=\"xz74otr x15mokao x1ga7v0g x16uus16 xbiv7yw\" src=\"https:\/\/static.xx.fbcdn.net\/images\/emoji.php\/v9\/tf4\/1\/16\/2728.png\" alt=\"\u2728\" width=\"16\" height=\"16\"><\/span><span class=\"html-span xexx8yu xyri2b x18d9i69 x1c1uobl x1hl2dhg x16tdsg8 x1vvkbs x3nfvp2 x1j61x8r x1fcty0u xdj266r xat24cr xm2jcoa x1mpyi22 xxymvpz xlup9mm x1kky2od\"><img loading=\"lazy\" class=\"xz74otr x15mokao x1ga7v0g x16uus16 xbiv7yw\" src=\"https:\/\/static.xx.fbcdn.net\/images\/emoji.php\/v9\/t49\/1\/16\/1f4da.png\" alt=\"\ud83d\udcda\" width=\"16\" height=\"16\"><\/span><\/div>\n<\/div>\n<div class=\"x14z9mp xat24cr x1lziwak x1vvkbs xtlvy1s x126k92a\">\n<div dir=\"auto\">Manifestacija koja se svake godine obilje\u017eava povodom Svjetskog dana knjige i autorskih prava te Dana hrvatske knjige podsje\u0107a nas na va\u017enost knjige i \u010ditanja u na\u0161em \u017eivotu.<\/div>\n<\/div>\n<div class=\"x14z9mp xat24cr x1lziwak x1vvkbs xtlvy1s x126k92a\">\n<div dir=\"auto\">Ovogodi\u0161nju No\u0107 knjige posve\u0107ujemo miru, zajedni\u0161tvu, nje\u017enosti, dijalogu, razumijevanju, solidarnosti i empatiji. Vrijednostima koje \u010dine temelj zdravog pojedinca i dru\u0161tva. \u017delimo potaknuti promi\u0161ljanje o miru kao zajedni\u010dkoj vrijednosti, o nje\u017enosti kao snazi, o razgovoru koji ne isklju\u010duje nego povezuje te o empatiji koja po\u010dinje razumijevanjem vlastitih unutarnjih svjetova, a \u0161iri se prema drugome.<\/div>\n<\/div>\n<div class=\"x14z9mp xat24cr x1lziwak x1vvkbs xtlvy1s x126k92a\">\n<div dir=\"auto\">U vremenu brzine i digitalnih svjetova, knjiga ostaje na\u0161e uto\u010di\u0161te, mjesto sabranosti, ti\u0161ine i istinskog dijaloga. Ako je svijet raspr\u0161en, \u010ditanje povezuje. Ako je razgovor naru\u0161en, knji\u017eevnost ga obnavlja. A kad buka postane glasnija od smisla, knjiga vra\u0107a ti\u0161inu u kojoj mo\u017eemo \u010duti i sebe i drugoga.<\/div>\n<\/div>\n<div class=\"x14z9mp xat24cr x1lziwak x1vvkbs xtlvy1s x126k92a\">\n<div dir=\"auto\">Vidimo se na No\u0107i knjige!<span class=\"html-span xexx8yu xyri2b x18d9i69 x1c1uobl x1hl2dhg x16tdsg8 x1vvkbs x3nfvp2 x1j61x8r x1fcty0u xdj266r xat24cr xm2jcoa x1mpyi22 xxymvpz xlup9mm x1kky2od\"><img loading=\"lazy\" class=\"xz74otr x15mokao x1ga7v0g x16uus16 xbiv7yw\" src=\"https:\/\/static.xx.fbcdn.net\/images\/emoji.php\/v9\/t49\/1\/16\/1f4da.png\" alt=\"\ud83d\udcda\" width=\"16\" height=\"16\"><\/span><span class=\"html-span xexx8yu xyri2b x18d9i69 x1c1uobl x1hl2dhg x16tdsg8 x1vvkbs x3nfvp2 x1j61x8r x1fcty0u xdj266r xat24cr xm2jcoa x1mpyi22 xxymvpz xlup9mm x1kky2od\"><img loading=\"lazy\" class=\"xz74otr x15mokao x1ga7v0g x16uus16 xbiv7yw\" src=\"https:\/\/static.xx.fbcdn.net\/images\/emoji.php\/v9\/ted\/1\/16\/1f4ab.png\" alt=\"\ud83d\udcab\" width=\"16\" height=\"16\"><\/span><\/div>\n<div dir=\"auto\"><a href=\"http:\/\/knjiznice.nsk.hr\/orahovica\/wp-content\/uploads\/sites\/113\/2026\/04\/Noc-knjige-2026.-u-Gradskoj-knjiznici-Orahovica-3-3-2-1-1.png\"><img loading=\"lazy\" class=\"size-medium wp-image-795 aligncenter\" src=\"http:\/\/knjiznice.nsk.hr\/orahovica\/wp-content\/uploads\/sites\/113\/2026\/04\/Noc-knjige-2026.-u-Gradskoj-knjiznici-Orahovica-3-3-2-1-1-300x214.png\" alt=\"\" width=\"300\" height=\"214\" srcset=\"https:\/\/knjiznice.nsk.hr\/orahovica\/wp-content\/uploads\/sites\/113\/2026\/04\/Noc-knjige-2026.-u-Gradskoj-knjiznici-Orahovica-3-3-2-1-1-300x214.png 300w, https:\/\/knjiznice.nsk.hr\/orahovica\/wp-content\/uploads\/sites\/113\/2026\/04\/Noc-knjige-2026.-u-Gradskoj-knjiznici-Orahovica-3-3-2-1-1-1024x731.png 1024w, https:\/\/knjiznice.nsk.hr\/orahovica\/wp-content\/uploads\/sites\/113\/2026\/04\/Noc-knjige-2026.-u-Gradskoj-knjiznici-Orahovica-3-3-2-1-1-768x549.png 768w, https:\/\/knjiznice.nsk.hr\/orahovica\/wp-content\/uploads\/sites\/113\/2026\/04\/Noc-knjige-2026.-u-Gradskoj-knjiznici-Orahovica-3-3-2-1-1-600x429.png 600w, https:\/\/knjiznice.nsk.hr\/orahovica\/wp-content\/uploads\/sites\/113\/2026\/04\/Noc-knjige-2026.-u-Gradskoj-knjiznici-Orahovica-3-3-2-1-1-1536x1097.png 1536w, https:\/\/knjiznice.nsk.hr\/orahovica\/wp-content\/uploads\/sites\/113\/2026\/04\/Noc-knjige-2026.-u-Gradskoj-knjiznici-Orahovica-3-3-2-1-1-2048x1463.png 2048w\" sizes=\"(max-width: 300px) 100vw, 300px\" \/><\/a><\/div>\n<div dir=\"auto\">&nbsp;<\/div>\n<\/div>\n","protected":false},"excerpt":{"rendered":"<p>No\u0107 knjige je pred nama! Manifestacija koja se svake godine obilje\u017eava povodom Svjetskog dana knjige i autorskih prava te Dana hrvatske knjige podsje\u0107a nas na va\u017enost knjige i \u010ditanja u [&hellip;]<\/p>\n","protected":false},"author":187,"featured_media":0,"comment_status":"closed","ping_status":"closed","sticky":false,"template":"","format":"standard","meta":{"ngg_post_thumbnail":0},"categories":[1],"tags":[],"yoast_head":"<!-- This site is optimized with the Yoast SEO plugin v16.4 - https:\/\/yoast.com\/wordpress\/plugins\/seo\/ -->\n<meta name=\"robots\" content=\"index, follow, max-snippet:-1, max-image-preview:large, max-video-preview:-1\" \/>\n<link rel=\"canonical\" href=\"https:\/\/knjiznice.nsk.hr\/orahovica\/2026\/04\/16\/noc-knjige-2026-godine\/\" \/>\n<meta property=\"og:locale\" content=\"hr_HR\" \/>\n<meta property=\"og:type\" content=\"article\" \/>\n<meta property=\"og:title\" content=\"No\u0107 knjige 2026. godine - Gradska knji\u017enica Orahovica\" \/>\n<meta property=\"og:description\" content=\"No\u0107 knjige je pred nama! Manifestacija koja se svake godine obilje\u017eava povodom Svjetskog dana knjige i autorskih prava te Dana hrvatske knjige podsje\u0107a nas na va\u017enost knjige i \u010ditanja u [&hellip;]\" \/>\n<meta property=\"og:url\" content=\"https:\/\/knjiznice.nsk.hr\/orahovica\/2026\/04\/16\/noc-knjige-2026-godine\/\" \/>\n<meta property=\"og:site_name\" content=\"Gradska knji\u017enica Orahovica\" \/>\n<meta property=\"article:author\" content=\"https:\/\/web.facebook.com\/Gradska-knjinica-Orahovica-159772650804170\/\" \/>\n<meta property=\"article:published_time\" content=\"2026-04-16T10:04:21+00:00\" \/>\n<meta property=\"og:image\" content=\"https:\/\/static.xx.fbcdn.net\/images\/emoji.php\/v9\/tf4\/1\/16\/2728.png\" \/>\n<meta name=\"twitter:card\" content=\"summary_large_image\" \/>\n<meta name=\"twitter:label1\" content=\"Procijenjeno vrijeme \u010ditanja\" \/>\n\t<meta name=\"twitter:data1\" content=\"2 minute\" \/>\n<script type=\"application\/ld+json\" class=\"yoast-schema-graph\">{\"@context\":\"https:\/\/schema.org\",\"@graph\":[{\"@type\":\"WebSite\",\"@id\":\"http:\/\/knjiznice.nsk.hr\/orahovica\/#website\",\"url\":\"http:\/\/knjiznice.nsk.hr\/orahovica\/\",\"name\":\"Gradska knji\\u017enica Orahovica\",\"description\":\"\\u010citamo s vama od 1877. godine\",\"potentialAction\":[{\"@type\":\"SearchAction\",\"target\":\"http:\/\/knjiznice.nsk.hr\/orahovica\/?s={search_term_string}\",\"query-input\":\"required name=search_term_string\"}],\"inLanguage\":\"hr\"},{\"@type\":\"ImageObject\",\"@id\":\"https:\/\/knjiznice.nsk.hr\/orahovica\/2026\/04\/16\/noc-knjige-2026-godine\/#primaryimage\",\"inLanguage\":\"hr\",\"url\":\"https:\/\/static.xx.fbcdn.net\/images\/emoji.php\/v9\/tf4\/1\/16\/2728.png\",\"contentUrl\":\"https:\/\/static.xx.fbcdn.net\/images\/emoji.php\/v9\/tf4\/1\/16\/2728.png\"},{\"@type\":\"WebPage\",\"@id\":\"https:\/\/knjiznice.nsk.hr\/orahovica\/2026\/04\/16\/noc-knjige-2026-godine\/#webpage\",\"url\":\"https:\/\/knjiznice.nsk.hr\/orahovica\/2026\/04\/16\/noc-knjige-2026-godine\/\",\"name\":\"No\\u0107 knjige 2026. godine - Gradska knji\\u017enica Orahovica\",\"isPartOf\":{\"@id\":\"http:\/\/knjiznice.nsk.hr\/orahovica\/#website\"},\"primaryImageOfPage\":{\"@id\":\"https:\/\/knjiznice.nsk.hr\/orahovica\/2026\/04\/16\/noc-knjige-2026-godine\/#primaryimage\"},\"datePublished\":\"2026-04-16T10:04:21+00:00\",\"dateModified\":\"2026-04-16T10:04:21+00:00\",\"author\":{\"@id\":\"http:\/\/knjiznice.nsk.hr\/orahovica\/#\/schema\/person\/2b8818da522f1f9da8eaba55ff17d8d7\"},\"breadcrumb\":{\"@id\":\"https:\/\/knjiznice.nsk.hr\/orahovica\/2026\/04\/16\/noc-knjige-2026-godine\/#breadcrumb\"},\"inLanguage\":\"hr\",\"potentialAction\":[{\"@type\":\"ReadAction\",\"target\":[\"https:\/\/knjiznice.nsk.hr\/orahovica\/2026\/04\/16\/noc-knjige-2026-godine\/\"]}]},{\"@type\":\"BreadcrumbList\",\"@id\":\"https:\/\/knjiznice.nsk.hr\/orahovica\/2026\/04\/16\/noc-knjige-2026-godine\/#breadcrumb\",\"itemListElement\":[{\"@type\":\"ListItem\",\"position\":1,\"item\":{\"@type\":\"WebPage\",\"@id\":\"http:\/\/knjiznice.nsk.hr\/orahovica\/\",\"url\":\"http:\/\/knjiznice.nsk.hr\/orahovica\/\",\"name\":\"Po\\u010detna stranica\"}},{\"@type\":\"ListItem\",\"position\":2,\"item\":{\"@id\":\"https:\/\/knjiznice.nsk.hr\/orahovica\/2026\/04\/16\/noc-knjige-2026-godine\/#webpage\"}}]},{\"@type\":\"Person\",\"@id\":\"http:\/\/knjiznice.nsk.hr\/orahovica\/#\/schema\/person\/2b8818da522f1f9da8eaba55ff17d8d7\",\"name\":\"orahovica\",\"image\":{\"@type\":\"ImageObject\",\"@id\":\"http:\/\/knjiznice.nsk.hr\/orahovica\/#personlogo\",\"inLanguage\":\"hr\",\"url\":\"https:\/\/secure.gravatar.com\/avatar\/aa93fc577da392f13d1daa1f13be0e7a?s=96&d=mm&r=g\",\"contentUrl\":\"https:\/\/secure.gravatar.com\/avatar\/aa93fc577da392f13d1daa1f13be0e7a?s=96&d=mm&r=g\",\"caption\":\"orahovica\"},\"sameAs\":[\"https:\/\/web.facebook.com\/Gradska-knjinica-Orahovica-159772650804170\/\"],\"url\":\"https:\/\/knjiznice.nsk.hr\/orahovica\/\"}]}<\/script>\n<!-- \/ Yoast SEO plugin. -->","_links":{"self":[{"href":"https:\/\/knjiznice.nsk.hr\/orahovica\/wp-json\/wp\/v2\/posts\/794"}],"collection":[{"href":"https:\/\/knjiznice.nsk.hr\/orahovica\/wp-json\/wp\/v2\/posts"}],"about":[{"href":"https:\/\/knjiznice.nsk.hr\/orahovica\/wp-json\/wp\/v2\/types\/post"}],"author":[{"embeddable":true,"href":"https:\/\/knjiznice.nsk.hr\/orahovica\/wp-json\/wp\/v2\/users\/187"}],"replies":[{"embeddable":true,"href":"https:\/\/knjiznice.nsk.hr\/orahovica\/wp-json\/wp\/v2\/comments?post=794"}],"version-history":[{"count":1,"href":"https:\/\/knjiznice.nsk.hr\/orahovica\/wp-json\/wp\/v2\/posts\/794\/revisions"}],"predecessor-version":[{"id":796,"href":"https:\/\/knjiznice.nsk.hr\/orahovica\/wp-json\/wp\/v2\/posts\/794\/revisions\/796"}],"wp:attachment":[{"href":"https:\/\/knjiznice.nsk.hr\/orahovica\/wp-json\/wp\/v2\/media?parent=794"}],"wp:term":[{"taxonomy":"category","embeddable":true,"href":"https:\/\/knjiznice.nsk.hr\/orahovica\/wp-json\/wp\/v2\/categories?post=794"},{"taxonomy":"post_tag","embeddable":true,"href":"https:\/\/knjiznice.nsk.hr\/orahovica\/wp-json\/wp\/v2\/tags?post=794"}],"curies":[{"name":"wp","href":"https:\/\/api.w.org\/{rel}","templated":true}]}}