{"id":755,"date":"2026-01-26T09:12:24","date_gmt":"2026-01-26T08:12:24","guid":{"rendered":"http:\/\/knjiznice.nsk.hr\/orahovica\/?p=755"},"modified":"2026-01-26T09:12:24","modified_gmt":"2026-01-26T08:12:24","slug":"promocija-knjige-sigurna-kuca","status":"publish","type":"post","link":"https:\/\/knjiznice.nsk.hr\/orahovica\/2026\/01\/26\/promocija-knjige-sigurna-kuca\/","title":{"rendered":"Promocija knjige &#8220;Sigurna ku\u0107a&#8221;"},"content":{"rendered":"<p>U organizaciji Gradske knji\u017enice Orahovica, povodom obilje\u017eavanja Me\u0111unarodnog dana borbe protiv nasilja nad \u017eenama, u multifunkcionalnoj dvorani odr\u017eano je predstavljanje romana \u201eSigurna ku\u0107a\u201c autorice Marine Vuj\u010di\u0107. Doga\u0111aj je naglasio va\u017enost svakodnevne borbe protiv nasilja nad \u017eenama te potrebe za razumijevanjem i podr\u0161kom \u017ertvama.<\/p>\n<p>Ravnateljica knji\u017enice Matea \u0160umrada pozdravila je sve prisutne i zahvalila na dolasku. Istaknula je kako roman \u201eSigurna ku\u0107a\u201c sna\u017eno progovara o nasilju koje se doga\u0111a iza zatvorenih vrata te se tematski savr\u0161eno uklapa u obilje\u017eavanje 25. studenoga \u2013 Me\u0111unarodnog dana borbe protiv nasilja nad \u017eenama.<\/p>\n<p>Autorica Marina Vuj\u010di\u0107 zahvalila se okupljenima te najavila da \u0107e sama govoriti o knjizi, \u0161to joj je, kako je istaknula, neuobi\u010dajeno jer naj\u010de\u0161\u0107e sudjeluje u moderiranim razgovorima. Naglasila je da je tema nasilja nad \u017eenama iznimno va\u017ena i da ju zabrinjava \u010dinjenica \u0161to se o njoj intenzivnije govori samo jedan dan u godini, iako bi se trebala nalaziti u sredi\u0161tu dru\u0161tvene pozornosti tijekom cijele godine. Unato\u010d kampanjama i osvje\u0161tavanju problema, \u017ertve su \u010desto i dalje neza\u0161ti\u0107ene \u2013 kako od sustava tako i od vlastitih obitelji.<\/p>\n<p>Govore\u0107i o romanu \u201eSigurna ku\u0107a\u201c, autorica je pojasnila da je pri\u010da po izlasku izazvala veliko zanimanje javnosti. Roman prati \u017eenu koja je, nakon dugotrajnog psihi\u010dkog, fizi\u010dkog i ekonomskog zlostavljanja, u samoobrani ubila supruga. Iako nijedan takav \u010din ne mo\u017ee biti opravdan, cilj romana nije opravdavanje, nego prikazivanje psihologije \u017ertve, dinamike nasilne veze i razloga zbog kojih je \u017eenama te\u0161ko iza\u0107i iz takvih odnosa.<\/p>\n<p>Vuj\u010di\u0107 je istaknula da nasilne veze gotovo nikada ne zapo\u010dinju nasiljem. Po\u010dinju prividnom ljubavlju, pa\u017enjom i sigurno\u0161\u0107u, a postupno prelaze u kontrolu, izolaciju, omalova\u017eavanje i manipulaciju. \u017dena \u010desto postane ekonomski i emocionalno ovisna o partneru, \u0161to dodatno ote\u017eava odlazak.<\/p>\n<p>Za potrebe pisanja romana autorica je provela opse\u017eno istra\u017eivanje i razgovarala sa \u017eenama koje su pre\u017eivjele nasilne odnose. Prou\u010davala je brojna svjedo\u010danstva i materijale koji su joj pomogli razumjeti za\u0161to \u017ertve ne odlaze nakon prvih znakova nasilja. Svoja saznanja preto\u010dila je u emotivno sna\u017enu pri\u010du koja je, kako je istaknula, bila vrlo zahtjevna za pisanje jer je zahtijevala duboko emocionalno uranjanje u unutarnji svijet \u017ertve.<\/p>\n<p>Nakon objave romana, autorici su se po\u010dele javljati brojne \u017eene koje su u njegovim stranicama prepoznale dijelove vlastitog \u017eivota. Mnoge su joj zahvalile jer su, kako su navele, prvi put osjetile da nisu same, da ono \u0161to im se dogodilo nije njihova krivnja i da je obrazac nasilja \u010desto vrlo sli\u010dan.<\/p>\n<p>Vuj\u010di\u0107 je posebno istaknula problem osu\u0111ivanja \u017ertava kroz pitanja poput: \u201eZa\u0161to ga nije ostavila?\u201c Naglasila je da je upravo trenutak napu\u0161tanja nasilnika najopasniji za \u017eenu i da se ve\u0107ina najte\u017eih tragedija doga\u0111a nakon poku\u0161aja odlaska. Zbog toga je klju\u010dno razvijati dru\u0161tvenu empatiju, znanje i spremnost na razumijevanje.<\/p>\n<p>Doga\u0111aj je zaklju\u010den porukom da nasilje nad \u017eenama nije privatna stvar, nego ozbiljan dru\u0161tveni problem koji zahtijeva zajedni\u010dko djelovanje, stalnu edukaciju i podr\u0161ku svakoj \u017ertvi.<\/p>\n<p><a href=\"http:\/\/knjiznice.nsk.hr\/orahovica\/wp-content\/uploads\/sites\/113\/2026\/01\/marina-vujcic.jpg\"><img loading=\"lazy\" class=\"size-medium wp-image-756 aligncenter\" src=\"http:\/\/knjiznice.nsk.hr\/orahovica\/wp-content\/uploads\/sites\/113\/2026\/01\/marina-vujcic-300x169.jpg\" alt=\"\" width=\"300\" height=\"169\" srcset=\"https:\/\/knjiznice.nsk.hr\/orahovica\/wp-content\/uploads\/sites\/113\/2026\/01\/marina-vujcic-300x169.jpg 300w, https:\/\/knjiznice.nsk.hr\/orahovica\/wp-content\/uploads\/sites\/113\/2026\/01\/marina-vujcic-768x432.jpg 768w, https:\/\/knjiznice.nsk.hr\/orahovica\/wp-content\/uploads\/sites\/113\/2026\/01\/marina-vujcic-600x338.jpg 600w, https:\/\/knjiznice.nsk.hr\/orahovica\/wp-content\/uploads\/sites\/113\/2026\/01\/marina-vujcic.jpg 1024w\" sizes=\"(max-width: 300px) 100vw, 300px\" \/><\/a><\/p>\n<p>Izvor: Radio Orahovica<\/p>\n","protected":false},"excerpt":{"rendered":"<p>U organizaciji Gradske knji\u017enice Orahovica, povodom obilje\u017eavanja Me\u0111unarodnog dana borbe protiv nasilja nad \u017eenama, u multifunkcionalnoj dvorani odr\u017eano je predstavljanje romana \u201eSigurna ku\u0107a\u201c autorice Marine Vuj\u010di\u0107. Doga\u0111aj je naglasio va\u017enost [&hellip;]<\/p>\n","protected":false},"author":187,"featured_media":0,"comment_status":"closed","ping_status":"closed","sticky":false,"template":"","format":"standard","meta":{"ngg_post_thumbnail":0},"categories":[1],"tags":[],"yoast_head":"<!-- This site is optimized with the Yoast SEO plugin v16.4 - https:\/\/yoast.com\/wordpress\/plugins\/seo\/ -->\n<meta name=\"robots\" content=\"index, follow, max-snippet:-1, max-image-preview:large, max-video-preview:-1\" \/>\n<link rel=\"canonical\" href=\"http:\/\/knjiznice.nsk.hr\/orahovica\/2026\/01\/26\/promocija-knjige-sigurna-kuca\/\" \/>\n<meta property=\"og:locale\" content=\"hr_HR\" \/>\n<meta property=\"og:type\" content=\"article\" \/>\n<meta property=\"og:title\" content=\"Promocija knjige &quot;Sigurna ku\u0107a&quot; - Gradska knji\u017enica Orahovica\" \/>\n<meta property=\"og:description\" content=\"U organizaciji Gradske knji\u017enice Orahovica, povodom obilje\u017eavanja Me\u0111unarodnog dana borbe protiv nasilja nad \u017eenama, u multifunkcionalnoj dvorani odr\u017eano je predstavljanje romana \u201eSigurna ku\u0107a\u201c autorice Marine Vuj\u010di\u0107. Doga\u0111aj je naglasio va\u017enost [&hellip;]\" \/>\n<meta property=\"og:url\" content=\"http:\/\/knjiznice.nsk.hr\/orahovica\/2026\/01\/26\/promocija-knjige-sigurna-kuca\/\" \/>\n<meta property=\"og:site_name\" content=\"Gradska knji\u017enica Orahovica\" \/>\n<meta property=\"article:author\" content=\"https:\/\/web.facebook.com\/Gradska-knjinica-Orahovica-159772650804170\/\" \/>\n<meta property=\"article:published_time\" content=\"2026-01-26T08:12:24+00:00\" \/>\n<meta property=\"og:image\" content=\"http:\/\/knjiznice.nsk.hr\/orahovica\/wp-content\/uploads\/sites\/113\/2026\/01\/marina-vujcic-300x169.jpg\" \/>\n<meta name=\"twitter:card\" content=\"summary_large_image\" \/>\n<meta name=\"twitter:label1\" content=\"Procijenjeno vrijeme \u010ditanja\" \/>\n\t<meta name=\"twitter:data1\" content=\"3 minute\" \/>\n<script type=\"application\/ld+json\" class=\"yoast-schema-graph\">{\"@context\":\"https:\/\/schema.org\",\"@graph\":[{\"@type\":\"WebSite\",\"@id\":\"http:\/\/knjiznice.nsk.hr\/orahovica\/#website\",\"url\":\"http:\/\/knjiznice.nsk.hr\/orahovica\/\",\"name\":\"Gradska knji\\u017enica Orahovica\",\"description\":\"\\u010citamo s vama od 1877. godine\",\"potentialAction\":[{\"@type\":\"SearchAction\",\"target\":\"http:\/\/knjiznice.nsk.hr\/orahovica\/?s={search_term_string}\",\"query-input\":\"required name=search_term_string\"}],\"inLanguage\":\"hr\"},{\"@type\":\"ImageObject\",\"@id\":\"http:\/\/knjiznice.nsk.hr\/orahovica\/2026\/01\/26\/promocija-knjige-sigurna-kuca\/#primaryimage\",\"inLanguage\":\"hr\",\"url\":\"http:\/\/knjiznice.nsk.hr\/orahovica\/wp-content\/uploads\/sites\/113\/2026\/01\/marina-vujcic-300x169.jpg\",\"contentUrl\":\"http:\/\/knjiznice.nsk.hr\/orahovica\/wp-content\/uploads\/sites\/113\/2026\/01\/marina-vujcic-300x169.jpg\"},{\"@type\":\"WebPage\",\"@id\":\"http:\/\/knjiznice.nsk.hr\/orahovica\/2026\/01\/26\/promocija-knjige-sigurna-kuca\/#webpage\",\"url\":\"http:\/\/knjiznice.nsk.hr\/orahovica\/2026\/01\/26\/promocija-knjige-sigurna-kuca\/\",\"name\":\"Promocija knjige \\\"Sigurna ku\\u0107a\\\" - Gradska knji\\u017enica Orahovica\",\"isPartOf\":{\"@id\":\"http:\/\/knjiznice.nsk.hr\/orahovica\/#website\"},\"primaryImageOfPage\":{\"@id\":\"http:\/\/knjiznice.nsk.hr\/orahovica\/2026\/01\/26\/promocija-knjige-sigurna-kuca\/#primaryimage\"},\"datePublished\":\"2026-01-26T08:12:24+00:00\",\"dateModified\":\"2026-01-26T08:12:24+00:00\",\"author\":{\"@id\":\"http:\/\/knjiznice.nsk.hr\/orahovica\/#\/schema\/person\/2b8818da522f1f9da8eaba55ff17d8d7\"},\"breadcrumb\":{\"@id\":\"http:\/\/knjiznice.nsk.hr\/orahovica\/2026\/01\/26\/promocija-knjige-sigurna-kuca\/#breadcrumb\"},\"inLanguage\":\"hr\",\"potentialAction\":[{\"@type\":\"ReadAction\",\"target\":[\"http:\/\/knjiznice.nsk.hr\/orahovica\/2026\/01\/26\/promocija-knjige-sigurna-kuca\/\"]}]},{\"@type\":\"BreadcrumbList\",\"@id\":\"http:\/\/knjiznice.nsk.hr\/orahovica\/2026\/01\/26\/promocija-knjige-sigurna-kuca\/#breadcrumb\",\"itemListElement\":[{\"@type\":\"ListItem\",\"position\":1,\"item\":{\"@type\":\"WebPage\",\"@id\":\"http:\/\/knjiznice.nsk.hr\/orahovica\/\",\"url\":\"http:\/\/knjiznice.nsk.hr\/orahovica\/\",\"name\":\"Po\\u010detna stranica\"}},{\"@type\":\"ListItem\",\"position\":2,\"item\":{\"@id\":\"http:\/\/knjiznice.nsk.hr\/orahovica\/2026\/01\/26\/promocija-knjige-sigurna-kuca\/#webpage\"}}]},{\"@type\":\"Person\",\"@id\":\"http:\/\/knjiznice.nsk.hr\/orahovica\/#\/schema\/person\/2b8818da522f1f9da8eaba55ff17d8d7\",\"name\":\"orahovica\",\"image\":{\"@type\":\"ImageObject\",\"@id\":\"http:\/\/knjiznice.nsk.hr\/orahovica\/#personlogo\",\"inLanguage\":\"hr\",\"url\":\"https:\/\/secure.gravatar.com\/avatar\/aa93fc577da392f13d1daa1f13be0e7a?s=96&d=mm&r=g\",\"contentUrl\":\"https:\/\/secure.gravatar.com\/avatar\/aa93fc577da392f13d1daa1f13be0e7a?s=96&d=mm&r=g\",\"caption\":\"orahovica\"},\"sameAs\":[\"https:\/\/web.facebook.com\/Gradska-knjinica-Orahovica-159772650804170\/\"],\"url\":\"https:\/\/knjiznice.nsk.hr\/orahovica\/\"}]}<\/script>\n<!-- \/ Yoast SEO plugin. -->","_links":{"self":[{"href":"https:\/\/knjiznice.nsk.hr\/orahovica\/wp-json\/wp\/v2\/posts\/755"}],"collection":[{"href":"https:\/\/knjiznice.nsk.hr\/orahovica\/wp-json\/wp\/v2\/posts"}],"about":[{"href":"https:\/\/knjiznice.nsk.hr\/orahovica\/wp-json\/wp\/v2\/types\/post"}],"author":[{"embeddable":true,"href":"https:\/\/knjiznice.nsk.hr\/orahovica\/wp-json\/wp\/v2\/users\/187"}],"replies":[{"embeddable":true,"href":"https:\/\/knjiznice.nsk.hr\/orahovica\/wp-json\/wp\/v2\/comments?post=755"}],"version-history":[{"count":1,"href":"https:\/\/knjiznice.nsk.hr\/orahovica\/wp-json\/wp\/v2\/posts\/755\/revisions"}],"predecessor-version":[{"id":757,"href":"https:\/\/knjiznice.nsk.hr\/orahovica\/wp-json\/wp\/v2\/posts\/755\/revisions\/757"}],"wp:attachment":[{"href":"https:\/\/knjiznice.nsk.hr\/orahovica\/wp-json\/wp\/v2\/media?parent=755"}],"wp:term":[{"taxonomy":"category","embeddable":true,"href":"https:\/\/knjiznice.nsk.hr\/orahovica\/wp-json\/wp\/v2\/categories?post=755"},{"taxonomy":"post_tag","embeddable":true,"href":"https:\/\/knjiznice.nsk.hr\/orahovica\/wp-json\/wp\/v2\/tags?post=755"}],"curies":[{"name":"wp","href":"https:\/\/api.w.org\/{rel}","templated":true}]}}