{"id":579,"date":"2025-08-25T11:01:44","date_gmt":"2025-08-25T09:01:44","guid":{"rendered":"http:\/\/knjiznice.nsk.hr\/orahovica\/?p=579"},"modified":"2025-08-25T11:01:44","modified_gmt":"2025-08-25T09:01:44","slug":"zavrsen-program-ljeto-u-knjiznici-2025-godine","status":"publish","type":"post","link":"https:\/\/knjiznice.nsk.hr\/orahovica\/2025\/08\/25\/zavrsen-program-ljeto-u-knjiznici-2025-godine\/","title":{"rendered":"Zavr\u0161en program Ljeto u knji\u017enici 2025. godine"},"content":{"rendered":"<p style=\"text-align: center\">Uspje\u0161no smo zavr\u0161ili program Ljeto u knji\u017enici 2025. godine koji je ove godine sufinanciran sredstvima Ministarstva kulture i medija Republike Hrvatske.<\/p>\n<p style=\"text-align: center\">Odr\u017eali smo ukupno pet radionica u periodu od 18. do 22. kolovoza 2025. godine.<\/p>\n<p style=\"text-align: center\">Odli\u010dno smo se proveli, bili kreativni i puno toga nau\u010dili.<\/p>\n<p><a href=\"http:\/\/knjiznice.nsk.hr\/orahovica\/wp-content\/uploads\/sites\/113\/2025\/08\/ljeto1.jpg\"><img loading=\"lazy\" class=\"alignnone size-medium wp-image-580\" src=\"http:\/\/knjiznice.nsk.hr\/orahovica\/wp-content\/uploads\/sites\/113\/2025\/08\/ljeto1-300x225.jpg\" alt=\"\" width=\"300\" height=\"225\" srcset=\"https:\/\/knjiznice.nsk.hr\/orahovica\/wp-content\/uploads\/sites\/113\/2025\/08\/ljeto1-300x225.jpg 300w, https:\/\/knjiznice.nsk.hr\/orahovica\/wp-content\/uploads\/sites\/113\/2025\/08\/ljeto1-1024x768.jpg 1024w, https:\/\/knjiznice.nsk.hr\/orahovica\/wp-content\/uploads\/sites\/113\/2025\/08\/ljeto1-768x576.jpg 768w, https:\/\/knjiznice.nsk.hr\/orahovica\/wp-content\/uploads\/sites\/113\/2025\/08\/ljeto1-600x450.jpg 600w, https:\/\/knjiznice.nsk.hr\/orahovica\/wp-content\/uploads\/sites\/113\/2025\/08\/ljeto1-1536x1152.jpg 1536w, https:\/\/knjiznice.nsk.hr\/orahovica\/wp-content\/uploads\/sites\/113\/2025\/08\/ljeto1.jpg 2048w\" sizes=\"(max-width: 300px) 100vw, 300px\" \/><\/a><a href=\"http:\/\/knjiznice.nsk.hr\/orahovica\/wp-content\/uploads\/sites\/113\/2025\/08\/ljeto2.jpg\"><img loading=\"lazy\" class=\"alignnone size-medium wp-image-581\" src=\"http:\/\/knjiznice.nsk.hr\/orahovica\/wp-content\/uploads\/sites\/113\/2025\/08\/ljeto2-300x225.jpg\" alt=\"\" width=\"300\" height=\"225\" srcset=\"https:\/\/knjiznice.nsk.hr\/orahovica\/wp-content\/uploads\/sites\/113\/2025\/08\/ljeto2-300x225.jpg 300w, https:\/\/knjiznice.nsk.hr\/orahovica\/wp-content\/uploads\/sites\/113\/2025\/08\/ljeto2-768x576.jpg 768w, https:\/\/knjiznice.nsk.hr\/orahovica\/wp-content\/uploads\/sites\/113\/2025\/08\/ljeto2-600x450.jpg 600w, https:\/\/knjiznice.nsk.hr\/orahovica\/wp-content\/uploads\/sites\/113\/2025\/08\/ljeto2.jpg 1024w\" sizes=\"(max-width: 300px) 100vw, 300px\" \/><\/a><\/p>\n<p><a href=\"http:\/\/knjiznice.nsk.hr\/orahovica\/wp-content\/uploads\/sites\/113\/2025\/08\/ljeto3.jpg\"><img loading=\"lazy\" class=\"alignnone size-medium wp-image-582\" src=\"http:\/\/knjiznice.nsk.hr\/orahovica\/wp-content\/uploads\/sites\/113\/2025\/08\/ljeto3-300x225.jpg\" alt=\"\" width=\"300\" height=\"225\" srcset=\"https:\/\/knjiznice.nsk.hr\/orahovica\/wp-content\/uploads\/sites\/113\/2025\/08\/ljeto3-300x225.jpg 300w, https:\/\/knjiznice.nsk.hr\/orahovica\/wp-content\/uploads\/sites\/113\/2025\/08\/ljeto3-1024x768.jpg 1024w, https:\/\/knjiznice.nsk.hr\/orahovica\/wp-content\/uploads\/sites\/113\/2025\/08\/ljeto3-768x576.jpg 768w, https:\/\/knjiznice.nsk.hr\/orahovica\/wp-content\/uploads\/sites\/113\/2025\/08\/ljeto3-600x450.jpg 600w, https:\/\/knjiznice.nsk.hr\/orahovica\/wp-content\/uploads\/sites\/113\/2025\/08\/ljeto3-1536x1152.jpg 1536w, https:\/\/knjiznice.nsk.hr\/orahovica\/wp-content\/uploads\/sites\/113\/2025\/08\/ljeto3.jpg 2048w\" sizes=\"(max-width: 300px) 100vw, 300px\" \/><\/a><a href=\"http:\/\/knjiznice.nsk.hr\/orahovica\/wp-content\/uploads\/sites\/113\/2025\/08\/ljeto-4.jpg\"><img loading=\"lazy\" class=\"alignnone size-medium wp-image-583\" src=\"http:\/\/knjiznice.nsk.hr\/orahovica\/wp-content\/uploads\/sites\/113\/2025\/08\/ljeto-4-225x300.jpg\" alt=\"\" width=\"225\" height=\"300\" srcset=\"https:\/\/knjiznice.nsk.hr\/orahovica\/wp-content\/uploads\/sites\/113\/2025\/08\/ljeto-4-225x300.jpg 225w, https:\/\/knjiznice.nsk.hr\/orahovica\/wp-content\/uploads\/sites\/113\/2025\/08\/ljeto-4-600x800.jpg 600w, https:\/\/knjiznice.nsk.hr\/orahovica\/wp-content\/uploads\/sites\/113\/2025\/08\/ljeto-4.jpg 768w\" sizes=\"(max-width: 225px) 100vw, 225px\" \/><\/a><\/p>\n","protected":false},"excerpt":{"rendered":"<p>Uspje\u0161no smo zavr\u0161ili program Ljeto u knji\u017enici 2025. godine koji je ove godine sufinanciran sredstvima Ministarstva kulture i medija Republike Hrvatske. Odr\u017eali smo ukupno pet radionica u periodu od 18. [&hellip;]<\/p>\n","protected":false},"author":187,"featured_media":0,"comment_status":"closed","ping_status":"closed","sticky":false,"template":"","format":"standard","meta":{"ngg_post_thumbnail":0},"categories":[1],"tags":[],"yoast_head":"<!-- This site is optimized with the Yoast SEO plugin v16.4 - https:\/\/yoast.com\/wordpress\/plugins\/seo\/ -->\n<meta name=\"robots\" content=\"index, follow, max-snippet:-1, max-image-preview:large, max-video-preview:-1\" \/>\n<link rel=\"canonical\" href=\"http:\/\/knjiznice.nsk.hr\/orahovica\/2025\/08\/25\/zavrsen-program-ljeto-u-knjiznici-2025-godine\/\" \/>\n<meta property=\"og:locale\" content=\"hr_HR\" \/>\n<meta property=\"og:type\" content=\"article\" \/>\n<meta property=\"og:title\" content=\"Zavr\u0161en program Ljeto u knji\u017enici 2025. godine - Gradska knji\u017enica Orahovica\" \/>\n<meta property=\"og:description\" content=\"Uspje\u0161no smo zavr\u0161ili program Ljeto u knji\u017enici 2025. godine koji je ove godine sufinanciran sredstvima Ministarstva kulture i medija Republike Hrvatske. Odr\u017eali smo ukupno pet radionica u periodu od 18. [&hellip;]\" \/>\n<meta property=\"og:url\" content=\"http:\/\/knjiznice.nsk.hr\/orahovica\/2025\/08\/25\/zavrsen-program-ljeto-u-knjiznici-2025-godine\/\" \/>\n<meta property=\"og:site_name\" content=\"Gradska knji\u017enica Orahovica\" \/>\n<meta property=\"article:author\" content=\"https:\/\/web.facebook.com\/Gradska-knjinica-Orahovica-159772650804170\/\" \/>\n<meta property=\"article:published_time\" content=\"2025-08-25T09:01:44+00:00\" \/>\n<meta property=\"og:image\" content=\"http:\/\/knjiznice.nsk.hr\/orahovica\/wp-content\/uploads\/sites\/113\/2025\/08\/ljeto1-300x225.jpg\" \/>\n<meta name=\"twitter:card\" content=\"summary_large_image\" \/>\n<meta name=\"twitter:label1\" content=\"Procijenjeno vrijeme \u010ditanja\" \/>\n\t<meta name=\"twitter:data1\" content=\"1 minuta\" \/>\n<script type=\"application\/ld+json\" class=\"yoast-schema-graph\">{\"@context\":\"https:\/\/schema.org\",\"@graph\":[{\"@type\":\"WebSite\",\"@id\":\"http:\/\/knjiznice.nsk.hr\/orahovica\/#website\",\"url\":\"http:\/\/knjiznice.nsk.hr\/orahovica\/\",\"name\":\"Gradska knji\\u017enica Orahovica\",\"description\":\"\\u010citamo s vama od 1877. godine\",\"potentialAction\":[{\"@type\":\"SearchAction\",\"target\":\"http:\/\/knjiznice.nsk.hr\/orahovica\/?s={search_term_string}\",\"query-input\":\"required name=search_term_string\"}],\"inLanguage\":\"hr\"},{\"@type\":\"ImageObject\",\"@id\":\"http:\/\/knjiznice.nsk.hr\/orahovica\/2025\/08\/25\/zavrsen-program-ljeto-u-knjiznici-2025-godine\/#primaryimage\",\"inLanguage\":\"hr\",\"url\":\"http:\/\/knjiznice.nsk.hr\/orahovica\/wp-content\/uploads\/sites\/113\/2025\/08\/ljeto1-300x225.jpg\",\"contentUrl\":\"http:\/\/knjiznice.nsk.hr\/orahovica\/wp-content\/uploads\/sites\/113\/2025\/08\/ljeto1-300x225.jpg\"},{\"@type\":\"WebPage\",\"@id\":\"http:\/\/knjiznice.nsk.hr\/orahovica\/2025\/08\/25\/zavrsen-program-ljeto-u-knjiznici-2025-godine\/#webpage\",\"url\":\"http:\/\/knjiznice.nsk.hr\/orahovica\/2025\/08\/25\/zavrsen-program-ljeto-u-knjiznici-2025-godine\/\",\"name\":\"Zavr\\u0161en program Ljeto u knji\\u017enici 2025. godine - Gradska knji\\u017enica Orahovica\",\"isPartOf\":{\"@id\":\"http:\/\/knjiznice.nsk.hr\/orahovica\/#website\"},\"primaryImageOfPage\":{\"@id\":\"http:\/\/knjiznice.nsk.hr\/orahovica\/2025\/08\/25\/zavrsen-program-ljeto-u-knjiznici-2025-godine\/#primaryimage\"},\"datePublished\":\"2025-08-25T09:01:44+00:00\",\"dateModified\":\"2025-08-25T09:01:44+00:00\",\"author\":{\"@id\":\"http:\/\/knjiznice.nsk.hr\/orahovica\/#\/schema\/person\/2b8818da522f1f9da8eaba55ff17d8d7\"},\"breadcrumb\":{\"@id\":\"http:\/\/knjiznice.nsk.hr\/orahovica\/2025\/08\/25\/zavrsen-program-ljeto-u-knjiznici-2025-godine\/#breadcrumb\"},\"inLanguage\":\"hr\",\"potentialAction\":[{\"@type\":\"ReadAction\",\"target\":[\"http:\/\/knjiznice.nsk.hr\/orahovica\/2025\/08\/25\/zavrsen-program-ljeto-u-knjiznici-2025-godine\/\"]}]},{\"@type\":\"BreadcrumbList\",\"@id\":\"http:\/\/knjiznice.nsk.hr\/orahovica\/2025\/08\/25\/zavrsen-program-ljeto-u-knjiznici-2025-godine\/#breadcrumb\",\"itemListElement\":[{\"@type\":\"ListItem\",\"position\":1,\"item\":{\"@type\":\"WebPage\",\"@id\":\"http:\/\/knjiznice.nsk.hr\/orahovica\/\",\"url\":\"http:\/\/knjiznice.nsk.hr\/orahovica\/\",\"name\":\"Po\\u010detna stranica\"}},{\"@type\":\"ListItem\",\"position\":2,\"item\":{\"@id\":\"http:\/\/knjiznice.nsk.hr\/orahovica\/2025\/08\/25\/zavrsen-program-ljeto-u-knjiznici-2025-godine\/#webpage\"}}]},{\"@type\":\"Person\",\"@id\":\"http:\/\/knjiznice.nsk.hr\/orahovica\/#\/schema\/person\/2b8818da522f1f9da8eaba55ff17d8d7\",\"name\":\"orahovica\",\"image\":{\"@type\":\"ImageObject\",\"@id\":\"http:\/\/knjiznice.nsk.hr\/orahovica\/#personlogo\",\"inLanguage\":\"hr\",\"url\":\"https:\/\/secure.gravatar.com\/avatar\/aa93fc577da392f13d1daa1f13be0e7a?s=96&d=mm&r=g\",\"contentUrl\":\"https:\/\/secure.gravatar.com\/avatar\/aa93fc577da392f13d1daa1f13be0e7a?s=96&d=mm&r=g\",\"caption\":\"orahovica\"},\"sameAs\":[\"https:\/\/web.facebook.com\/Gradska-knjinica-Orahovica-159772650804170\/\"],\"url\":\"https:\/\/knjiznice.nsk.hr\/orahovica\/\"}]}<\/script>\n<!-- \/ Yoast SEO plugin. -->","_links":{"self":[{"href":"https:\/\/knjiznice.nsk.hr\/orahovica\/wp-json\/wp\/v2\/posts\/579"}],"collection":[{"href":"https:\/\/knjiznice.nsk.hr\/orahovica\/wp-json\/wp\/v2\/posts"}],"about":[{"href":"https:\/\/knjiznice.nsk.hr\/orahovica\/wp-json\/wp\/v2\/types\/post"}],"author":[{"embeddable":true,"href":"https:\/\/knjiznice.nsk.hr\/orahovica\/wp-json\/wp\/v2\/users\/187"}],"replies":[{"embeddable":true,"href":"https:\/\/knjiznice.nsk.hr\/orahovica\/wp-json\/wp\/v2\/comments?post=579"}],"version-history":[{"count":1,"href":"https:\/\/knjiznice.nsk.hr\/orahovica\/wp-json\/wp\/v2\/posts\/579\/revisions"}],"predecessor-version":[{"id":584,"href":"https:\/\/knjiznice.nsk.hr\/orahovica\/wp-json\/wp\/v2\/posts\/579\/revisions\/584"}],"wp:attachment":[{"href":"https:\/\/knjiznice.nsk.hr\/orahovica\/wp-json\/wp\/v2\/media?parent=579"}],"wp:term":[{"taxonomy":"category","embeddable":true,"href":"https:\/\/knjiznice.nsk.hr\/orahovica\/wp-json\/wp\/v2\/categories?post=579"},{"taxonomy":"post_tag","embeddable":true,"href":"https:\/\/knjiznice.nsk.hr\/orahovica\/wp-json\/wp\/v2\/tags?post=579"}],"curies":[{"name":"wp","href":"https:\/\/api.w.org\/{rel}","templated":true}]}}