{"id":574,"date":"2025-08-11T08:40:09","date_gmt":"2025-08-11T06:40:09","guid":{"rendered":"http:\/\/knjiznice.nsk.hr\/orahovica\/?p=574"},"modified":"2025-08-11T08:40:09","modified_gmt":"2025-08-11T06:40:09","slug":"ljeto-u-knjiznici-2025-godine","status":"publish","type":"post","link":"https:\/\/knjiznice.nsk.hr\/orahovica\/2025\/08\/11\/ljeto-u-knjiznici-2025-godine\/","title":{"rendered":"Ljeto u knji\u017enici 2025. godine"},"content":{"rendered":"<p style=\"text-align: center\">Gradska knji\u017enica Orahovica organizira radionice za djecu pod nazivom \u201eLjeto u knji\u017enici 2025.<br \/>\ngodine\u201c.<br \/>\nOd 18. do 22. kolovoza, od ponedjeljka do petka, o\u010dekujemo djecu od 10 do predvidivo 12 sati.<br \/>\nI ovoga ljeta \u0107emo \u010ditati, slikati, u\u010diti, dru\u017eiti se i igrati, a sve to u prostoru Knji\u017enice.<br \/>\nPozivamo svu djecu da nam se pridru\u017ee!<br \/>\nRadionice su sufinancirane sredstvima Ministarstva kulture i medija Republike Hrvatske.<\/p>\n<p><a href=\"http:\/\/knjiznice.nsk.hr\/orahovica\/wp-content\/uploads\/sites\/113\/2025\/08\/Ljeto-u-knjiznici-2025.-godine.png\"><img loading=\"lazy\" class=\"size-medium wp-image-575 aligncenter\" src=\"http:\/\/knjiznice.nsk.hr\/orahovica\/wp-content\/uploads\/sites\/113\/2025\/08\/Ljeto-u-knjiznici-2025.-godine-300x300.png\" alt=\"\" width=\"300\" height=\"300\" srcset=\"https:\/\/knjiznice.nsk.hr\/orahovica\/wp-content\/uploads\/sites\/113\/2025\/08\/Ljeto-u-knjiznici-2025.-godine-300x300.png 300w, https:\/\/knjiznice.nsk.hr\/orahovica\/wp-content\/uploads\/sites\/113\/2025\/08\/Ljeto-u-knjiznici-2025.-godine-150x150.png 150w, https:\/\/knjiznice.nsk.hr\/orahovica\/wp-content\/uploads\/sites\/113\/2025\/08\/Ljeto-u-knjiznici-2025.-godine-768x768.png 768w, https:\/\/knjiznice.nsk.hr\/orahovica\/wp-content\/uploads\/sites\/113\/2025\/08\/Ljeto-u-knjiznici-2025.-godine-600x600.png 600w, https:\/\/knjiznice.nsk.hr\/orahovica\/wp-content\/uploads\/sites\/113\/2025\/08\/Ljeto-u-knjiznici-2025.-godine.png 1000w\" sizes=\"(max-width: 300px) 100vw, 300px\" \/><\/a><\/p>\n","protected":false},"excerpt":{"rendered":"<p>Gradska knji\u017enica Orahovica organizira radionice za djecu pod nazivom \u201eLjeto u knji\u017enici 2025. godine\u201c. Od 18. do 22. kolovoza, od ponedjeljka do petka, o\u010dekujemo djecu od 10 do predvidivo 12 [&hellip;]<\/p>\n","protected":false},"author":187,"featured_media":0,"comment_status":"closed","ping_status":"closed","sticky":false,"template":"","format":"standard","meta":{"ngg_post_thumbnail":0},"categories":[1],"tags":[],"yoast_head":"<!-- This site is optimized with the Yoast SEO plugin v16.4 - https:\/\/yoast.com\/wordpress\/plugins\/seo\/ -->\n<meta name=\"robots\" content=\"index, follow, max-snippet:-1, max-image-preview:large, max-video-preview:-1\" \/>\n<link rel=\"canonical\" href=\"http:\/\/knjiznice.nsk.hr\/orahovica\/2025\/08\/11\/ljeto-u-knjiznici-2025-godine\/\" \/>\n<meta property=\"og:locale\" content=\"hr_HR\" \/>\n<meta property=\"og:type\" content=\"article\" \/>\n<meta property=\"og:title\" content=\"Ljeto u knji\u017enici 2025. godine - Gradska knji\u017enica Orahovica\" \/>\n<meta property=\"og:description\" content=\"Gradska knji\u017enica Orahovica organizira radionice za djecu pod nazivom \u201eLjeto u knji\u017enici 2025. godine\u201c. Od 18. do 22. kolovoza, od ponedjeljka do petka, o\u010dekujemo djecu od 10 do predvidivo 12 [&hellip;]\" \/>\n<meta property=\"og:url\" content=\"http:\/\/knjiznice.nsk.hr\/orahovica\/2025\/08\/11\/ljeto-u-knjiznici-2025-godine\/\" \/>\n<meta property=\"og:site_name\" content=\"Gradska knji\u017enica Orahovica\" \/>\n<meta property=\"article:author\" content=\"https:\/\/web.facebook.com\/Gradska-knjinica-Orahovica-159772650804170\/\" \/>\n<meta property=\"article:published_time\" content=\"2025-08-11T06:40:09+00:00\" \/>\n<meta property=\"og:image\" content=\"http:\/\/knjiznice.nsk.hr\/orahovica\/wp-content\/uploads\/sites\/113\/2025\/08\/Ljeto-u-knjiznici-2025.-godine-300x300.png\" \/>\n<meta name=\"twitter:card\" content=\"summary_large_image\" \/>\n<meta name=\"twitter:label1\" content=\"Procijenjeno vrijeme \u010ditanja\" \/>\n\t<meta name=\"twitter:data1\" content=\"1 minuta\" \/>\n<script type=\"application\/ld+json\" class=\"yoast-schema-graph\">{\"@context\":\"https:\/\/schema.org\",\"@graph\":[{\"@type\":\"WebSite\",\"@id\":\"http:\/\/knjiznice.nsk.hr\/orahovica\/#website\",\"url\":\"http:\/\/knjiznice.nsk.hr\/orahovica\/\",\"name\":\"Gradska knji\\u017enica Orahovica\",\"description\":\"\\u010citamo s vama od 1877. godine\",\"potentialAction\":[{\"@type\":\"SearchAction\",\"target\":\"http:\/\/knjiznice.nsk.hr\/orahovica\/?s={search_term_string}\",\"query-input\":\"required name=search_term_string\"}],\"inLanguage\":\"hr\"},{\"@type\":\"ImageObject\",\"@id\":\"http:\/\/knjiznice.nsk.hr\/orahovica\/2025\/08\/11\/ljeto-u-knjiznici-2025-godine\/#primaryimage\",\"inLanguage\":\"hr\",\"url\":\"http:\/\/knjiznice.nsk.hr\/orahovica\/wp-content\/uploads\/sites\/113\/2025\/08\/Ljeto-u-knjiznici-2025.-godine-300x300.png\",\"contentUrl\":\"http:\/\/knjiznice.nsk.hr\/orahovica\/wp-content\/uploads\/sites\/113\/2025\/08\/Ljeto-u-knjiznici-2025.-godine-300x300.png\"},{\"@type\":\"WebPage\",\"@id\":\"http:\/\/knjiznice.nsk.hr\/orahovica\/2025\/08\/11\/ljeto-u-knjiznici-2025-godine\/#webpage\",\"url\":\"http:\/\/knjiznice.nsk.hr\/orahovica\/2025\/08\/11\/ljeto-u-knjiznici-2025-godine\/\",\"name\":\"Ljeto u knji\\u017enici 2025. godine - Gradska knji\\u017enica Orahovica\",\"isPartOf\":{\"@id\":\"http:\/\/knjiznice.nsk.hr\/orahovica\/#website\"},\"primaryImageOfPage\":{\"@id\":\"http:\/\/knjiznice.nsk.hr\/orahovica\/2025\/08\/11\/ljeto-u-knjiznici-2025-godine\/#primaryimage\"},\"datePublished\":\"2025-08-11T06:40:09+00:00\",\"dateModified\":\"2025-08-11T06:40:09+00:00\",\"author\":{\"@id\":\"http:\/\/knjiznice.nsk.hr\/orahovica\/#\/schema\/person\/2b8818da522f1f9da8eaba55ff17d8d7\"},\"breadcrumb\":{\"@id\":\"http:\/\/knjiznice.nsk.hr\/orahovica\/2025\/08\/11\/ljeto-u-knjiznici-2025-godine\/#breadcrumb\"},\"inLanguage\":\"hr\",\"potentialAction\":[{\"@type\":\"ReadAction\",\"target\":[\"http:\/\/knjiznice.nsk.hr\/orahovica\/2025\/08\/11\/ljeto-u-knjiznici-2025-godine\/\"]}]},{\"@type\":\"BreadcrumbList\",\"@id\":\"http:\/\/knjiznice.nsk.hr\/orahovica\/2025\/08\/11\/ljeto-u-knjiznici-2025-godine\/#breadcrumb\",\"itemListElement\":[{\"@type\":\"ListItem\",\"position\":1,\"item\":{\"@type\":\"WebPage\",\"@id\":\"http:\/\/knjiznice.nsk.hr\/orahovica\/\",\"url\":\"http:\/\/knjiznice.nsk.hr\/orahovica\/\",\"name\":\"Po\\u010detna stranica\"}},{\"@type\":\"ListItem\",\"position\":2,\"item\":{\"@id\":\"http:\/\/knjiznice.nsk.hr\/orahovica\/2025\/08\/11\/ljeto-u-knjiznici-2025-godine\/#webpage\"}}]},{\"@type\":\"Person\",\"@id\":\"http:\/\/knjiznice.nsk.hr\/orahovica\/#\/schema\/person\/2b8818da522f1f9da8eaba55ff17d8d7\",\"name\":\"orahovica\",\"image\":{\"@type\":\"ImageObject\",\"@id\":\"http:\/\/knjiznice.nsk.hr\/orahovica\/#personlogo\",\"inLanguage\":\"hr\",\"url\":\"https:\/\/secure.gravatar.com\/avatar\/aa93fc577da392f13d1daa1f13be0e7a?s=96&d=mm&r=g\",\"contentUrl\":\"https:\/\/secure.gravatar.com\/avatar\/aa93fc577da392f13d1daa1f13be0e7a?s=96&d=mm&r=g\",\"caption\":\"orahovica\"},\"sameAs\":[\"https:\/\/web.facebook.com\/Gradska-knjinica-Orahovica-159772650804170\/\"],\"url\":\"https:\/\/knjiznice.nsk.hr\/orahovica\/\"}]}<\/script>\n<!-- \/ Yoast SEO plugin. -->","_links":{"self":[{"href":"https:\/\/knjiznice.nsk.hr\/orahovica\/wp-json\/wp\/v2\/posts\/574"}],"collection":[{"href":"https:\/\/knjiznice.nsk.hr\/orahovica\/wp-json\/wp\/v2\/posts"}],"about":[{"href":"https:\/\/knjiznice.nsk.hr\/orahovica\/wp-json\/wp\/v2\/types\/post"}],"author":[{"embeddable":true,"href":"https:\/\/knjiznice.nsk.hr\/orahovica\/wp-json\/wp\/v2\/users\/187"}],"replies":[{"embeddable":true,"href":"https:\/\/knjiznice.nsk.hr\/orahovica\/wp-json\/wp\/v2\/comments?post=574"}],"version-history":[{"count":1,"href":"https:\/\/knjiznice.nsk.hr\/orahovica\/wp-json\/wp\/v2\/posts\/574\/revisions"}],"predecessor-version":[{"id":576,"href":"https:\/\/knjiznice.nsk.hr\/orahovica\/wp-json\/wp\/v2\/posts\/574\/revisions\/576"}],"wp:attachment":[{"href":"https:\/\/knjiznice.nsk.hr\/orahovica\/wp-json\/wp\/v2\/media?parent=574"}],"wp:term":[{"taxonomy":"category","embeddable":true,"href":"https:\/\/knjiznice.nsk.hr\/orahovica\/wp-json\/wp\/v2\/categories?post=574"},{"taxonomy":"post_tag","embeddable":true,"href":"https:\/\/knjiznice.nsk.hr\/orahovica\/wp-json\/wp\/v2\/tags?post=574"}],"curies":[{"name":"wp","href":"https:\/\/api.w.org\/{rel}","templated":true}]}}