{"id":546,"date":"2025-04-18T09:35:30","date_gmt":"2025-04-18T07:35:30","guid":{"rendered":"http:\/\/knjiznice.nsk.hr\/orahovica\/?p=546"},"modified":"2025-04-18T09:35:30","modified_gmt":"2025-04-18T07:35:30","slug":"noc-knjige-2025-godine","status":"publish","type":"post","link":"https:\/\/knjiznice.nsk.hr\/orahovica\/2025\/04\/18\/noc-knjige-2025-godine\/","title":{"rendered":"No\u0107 knjige 2025. godine"},"content":{"rendered":"<div class=\"xdj266r x11i5rnm xat24cr x1mh8g0r x1vvkbs x126k92a\">\n<div dir=\"auto\">&nbsp;<\/div>\n<\/div>\n<div dir=\"auto\">&nbsp;<\/div>\n<div dir=\"auto\">&nbsp;<\/div>\n<div dir=\"auto\" style=\"text-align: center\"><a href=\"http:\/\/knjiznice.nsk.hr\/orahovica\/wp-content\/uploads\/sites\/113\/2025\/04\/nnn.jpg\"><img loading=\"lazy\" class=\"alignnone size-medium wp-image-547\" src=\"http:\/\/knjiznice.nsk.hr\/orahovica\/wp-content\/uploads\/sites\/113\/2025\/04\/nnn-300x111.jpg\" alt=\"\" width=\"300\" height=\"111\" srcset=\"https:\/\/knjiznice.nsk.hr\/orahovica\/wp-content\/uploads\/sites\/113\/2025\/04\/nnn-300x111.jpg 300w, https:\/\/knjiznice.nsk.hr\/orahovica\/wp-content\/uploads\/sites\/113\/2025\/04\/nnn-768x284.jpg 768w, https:\/\/knjiznice.nsk.hr\/orahovica\/wp-content\/uploads\/sites\/113\/2025\/04\/nnn-600x222.jpg 600w, https:\/\/knjiznice.nsk.hr\/orahovica\/wp-content\/uploads\/sites\/113\/2025\/04\/nnn.jpg 851w\" sizes=\"(max-width: 300px) 100vw, 300px\" \/><\/a><\/div>\n<div dir=\"auto\">&nbsp;<\/div>\n<div class=\"xdj266r x11i5rnm xat24cr x1mh8g0r x1vvkbs x126k92a\">\n<div dir=\"auto\" style=\"text-align: left\">No\u0107 knjige nacionalna je manifestacija koja se organizira povodom Svjetskog dana knjige i autorskih prava i Dana hrvatske knjige. <span class=\"html-span xexx8yu x4uap5 x18d9i69 xkhd6sd x1hl2dhg x16tdsg8 x1vvkbs x3nfvp2 x1j61x8r x1fcty0u xdj266r xat24cr xgzva0m xhhsvwb xxymvpz xlup9mm x1kky2od\"><img loading=\"lazy\" class=\"xz74otr x168nmei x13lgxp2 x5pf9jr xo71vjh\" src=\"https:\/\/static.xx.fbcdn.net\/images\/emoji.php\/v9\/t49\/1\/16\/1f4da.png\" alt=\"\ud83d\udcda\" width=\"16\" height=\"16\"><\/span><\/div>\n<div dir=\"auto\" style=\"text-align: left\">Ovogodi\u0161nja je tema manifestacije \u201eO \u017eivotinjama i ljudima\u201d posve\u0107ena fauni u knji\u0161kim svjetovima, a za\u0161titno lice joj je hobotnica Tint Uljevi\u0107.<\/div>\n<div dir=\"auto\" style=\"text-align: left\">Njegova je poruka \u201e\u010cak i na dnu mora \u010ditati se mora!\u201d <span class=\"html-span xexx8yu x4uap5 x18d9i69 xkhd6sd x1hl2dhg x16tdsg8 x1vvkbs x3nfvp2 x1j61x8r x1fcty0u xdj266r xat24cr xgzva0m xhhsvwb xxymvpz xlup9mm x1kky2od\"><img loading=\"lazy\" class=\"xz74otr x168nmei x13lgxp2 x5pf9jr xo71vjh\" src=\"https:\/\/static.xx.fbcdn.net\/images\/emoji.php\/v9\/t9e\/1\/16\/1f4d6.png\" alt=\"\ud83d\udcd6\" width=\"16\" height=\"16\"><\/span><span class=\"html-span xexx8yu x4uap5 x18d9i69 xkhd6sd x1hl2dhg x16tdsg8 x1vvkbs x3nfvp2 x1j61x8r x1fcty0u xdj266r xat24cr xgzva0m xhhsvwb xxymvpz xlup9mm x1kky2od\"><img loading=\"lazy\" class=\"xz74otr x168nmei x13lgxp2 x5pf9jr xo71vjh\" src=\"https:\/\/static.xx.fbcdn.net\/images\/emoji.php\/v9\/t74\/1\/16\/1f419.png\" alt=\"\ud83d\udc19\" width=\"16\" height=\"16\"><\/span><\/div>\n<div dir=\"auto\" style=\"text-align: left\">Cilj manifestacije je skrenuti pozornost na knjigu i \u010ditanje, istaknuti njihovu vrijednost i zna\u010denje za pojedinca i dru\u0161tvo.<\/div>\n<div dir=\"auto\" style=\"text-align: left\">Posjetite nas u srijedu, 23. travnja, prona\u0111ite knjigu za sebe i iskoristite akcije koje smo pripremili!<\/div>\n<ul>\n<li>besplatan upis za sve nove \u010dlanove knji\u017enice<\/li>\n<li>akcija vra\u0107anja knjiga bez naplate zakasnine<\/li>\n<\/ul>\n<p>Vidimo se!<\/p>\n<\/div>\n<div>&nbsp;<\/div>\n","protected":false},"excerpt":{"rendered":"<p>&nbsp; &nbsp; &nbsp; &nbsp; No\u0107 knjige nacionalna je manifestacija koja se organizira povodom Svjetskog dana knjige i autorskih prava i Dana hrvatske knjige. Ovogodi\u0161nja je tema manifestacije \u201eO \u017eivotinjama i [&hellip;]<\/p>\n","protected":false},"author":187,"featured_media":0,"comment_status":"closed","ping_status":"closed","sticky":false,"template":"","format":"standard","meta":{"ngg_post_thumbnail":0},"categories":[1],"tags":[],"yoast_head":"<!-- This site is optimized with the Yoast SEO plugin v16.4 - https:\/\/yoast.com\/wordpress\/plugins\/seo\/ -->\n<meta name=\"robots\" content=\"index, follow, max-snippet:-1, max-image-preview:large, max-video-preview:-1\" \/>\n<link rel=\"canonical\" href=\"http:\/\/knjiznice.nsk.hr\/orahovica\/2025\/04\/18\/noc-knjige-2025-godine\/\" \/>\n<meta property=\"og:locale\" content=\"hr_HR\" \/>\n<meta property=\"og:type\" content=\"article\" \/>\n<meta property=\"og:title\" content=\"No\u0107 knjige 2025. godine - Gradska knji\u017enica Orahovica\" \/>\n<meta property=\"og:description\" content=\"&nbsp; &nbsp; &nbsp; &nbsp; No\u0107 knjige nacionalna je manifestacija koja se organizira povodom Svjetskog dana knjige i autorskih prava i Dana hrvatske knjige. Ovogodi\u0161nja je tema manifestacije \u201eO \u017eivotinjama i [&hellip;]\" \/>\n<meta property=\"og:url\" content=\"http:\/\/knjiznice.nsk.hr\/orahovica\/2025\/04\/18\/noc-knjige-2025-godine\/\" \/>\n<meta property=\"og:site_name\" content=\"Gradska knji\u017enica Orahovica\" \/>\n<meta property=\"article:author\" content=\"https:\/\/web.facebook.com\/Gradska-knjinica-Orahovica-159772650804170\/\" \/>\n<meta property=\"article:published_time\" content=\"2025-04-18T07:35:30+00:00\" \/>\n<meta property=\"og:image\" content=\"http:\/\/knjiznice.nsk.hr\/orahovica\/wp-content\/uploads\/sites\/113\/2025\/04\/nnn-300x111.jpg\" \/>\n<meta name=\"twitter:card\" content=\"summary_large_image\" \/>\n<meta name=\"twitter:label1\" content=\"Procijenjeno vrijeme \u010ditanja\" \/>\n\t<meta name=\"twitter:data1\" content=\"2 minute\" \/>\n<script type=\"application\/ld+json\" class=\"yoast-schema-graph\">{\"@context\":\"https:\/\/schema.org\",\"@graph\":[{\"@type\":\"WebSite\",\"@id\":\"https:\/\/knjiznice.nsk.hr\/orahovica\/#website\",\"url\":\"https:\/\/knjiznice.nsk.hr\/orahovica\/\",\"name\":\"Gradska knji\\u017enica Orahovica\",\"description\":\"\\u010citamo s vama od 1877. godine\",\"potentialAction\":[{\"@type\":\"SearchAction\",\"target\":\"https:\/\/knjiznice.nsk.hr\/orahovica\/?s={search_term_string}\",\"query-input\":\"required name=search_term_string\"}],\"inLanguage\":\"hr\"},{\"@type\":\"ImageObject\",\"@id\":\"http:\/\/knjiznice.nsk.hr\/orahovica\/2025\/04\/18\/noc-knjige-2025-godine\/#primaryimage\",\"inLanguage\":\"hr\",\"url\":\"http:\/\/knjiznice.nsk.hr\/orahovica\/wp-content\/uploads\/sites\/113\/2025\/04\/nnn-300x111.jpg\",\"contentUrl\":\"http:\/\/knjiznice.nsk.hr\/orahovica\/wp-content\/uploads\/sites\/113\/2025\/04\/nnn-300x111.jpg\"},{\"@type\":\"WebPage\",\"@id\":\"http:\/\/knjiznice.nsk.hr\/orahovica\/2025\/04\/18\/noc-knjige-2025-godine\/#webpage\",\"url\":\"http:\/\/knjiznice.nsk.hr\/orahovica\/2025\/04\/18\/noc-knjige-2025-godine\/\",\"name\":\"No\\u0107 knjige 2025. godine - Gradska knji\\u017enica Orahovica\",\"isPartOf\":{\"@id\":\"https:\/\/knjiznice.nsk.hr\/orahovica\/#website\"},\"primaryImageOfPage\":{\"@id\":\"http:\/\/knjiznice.nsk.hr\/orahovica\/2025\/04\/18\/noc-knjige-2025-godine\/#primaryimage\"},\"datePublished\":\"2025-04-18T07:35:30+00:00\",\"dateModified\":\"2025-04-18T07:35:30+00:00\",\"author\":{\"@id\":\"https:\/\/knjiznice.nsk.hr\/orahovica\/#\/schema\/person\/2b8818da522f1f9da8eaba55ff17d8d7\"},\"breadcrumb\":{\"@id\":\"http:\/\/knjiznice.nsk.hr\/orahovica\/2025\/04\/18\/noc-knjige-2025-godine\/#breadcrumb\"},\"inLanguage\":\"hr\",\"potentialAction\":[{\"@type\":\"ReadAction\",\"target\":[\"http:\/\/knjiznice.nsk.hr\/orahovica\/2025\/04\/18\/noc-knjige-2025-godine\/\"]}]},{\"@type\":\"BreadcrumbList\",\"@id\":\"http:\/\/knjiznice.nsk.hr\/orahovica\/2025\/04\/18\/noc-knjige-2025-godine\/#breadcrumb\",\"itemListElement\":[{\"@type\":\"ListItem\",\"position\":1,\"item\":{\"@type\":\"WebPage\",\"@id\":\"https:\/\/knjiznice.nsk.hr\/orahovica\/\",\"url\":\"https:\/\/knjiznice.nsk.hr\/orahovica\/\",\"name\":\"Po\\u010detna stranica\"}},{\"@type\":\"ListItem\",\"position\":2,\"item\":{\"@id\":\"http:\/\/knjiznice.nsk.hr\/orahovica\/2025\/04\/18\/noc-knjige-2025-godine\/#webpage\"}}]},{\"@type\":\"Person\",\"@id\":\"https:\/\/knjiznice.nsk.hr\/orahovica\/#\/schema\/person\/2b8818da522f1f9da8eaba55ff17d8d7\",\"name\":\"orahovica\",\"image\":{\"@type\":\"ImageObject\",\"@id\":\"https:\/\/knjiznice.nsk.hr\/orahovica\/#personlogo\",\"inLanguage\":\"hr\",\"url\":\"https:\/\/secure.gravatar.com\/avatar\/aa93fc577da392f13d1daa1f13be0e7a?s=96&d=mm&r=g\",\"contentUrl\":\"https:\/\/secure.gravatar.com\/avatar\/aa93fc577da392f13d1daa1f13be0e7a?s=96&d=mm&r=g\",\"caption\":\"orahovica\"},\"sameAs\":[\"https:\/\/web.facebook.com\/Gradska-knjinica-Orahovica-159772650804170\/\"],\"url\":\"https:\/\/knjiznice.nsk.hr\/orahovica\/\"}]}<\/script>\n<!-- \/ Yoast SEO plugin. -->","_links":{"self":[{"href":"https:\/\/knjiznice.nsk.hr\/orahovica\/wp-json\/wp\/v2\/posts\/546"}],"collection":[{"href":"https:\/\/knjiznice.nsk.hr\/orahovica\/wp-json\/wp\/v2\/posts"}],"about":[{"href":"https:\/\/knjiznice.nsk.hr\/orahovica\/wp-json\/wp\/v2\/types\/post"}],"author":[{"embeddable":true,"href":"https:\/\/knjiznice.nsk.hr\/orahovica\/wp-json\/wp\/v2\/users\/187"}],"replies":[{"embeddable":true,"href":"https:\/\/knjiznice.nsk.hr\/orahovica\/wp-json\/wp\/v2\/comments?post=546"}],"version-history":[{"count":1,"href":"https:\/\/knjiznice.nsk.hr\/orahovica\/wp-json\/wp\/v2\/posts\/546\/revisions"}],"predecessor-version":[{"id":548,"href":"https:\/\/knjiznice.nsk.hr\/orahovica\/wp-json\/wp\/v2\/posts\/546\/revisions\/548"}],"wp:attachment":[{"href":"https:\/\/knjiznice.nsk.hr\/orahovica\/wp-json\/wp\/v2\/media?parent=546"}],"wp:term":[{"taxonomy":"category","embeddable":true,"href":"https:\/\/knjiznice.nsk.hr\/orahovica\/wp-json\/wp\/v2\/categories?post=546"},{"taxonomy":"post_tag","embeddable":true,"href":"https:\/\/knjiznice.nsk.hr\/orahovica\/wp-json\/wp\/v2\/tags?post=546"}],"curies":[{"name":"wp","href":"https:\/\/api.w.org\/{rel}","templated":true}]}}