{"id":494,"date":"2024-12-23T11:28:26","date_gmt":"2024-12-23T10:28:26","guid":{"rendered":"http:\/\/knjiznice.nsk.hr\/orahovica\/?p=494"},"modified":"2024-12-23T11:28:26","modified_gmt":"2024-12-23T10:28:26","slug":"cestitka-gradske-knjiznice-orahovica","status":"publish","type":"post","link":"https:\/\/knjiznice.nsk.hr\/orahovica\/2024\/12\/23\/cestitka-gradske-knjiznice-orahovica\/","title":{"rendered":"\u010cestitka Gradske knji\u017enice Orahovica"},"content":{"rendered":"<p style=\"text-align: center\">Povodom nadolaze\u0107ih blagdana Gradska knji\u017enica Orahovica \u017eeli Vam Sretan i blagoslovljen Bo\u017ei\u0107 i uspje\u0161nu novu 2025. godinu.<\/p>\n<p><a href=\"http:\/\/knjiznice.nsk.hr\/orahovica\/wp-content\/uploads\/sites\/113\/2024\/12\/Cestitka-za-Bozic-i-novu-godinu.png\"><img loading=\"lazy\" class=\"size-medium wp-image-495 aligncenter\" src=\"http:\/\/knjiznice.nsk.hr\/orahovica\/wp-content\/uploads\/sites\/113\/2024\/12\/Cestitka-za-Bozic-i-novu-godinu-300x171.png\" alt=\"\" width=\"300\" height=\"171\" srcset=\"https:\/\/knjiznice.nsk.hr\/orahovica\/wp-content\/uploads\/sites\/113\/2024\/12\/Cestitka-za-Bozic-i-novu-godinu-300x171.png 300w, https:\/\/knjiznice.nsk.hr\/orahovica\/wp-content\/uploads\/sites\/113\/2024\/12\/Cestitka-za-Bozic-i-novu-godinu-1024x585.png 1024w, https:\/\/knjiznice.nsk.hr\/orahovica\/wp-content\/uploads\/sites\/113\/2024\/12\/Cestitka-za-Bozic-i-novu-godinu-768x439.png 768w, https:\/\/knjiznice.nsk.hr\/orahovica\/wp-content\/uploads\/sites\/113\/2024\/12\/Cestitka-za-Bozic-i-novu-godinu-600x343.png 600w, https:\/\/knjiznice.nsk.hr\/orahovica\/wp-content\/uploads\/sites\/113\/2024\/12\/Cestitka-za-Bozic-i-novu-godinu.png 1050w\" sizes=\"(max-width: 300px) 100vw, 300px\" \/><\/a><\/p>\n","protected":false},"excerpt":{"rendered":"<p>Povodom nadolaze\u0107ih blagdana Gradska knji\u017enica Orahovica \u017eeli Vam Sretan i blagoslovljen Bo\u017ei\u0107 i uspje\u0161nu novu 2025. godinu.<\/p>\n","protected":false},"author":187,"featured_media":0,"comment_status":"closed","ping_status":"closed","sticky":false,"template":"","format":"standard","meta":{"ngg_post_thumbnail":0},"categories":[1],"tags":[],"yoast_head":"<!-- This site is optimized with the Yoast SEO plugin v16.4 - https:\/\/yoast.com\/wordpress\/plugins\/seo\/ -->\n<meta name=\"robots\" content=\"index, follow, max-snippet:-1, max-image-preview:large, max-video-preview:-1\" \/>\n<link rel=\"canonical\" href=\"https:\/\/knjiznice.nsk.hr\/orahovica\/2024\/12\/23\/cestitka-gradske-knjiznice-orahovica\/\" \/>\n<meta property=\"og:locale\" content=\"hr_HR\" \/>\n<meta property=\"og:type\" content=\"article\" \/>\n<meta property=\"og:title\" content=\"\u010cestitka Gradske knji\u017enice Orahovica - Gradska knji\u017enica Orahovica\" \/>\n<meta property=\"og:description\" content=\"Povodom nadolaze\u0107ih blagdana Gradska knji\u017enica Orahovica \u017eeli Vam Sretan i blagoslovljen Bo\u017ei\u0107 i uspje\u0161nu novu 2025. godinu.\" \/>\n<meta property=\"og:url\" content=\"https:\/\/knjiznice.nsk.hr\/orahovica\/2024\/12\/23\/cestitka-gradske-knjiznice-orahovica\/\" \/>\n<meta property=\"og:site_name\" content=\"Gradska knji\u017enica Orahovica\" \/>\n<meta property=\"article:author\" content=\"https:\/\/web.facebook.com\/Gradska-knjinica-Orahovica-159772650804170\/\" \/>\n<meta property=\"article:published_time\" content=\"2024-12-23T10:28:26+00:00\" \/>\n<meta property=\"og:image\" content=\"http:\/\/knjiznice.nsk.hr\/orahovica\/wp-content\/uploads\/sites\/113\/2024\/12\/Cestitka-za-Bozic-i-novu-godinu-300x171.png\" \/>\n<meta name=\"twitter:card\" content=\"summary_large_image\" \/>\n<meta name=\"twitter:label1\" content=\"Procijenjeno vrijeme \u010ditanja\" \/>\n\t<meta name=\"twitter:data1\" content=\"1 minuta\" \/>\n<script type=\"application\/ld+json\" class=\"yoast-schema-graph\">{\"@context\":\"https:\/\/schema.org\",\"@graph\":[{\"@type\":\"WebSite\",\"@id\":\"http:\/\/knjiznice.nsk.hr\/orahovica\/#website\",\"url\":\"http:\/\/knjiznice.nsk.hr\/orahovica\/\",\"name\":\"Gradska knji\\u017enica Orahovica\",\"description\":\"\\u010citamo s vama od 1877. godine\",\"potentialAction\":[{\"@type\":\"SearchAction\",\"target\":\"http:\/\/knjiznice.nsk.hr\/orahovica\/?s={search_term_string}\",\"query-input\":\"required name=search_term_string\"}],\"inLanguage\":\"hr\"},{\"@type\":\"ImageObject\",\"@id\":\"https:\/\/knjiznice.nsk.hr\/orahovica\/2024\/12\/23\/cestitka-gradske-knjiznice-orahovica\/#primaryimage\",\"inLanguage\":\"hr\",\"url\":\"http:\/\/knjiznice.nsk.hr\/orahovica\/wp-content\/uploads\/sites\/113\/2024\/12\/Cestitka-za-Bozic-i-novu-godinu-300x171.png\",\"contentUrl\":\"http:\/\/knjiznice.nsk.hr\/orahovica\/wp-content\/uploads\/sites\/113\/2024\/12\/Cestitka-za-Bozic-i-novu-godinu-300x171.png\"},{\"@type\":\"WebPage\",\"@id\":\"https:\/\/knjiznice.nsk.hr\/orahovica\/2024\/12\/23\/cestitka-gradske-knjiznice-orahovica\/#webpage\",\"url\":\"https:\/\/knjiznice.nsk.hr\/orahovica\/2024\/12\/23\/cestitka-gradske-knjiznice-orahovica\/\",\"name\":\"\\u010cestitka Gradske knji\\u017enice Orahovica - Gradska knji\\u017enica Orahovica\",\"isPartOf\":{\"@id\":\"http:\/\/knjiznice.nsk.hr\/orahovica\/#website\"},\"primaryImageOfPage\":{\"@id\":\"https:\/\/knjiznice.nsk.hr\/orahovica\/2024\/12\/23\/cestitka-gradske-knjiznice-orahovica\/#primaryimage\"},\"datePublished\":\"2024-12-23T10:28:26+00:00\",\"dateModified\":\"2024-12-23T10:28:26+00:00\",\"author\":{\"@id\":\"http:\/\/knjiznice.nsk.hr\/orahovica\/#\/schema\/person\/2b8818da522f1f9da8eaba55ff17d8d7\"},\"breadcrumb\":{\"@id\":\"https:\/\/knjiznice.nsk.hr\/orahovica\/2024\/12\/23\/cestitka-gradske-knjiznice-orahovica\/#breadcrumb\"},\"inLanguage\":\"hr\",\"potentialAction\":[{\"@type\":\"ReadAction\",\"target\":[\"https:\/\/knjiznice.nsk.hr\/orahovica\/2024\/12\/23\/cestitka-gradske-knjiznice-orahovica\/\"]}]},{\"@type\":\"BreadcrumbList\",\"@id\":\"https:\/\/knjiznice.nsk.hr\/orahovica\/2024\/12\/23\/cestitka-gradske-knjiznice-orahovica\/#breadcrumb\",\"itemListElement\":[{\"@type\":\"ListItem\",\"position\":1,\"item\":{\"@type\":\"WebPage\",\"@id\":\"http:\/\/knjiznice.nsk.hr\/orahovica\/\",\"url\":\"http:\/\/knjiznice.nsk.hr\/orahovica\/\",\"name\":\"Po\\u010detna stranica\"}},{\"@type\":\"ListItem\",\"position\":2,\"item\":{\"@id\":\"https:\/\/knjiznice.nsk.hr\/orahovica\/2024\/12\/23\/cestitka-gradske-knjiznice-orahovica\/#webpage\"}}]},{\"@type\":\"Person\",\"@id\":\"http:\/\/knjiznice.nsk.hr\/orahovica\/#\/schema\/person\/2b8818da522f1f9da8eaba55ff17d8d7\",\"name\":\"orahovica\",\"image\":{\"@type\":\"ImageObject\",\"@id\":\"http:\/\/knjiznice.nsk.hr\/orahovica\/#personlogo\",\"inLanguage\":\"hr\",\"url\":\"https:\/\/secure.gravatar.com\/avatar\/aa93fc577da392f13d1daa1f13be0e7a?s=96&d=mm&r=g\",\"contentUrl\":\"https:\/\/secure.gravatar.com\/avatar\/aa93fc577da392f13d1daa1f13be0e7a?s=96&d=mm&r=g\",\"caption\":\"orahovica\"},\"sameAs\":[\"https:\/\/web.facebook.com\/Gradska-knjinica-Orahovica-159772650804170\/\"],\"url\":\"https:\/\/knjiznice.nsk.hr\/orahovica\/\"}]}<\/script>\n<!-- \/ Yoast SEO plugin. -->","_links":{"self":[{"href":"https:\/\/knjiznice.nsk.hr\/orahovica\/wp-json\/wp\/v2\/posts\/494"}],"collection":[{"href":"https:\/\/knjiznice.nsk.hr\/orahovica\/wp-json\/wp\/v2\/posts"}],"about":[{"href":"https:\/\/knjiznice.nsk.hr\/orahovica\/wp-json\/wp\/v2\/types\/post"}],"author":[{"embeddable":true,"href":"https:\/\/knjiznice.nsk.hr\/orahovica\/wp-json\/wp\/v2\/users\/187"}],"replies":[{"embeddable":true,"href":"https:\/\/knjiznice.nsk.hr\/orahovica\/wp-json\/wp\/v2\/comments?post=494"}],"version-history":[{"count":1,"href":"https:\/\/knjiznice.nsk.hr\/orahovica\/wp-json\/wp\/v2\/posts\/494\/revisions"}],"predecessor-version":[{"id":496,"href":"https:\/\/knjiznice.nsk.hr\/orahovica\/wp-json\/wp\/v2\/posts\/494\/revisions\/496"}],"wp:attachment":[{"href":"https:\/\/knjiznice.nsk.hr\/orahovica\/wp-json\/wp\/v2\/media?parent=494"}],"wp:term":[{"taxonomy":"category","embeddable":true,"href":"https:\/\/knjiznice.nsk.hr\/orahovica\/wp-json\/wp\/v2\/categories?post=494"},{"taxonomy":"post_tag","embeddable":true,"href":"https:\/\/knjiznice.nsk.hr\/orahovica\/wp-json\/wp\/v2\/tags?post=494"}],"curies":[{"name":"wp","href":"https:\/\/api.w.org\/{rel}","templated":true}]}}