{"id":2380,"date":"2024-10-14T13:16:35","date_gmt":"2024-10-14T13:16:35","guid":{"rendered":"http:\/\/knjiznice.nsk.hr\/opuzen\/?p=2380"},"modified":"2024-11-04T13:17:28","modified_gmt":"2024-11-04T13:17:28","slug":"lara-pricalica","status":"publish","type":"post","link":"https:\/\/knjiznice.nsk.hr\/opuzen\/2024\/10\/14\/lara-pricalica\/","title":{"rendered":"Lara pri\u010dalica"},"content":{"rendered":"<div dir=\"auto\">Ovogodi\u0161nji Mjesec hrvatske knjige posve\u0107en je pri\u010danju i pripovijedanju, posebice onih knji\u017eevnih vrsta koje pripadaju usmenoj knji\u017eevnosti, kao \u0161to su bajka ili legenda.<\/div>\n<div dir=\"auto\">Veselimo se va\u0161em dolasku!!!<\/div>\n<div dir=\"auto\"><a href=\"http:\/\/knjiznice.nsk.hr\/opuzen\/wp-content\/uploads\/sites\/53\/2024\/11\/462300718_464462519939680_2561382766465192499_n.jpg\"><img loading=\"lazy\" class=\"alignnone size-full wp-image-2381\" src=\"http:\/\/knjiznice.nsk.hr\/opuzen\/wp-content\/uploads\/sites\/53\/2024\/11\/462300718_464462519939680_2561382766465192499_n.jpg\" alt=\"\" width=\"940\" height=\"788\" srcset=\"https:\/\/knjiznice.nsk.hr\/opuzen\/wp-content\/uploads\/sites\/53\/2024\/11\/462300718_464462519939680_2561382766465192499_n.jpg 940w, https:\/\/knjiznice.nsk.hr\/opuzen\/wp-content\/uploads\/sites\/53\/2024\/11\/462300718_464462519939680_2561382766465192499_n-300x251.jpg 300w, https:\/\/knjiznice.nsk.hr\/opuzen\/wp-content\/uploads\/sites\/53\/2024\/11\/462300718_464462519939680_2561382766465192499_n-768x644.jpg 768w, https:\/\/knjiznice.nsk.hr\/opuzen\/wp-content\/uploads\/sites\/53\/2024\/11\/462300718_464462519939680_2561382766465192499_n-600x503.jpg 600w\" sizes=\"(max-width: 940px) 100vw, 940px\" \/><\/a><\/div>\n","protected":false},"excerpt":{"rendered":"<p>Ovogodi\u0161nji Mjesec hrvatske knjige posve\u0107en je pri\u010danju i pripovijedanju, posebice onih knji\u017eevnih vrsta koje pripadaju usmenoj knji\u017eevnosti, kao \u0161to su bajka ili legenda. Veselimo se va\u0161em dolasku!!!<\/p>\n","protected":false},"author":49,"featured_media":0,"comment_status":"closed","ping_status":"closed","sticky":false,"template":"","format":"standard","meta":{"ngg_post_thumbnail":0},"categories":[1],"tags":[],"yoast_head":"<!-- This site is optimized with the Yoast SEO plugin v16.4 - https:\/\/yoast.com\/wordpress\/plugins\/seo\/ -->\n<meta name=\"robots\" content=\"index, follow, max-snippet:-1, max-image-preview:large, max-video-preview:-1\" \/>\n<link rel=\"canonical\" href=\"https:\/\/knjiznice.nsk.hr\/opuzen\/2024\/10\/14\/lara-pricalica\/\" \/>\n<meta property=\"og:locale\" content=\"hr_HR\" \/>\n<meta property=\"og:type\" content=\"article\" \/>\n<meta property=\"og:title\" content=\"Lara pri\u010dalica - Gradska knji\u017enica Opuzen\" \/>\n<meta property=\"og:description\" content=\"Ovogodi\u0161nji Mjesec hrvatske knjige posve\u0107en je pri\u010danju i pripovijedanju, posebice onih knji\u017eevnih vrsta koje pripadaju usmenoj knji\u017eevnosti, kao \u0161to su bajka ili legenda. Veselimo se va\u0161em dolasku!!!\" \/>\n<meta property=\"og:url\" content=\"https:\/\/knjiznice.nsk.hr\/opuzen\/2024\/10\/14\/lara-pricalica\/\" \/>\n<meta property=\"og:site_name\" content=\"Gradska knji\u017enica Opuzen\" \/>\n<meta property=\"article:author\" content=\"https:\/\/www.facebook.com\/library.opz\/\" \/>\n<meta property=\"article:published_time\" content=\"2024-10-14T13:16:35+00:00\" \/>\n<meta property=\"article:modified_time\" content=\"2024-11-04T13:17:28+00:00\" \/>\n<meta property=\"og:image\" content=\"http:\/\/knjiznice.nsk.hr\/opuzen\/wp-content\/uploads\/sites\/53\/2024\/11\/462300718_464462519939680_2561382766465192499_n.jpg\" \/>\n<meta name=\"twitter:label1\" content=\"Procijenjeno vrijeme \u010ditanja\" \/>\n\t<meta name=\"twitter:data1\" content=\"1 minuta\" \/>\n<script type=\"application\/ld+json\" class=\"yoast-schema-graph\">{\"@context\":\"https:\/\/schema.org\",\"@graph\":[{\"@type\":\"WebSite\",\"@id\":\"https:\/\/knjiznice.nsk.hr\/opuzen\/#website\",\"url\":\"https:\/\/knjiznice.nsk.hr\/opuzen\/\",\"name\":\"Gradska knji\\u017enica Opuzen\",\"description\":\"\\u201cA reader lives a thousand lives before he dies. The man who never reads lives only one.\\u201d\",\"potentialAction\":[{\"@type\":\"SearchAction\",\"target\":\"https:\/\/knjiznice.nsk.hr\/opuzen\/?s={search_term_string}\",\"query-input\":\"required name=search_term_string\"}],\"inLanguage\":\"hr\"},{\"@type\":\"ImageObject\",\"@id\":\"https:\/\/knjiznice.nsk.hr\/opuzen\/2024\/10\/14\/lara-pricalica\/#primaryimage\",\"inLanguage\":\"hr\",\"url\":\"http:\/\/knjiznice.nsk.hr\/opuzen\/wp-content\/uploads\/sites\/53\/2024\/11\/462300718_464462519939680_2561382766465192499_n.jpg\",\"contentUrl\":\"http:\/\/knjiznice.nsk.hr\/opuzen\/wp-content\/uploads\/sites\/53\/2024\/11\/462300718_464462519939680_2561382766465192499_n.jpg\"},{\"@type\":\"WebPage\",\"@id\":\"https:\/\/knjiznice.nsk.hr\/opuzen\/2024\/10\/14\/lara-pricalica\/#webpage\",\"url\":\"https:\/\/knjiznice.nsk.hr\/opuzen\/2024\/10\/14\/lara-pricalica\/\",\"name\":\"Lara pri\\u010dalica - Gradska knji\\u017enica Opuzen\",\"isPartOf\":{\"@id\":\"https:\/\/knjiznice.nsk.hr\/opuzen\/#website\"},\"primaryImageOfPage\":{\"@id\":\"https:\/\/knjiznice.nsk.hr\/opuzen\/2024\/10\/14\/lara-pricalica\/#primaryimage\"},\"datePublished\":\"2024-10-14T13:16:35+00:00\",\"dateModified\":\"2024-11-04T13:17:28+00:00\",\"author\":{\"@id\":\"https:\/\/knjiznice.nsk.hr\/opuzen\/#\/schema\/person\/9f30f8e2c624a6cd9c89e5049d09c867\"},\"breadcrumb\":{\"@id\":\"https:\/\/knjiznice.nsk.hr\/opuzen\/2024\/10\/14\/lara-pricalica\/#breadcrumb\"},\"inLanguage\":\"hr\",\"potentialAction\":[{\"@type\":\"ReadAction\",\"target\":[\"https:\/\/knjiznice.nsk.hr\/opuzen\/2024\/10\/14\/lara-pricalica\/\"]}]},{\"@type\":\"BreadcrumbList\",\"@id\":\"https:\/\/knjiznice.nsk.hr\/opuzen\/2024\/10\/14\/lara-pricalica\/#breadcrumb\",\"itemListElement\":[{\"@type\":\"ListItem\",\"position\":1,\"item\":{\"@type\":\"WebPage\",\"@id\":\"https:\/\/knjiznice.nsk.hr\/opuzen\/\",\"url\":\"https:\/\/knjiznice.nsk.hr\/opuzen\/\",\"name\":\"Po\\u010detna stranica\"}},{\"@type\":\"ListItem\",\"position\":2,\"item\":{\"@id\":\"https:\/\/knjiznice.nsk.hr\/opuzen\/2024\/10\/14\/lara-pricalica\/#webpage\"}}]},{\"@type\":\"Person\",\"@id\":\"https:\/\/knjiznice.nsk.hr\/opuzen\/#\/schema\/person\/9f30f8e2c624a6cd9c89e5049d09c867\",\"name\":\"opuzen\",\"image\":{\"@type\":\"ImageObject\",\"@id\":\"https:\/\/knjiznice.nsk.hr\/opuzen\/#personlogo\",\"inLanguage\":\"hr\",\"url\":\"https:\/\/secure.gravatar.com\/avatar\/6ad99d4ac4e88a3228a8e642b15667c4?s=96&d=mm&r=g\",\"contentUrl\":\"https:\/\/secure.gravatar.com\/avatar\/6ad99d4ac4e88a3228a8e642b15667c4?s=96&d=mm&r=g\",\"caption\":\"opuzen\"},\"sameAs\":[\"https:\/\/www.facebook.com\/library.opz\/\",\"https:\/\/www.instagram.com\/gkopuzen\/?hl=hr\"],\"url\":\"https:\/\/knjiznice.nsk.hr\/opuzen\/\"}]}<\/script>\n<!-- \/ Yoast SEO plugin. -->","_links":{"self":[{"href":"https:\/\/knjiznice.nsk.hr\/opuzen\/wp-json\/wp\/v2\/posts\/2380"}],"collection":[{"href":"https:\/\/knjiznice.nsk.hr\/opuzen\/wp-json\/wp\/v2\/posts"}],"about":[{"href":"https:\/\/knjiznice.nsk.hr\/opuzen\/wp-json\/wp\/v2\/types\/post"}],"author":[{"embeddable":true,"href":"https:\/\/knjiznice.nsk.hr\/opuzen\/wp-json\/wp\/v2\/users\/49"}],"replies":[{"embeddable":true,"href":"https:\/\/knjiznice.nsk.hr\/opuzen\/wp-json\/wp\/v2\/comments?post=2380"}],"version-history":[{"count":1,"href":"https:\/\/knjiznice.nsk.hr\/opuzen\/wp-json\/wp\/v2\/posts\/2380\/revisions"}],"predecessor-version":[{"id":2382,"href":"https:\/\/knjiznice.nsk.hr\/opuzen\/wp-json\/wp\/v2\/posts\/2380\/revisions\/2382"}],"wp:attachment":[{"href":"https:\/\/knjiznice.nsk.hr\/opuzen\/wp-json\/wp\/v2\/media?parent=2380"}],"wp:term":[{"taxonomy":"category","embeddable":true,"href":"https:\/\/knjiznice.nsk.hr\/opuzen\/wp-json\/wp\/v2\/categories?post=2380"},{"taxonomy":"post_tag","embeddable":true,"href":"https:\/\/knjiznice.nsk.hr\/opuzen\/wp-json\/wp\/v2\/tags?post=2380"}],"curies":[{"name":"wp","href":"https:\/\/api.w.org\/{rel}","templated":true}]}}