{"id":230,"date":"2017-03-22T12:27:39","date_gmt":"2017-03-22T12:27:39","guid":{"rendered":"http:\/\/knjiznice.nsk.hr\/opuzen\/?p=230"},"modified":"2020-11-19T09:45:03","modified_gmt":"2020-11-19T09:45:03","slug":"medunarodni-dan-poezije-21-ozujka","status":"publish","type":"post","link":"https:\/\/knjiznice.nsk.hr\/opuzen\/2017\/03\/22\/medunarodni-dan-poezije-21-ozujka\/","title":{"rendered":"Me\u0111unarodni dan poezije &#8211; 21.o\u017eujka"},"content":{"rendered":"<p><strong>Me\u0111unarodni dan poezije<\/strong> obilje\u017eava se 21. o\u017eujka, a proglasio ga je UNESCO 1999. Svrha mu je promicanje <strong>\u010ditanja, pisanja, objavljivanja i pou\u010davanja poezije<\/strong> u cijelome svijetu te, kako pi\u0161e u UNESCO-ovoj odredbi, dati priznanje i poticaj nacionalnim, regionalnim i me\u0111unarodnim pokretima poezije. U poticanju izra\u017eavanja osje\u0107aja, pisanja i \u010ditanja poezije barem na jedan dan, pridru\u017eila se i GKO i <strong>5.a razred O\u0160 Opuzen<\/strong>. \u010citali smo poeziju poznatih svjetskih knji\u017eevnika, pisali haiku, te razgovarali o motivima i inspiraciji za pisanje poezije&#8230;<\/p>\n<!-- index.php -->\n<div\n\tclass=\"ngg-galleryoverview ngg-ajax-pagination-none\"\n\tid=\"ngg-gallery-5f94ffc380d0d40694e5c6ed23bcb46c-1\">\n\n    \t<div class=\"slideshowlink\">\n        <a href='https:\/\/knjiznice.nsk.hr\/opuzen\/2017\/03\/22\/medunarodni-dan-poezije-21-ozujka\/nggallery\/slideshow'>&#091;Show slideshow&#093;<\/a>\n\t\t\n\t<\/div>\n\t\t\t<!-- Thumbnails -->\n\t\t\t\t<div id=\"ngg-image-0\" class=\"ngg-gallery-thumbnail-box\" >\n\t\t\t\t        <div class=\"ngg-gallery-thumbnail\">\n            <a href=\"https:\/\/knjiznice.nsk.hr\/opuzen\/wp-content\/uploads\/sites\/53\/nggallery\/medunarodni-dan-poezije\/17407598_10209757180541109_1590468911_o.jpg\"\n               title=\"\"\n               data-src=\"https:\/\/knjiznice.nsk.hr\/opuzen\/wp-content\/uploads\/sites\/53\/nggallery\/medunarodni-dan-poezije\/17407598_10209757180541109_1590468911_o.jpg\"\n               data-thumbnail=\"https:\/\/knjiznice.nsk.hr\/opuzen\/wp-content\/uploads\/sites\/53\/nggallery\/medunarodni-dan-poezije\/thumbs\/thumbs_17407598_10209757180541109_1590468911_o.jpg\"\n               data-image-id=\"1\"\n               data-title=\"17407598_10209757180541109_1590468911_o\"\n               data-description=\"\"\n               data-image-slug=\"17407598_10209757180541109_1590468911_o\"\n               class=\"ngg-fancybox\" rel=\"5f94ffc380d0d40694e5c6ed23bcb46c\">\n                <img\n                    title=\"17407598_10209757180541109_1590468911_o\"\n                    alt=\"17407598_10209757180541109_1590468911_o\"\n                    src=\"https:\/\/knjiznice.nsk.hr\/opuzen\/wp-content\/uploads\/sites\/53\/nggallery\/medunarodni-dan-poezije\/thumbs\/thumbs_17407598_10209757180541109_1590468911_o.jpg\"\n                    width=\"120\"\n                    height=\"90\"\n                    style=\"max-width:100%;\"\n                \/>\n            <\/a>\n        <\/div>\n\t\t\t\t\t\t\t<\/div> \n\t\t\t\n        \n\t\t\t\t<div id=\"ngg-image-1\" class=\"ngg-gallery-thumbnail-box\" >\n\t\t\t\t        <div class=\"ngg-gallery-thumbnail\">\n            <a href=\"https:\/\/knjiznice.nsk.hr\/opuzen\/wp-content\/uploads\/sites\/53\/nggallery\/medunarodni-dan-poezije\/17430666_10209757174060947_857241415_o.jpg\"\n               title=\"\"\n               data-src=\"https:\/\/knjiznice.nsk.hr\/opuzen\/wp-content\/uploads\/sites\/53\/nggallery\/medunarodni-dan-poezije\/17430666_10209757174060947_857241415_o.jpg\"\n               data-thumbnail=\"https:\/\/knjiznice.nsk.hr\/opuzen\/wp-content\/uploads\/sites\/53\/nggallery\/medunarodni-dan-poezije\/thumbs\/thumbs_17430666_10209757174060947_857241415_o.jpg\"\n               data-image-id=\"2\"\n               data-title=\"17430666_10209757174060947_857241415_o\"\n               data-description=\"\"\n               data-image-slug=\"17430666_10209757174060947_857241415_o\"\n               class=\"ngg-fancybox\" rel=\"5f94ffc380d0d40694e5c6ed23bcb46c\">\n                <img\n                    title=\"17430666_10209757174060947_857241415_o\"\n                    alt=\"17430666_10209757174060947_857241415_o\"\n                    src=\"https:\/\/knjiznice.nsk.hr\/opuzen\/wp-content\/uploads\/sites\/53\/nggallery\/medunarodni-dan-poezije\/thumbs\/thumbs_17430666_10209757174060947_857241415_o.jpg\"\n                    width=\"120\"\n                    height=\"90\"\n                    style=\"max-width:100%;\"\n                \/>\n            <\/a>\n        <\/div>\n\t\t\t\t\t\t\t<\/div> \n\t\t\t\n        \n\t\t\t\t<div id=\"ngg-image-2\" class=\"ngg-gallery-thumbnail-box\" >\n\t\t\t\t        <div class=\"ngg-gallery-thumbnail\">\n            <a href=\"https:\/\/knjiznice.nsk.hr\/opuzen\/wp-content\/uploads\/sites\/53\/nggallery\/medunarodni-dan-poezije\/17453491_10209757177781040_2053121724_o.jpg\"\n               title=\"\"\n               data-src=\"https:\/\/knjiznice.nsk.hr\/opuzen\/wp-content\/uploads\/sites\/53\/nggallery\/medunarodni-dan-poezije\/17453491_10209757177781040_2053121724_o.jpg\"\n               data-thumbnail=\"https:\/\/knjiznice.nsk.hr\/opuzen\/wp-content\/uploads\/sites\/53\/nggallery\/medunarodni-dan-poezije\/thumbs\/thumbs_17453491_10209757177781040_2053121724_o.jpg\"\n               data-image-id=\"3\"\n               data-title=\"17453491_10209757177781040_2053121724_o\"\n               data-description=\"\"\n               data-image-slug=\"17453491_10209757177781040_2053121724_o\"\n               class=\"ngg-fancybox\" rel=\"5f94ffc380d0d40694e5c6ed23bcb46c\">\n                <img\n                    title=\"17453491_10209757177781040_2053121724_o\"\n                    alt=\"17453491_10209757177781040_2053121724_o\"\n                    src=\"https:\/\/knjiznice.nsk.hr\/opuzen\/wp-content\/uploads\/sites\/53\/nggallery\/medunarodni-dan-poezije\/thumbs\/thumbs_17453491_10209757177781040_2053121724_o.jpg\"\n                    width=\"120\"\n                    height=\"90\"\n                    style=\"max-width:100%;\"\n                \/>\n            <\/a>\n        <\/div>\n\t\t\t\t\t\t\t<\/div> \n\t\t\t\n        \n\t\t\t\t<div id=\"ngg-image-3\" class=\"ngg-gallery-thumbnail-box\" >\n\t\t\t\t        <div class=\"ngg-gallery-thumbnail\">\n            <a href=\"https:\/\/knjiznice.nsk.hr\/opuzen\/wp-content\/uploads\/sites\/53\/nggallery\/medunarodni-dan-poezije\/17453655_10209757177501033_1712923337_o.jpg\"\n               title=\"\"\n               data-src=\"https:\/\/knjiznice.nsk.hr\/opuzen\/wp-content\/uploads\/sites\/53\/nggallery\/medunarodni-dan-poezije\/17453655_10209757177501033_1712923337_o.jpg\"\n               data-thumbnail=\"https:\/\/knjiznice.nsk.hr\/opuzen\/wp-content\/uploads\/sites\/53\/nggallery\/medunarodni-dan-poezije\/thumbs\/thumbs_17453655_10209757177501033_1712923337_o.jpg\"\n               data-image-id=\"4\"\n               data-title=\"17453655_10209757177501033_1712923337_o\"\n               data-description=\"\"\n               data-image-slug=\"17453655_10209757177501033_1712923337_o\"\n               class=\"ngg-fancybox\" rel=\"5f94ffc380d0d40694e5c6ed23bcb46c\">\n                <img\n                    title=\"17453655_10209757177501033_1712923337_o\"\n                    alt=\"17453655_10209757177501033_1712923337_o\"\n                    src=\"https:\/\/knjiznice.nsk.hr\/opuzen\/wp-content\/uploads\/sites\/53\/nggallery\/medunarodni-dan-poezije\/thumbs\/thumbs_17453655_10209757177501033_1712923337_o.jpg\"\n                    width=\"120\"\n                    height=\"90\"\n                    style=\"max-width:100%;\"\n                \/>\n            <\/a>\n        <\/div>\n\t\t\t\t\t\t\t<\/div> \n\t\t\t\n        \n\t\t\t\t<div id=\"ngg-image-4\" class=\"ngg-gallery-thumbnail-box\" >\n\t\t\t\t        <div class=\"ngg-gallery-thumbnail\">\n            <a href=\"https:\/\/knjiznice.nsk.hr\/opuzen\/wp-content\/uploads\/sites\/53\/nggallery\/medunarodni-dan-poezije\/17474383_10209757184821216_1270539784_o.jpg\"\n               title=\"\"\n               data-src=\"https:\/\/knjiznice.nsk.hr\/opuzen\/wp-content\/uploads\/sites\/53\/nggallery\/medunarodni-dan-poezije\/17474383_10209757184821216_1270539784_o.jpg\"\n               data-thumbnail=\"https:\/\/knjiznice.nsk.hr\/opuzen\/wp-content\/uploads\/sites\/53\/nggallery\/medunarodni-dan-poezije\/thumbs\/thumbs_17474383_10209757184821216_1270539784_o.jpg\"\n               data-image-id=\"5\"\n               data-title=\"17474383_10209757184821216_1270539784_o\"\n               data-description=\"\"\n               data-image-slug=\"17474383_10209757184821216_1270539784_o\"\n               class=\"ngg-fancybox\" rel=\"5f94ffc380d0d40694e5c6ed23bcb46c\">\n                <img\n                    title=\"17474383_10209757184821216_1270539784_o\"\n                    alt=\"17474383_10209757184821216_1270539784_o\"\n                    src=\"https:\/\/knjiznice.nsk.hr\/opuzen\/wp-content\/uploads\/sites\/53\/nggallery\/medunarodni-dan-poezije\/thumbs\/thumbs_17474383_10209757184821216_1270539784_o.jpg\"\n                    width=\"120\"\n                    height=\"90\"\n                    style=\"max-width:100%;\"\n                \/>\n            <\/a>\n        <\/div>\n\t\t\t\t\t\t\t<\/div> \n\t\t\t\n        \n\t\t\t\t<div id=\"ngg-image-5\" class=\"ngg-gallery-thumbnail-box\" >\n\t\t\t\t        <div class=\"ngg-gallery-thumbnail\">\n            <a href=\"https:\/\/knjiznice.nsk.hr\/opuzen\/wp-content\/uploads\/sites\/53\/nggallery\/medunarodni-dan-poezije\/17475196_10209757185541234_1535186706_o.jpg\"\n               title=\"\"\n               data-src=\"https:\/\/knjiznice.nsk.hr\/opuzen\/wp-content\/uploads\/sites\/53\/nggallery\/medunarodni-dan-poezije\/17475196_10209757185541234_1535186706_o.jpg\"\n               data-thumbnail=\"https:\/\/knjiznice.nsk.hr\/opuzen\/wp-content\/uploads\/sites\/53\/nggallery\/medunarodni-dan-poezije\/thumbs\/thumbs_17475196_10209757185541234_1535186706_o.jpg\"\n               data-image-id=\"6\"\n               data-title=\"17475196_10209757185541234_1535186706_o\"\n               data-description=\"\"\n               data-image-slug=\"17475196_10209757185541234_1535186706_o\"\n               class=\"ngg-fancybox\" rel=\"5f94ffc380d0d40694e5c6ed23bcb46c\">\n                <img\n                    title=\"17475196_10209757185541234_1535186706_o\"\n                    alt=\"17475196_10209757185541234_1535186706_o\"\n                    src=\"https:\/\/knjiznice.nsk.hr\/opuzen\/wp-content\/uploads\/sites\/53\/nggallery\/medunarodni-dan-poezije\/thumbs\/thumbs_17475196_10209757185541234_1535186706_o.jpg\"\n                    width=\"120\"\n                    height=\"90\"\n                    style=\"max-width:100%;\"\n                \/>\n            <\/a>\n        <\/div>\n\t\t\t\t\t\t\t<\/div> \n\t\t\t\n        \n\t\t\t\t<div id=\"ngg-image-6\" class=\"ngg-gallery-thumbnail-box\" >\n\t\t\t\t        <div class=\"ngg-gallery-thumbnail\">\n            <a href=\"https:\/\/knjiznice.nsk.hr\/opuzen\/wp-content\/uploads\/sites\/53\/nggallery\/medunarodni-dan-poezije\/17475458_10209757177261027_1207503731_o.jpg\"\n               title=\"\"\n               data-src=\"https:\/\/knjiznice.nsk.hr\/opuzen\/wp-content\/uploads\/sites\/53\/nggallery\/medunarodni-dan-poezije\/17475458_10209757177261027_1207503731_o.jpg\"\n               data-thumbnail=\"https:\/\/knjiznice.nsk.hr\/opuzen\/wp-content\/uploads\/sites\/53\/nggallery\/medunarodni-dan-poezije\/thumbs\/thumbs_17475458_10209757177261027_1207503731_o.jpg\"\n               data-image-id=\"7\"\n               data-title=\"17475458_10209757177261027_1207503731_o\"\n               data-description=\"\"\n               data-image-slug=\"17475458_10209757177261027_1207503731_o\"\n               class=\"ngg-fancybox\" rel=\"5f94ffc380d0d40694e5c6ed23bcb46c\">\n                <img\n                    title=\"17475458_10209757177261027_1207503731_o\"\n                    alt=\"17475458_10209757177261027_1207503731_o\"\n                    src=\"https:\/\/knjiznice.nsk.hr\/opuzen\/wp-content\/uploads\/sites\/53\/nggallery\/medunarodni-dan-poezije\/thumbs\/thumbs_17475458_10209757177261027_1207503731_o.jpg\"\n                    width=\"120\"\n                    height=\"90\"\n                    style=\"max-width:100%;\"\n                \/>\n            <\/a>\n        <\/div>\n\t\t\t\t\t\t\t<\/div> \n\t\t\t\n        \n\t\t\n\t\t<!-- Pagination -->\n\t<div class='ngg-clear'><\/div>\t<\/div>\n\n<p style=\"text-align: left\">&nbsp;<\/p>\n","protected":false},"excerpt":{"rendered":"<p>Me\u0111unarodni dan poezije obilje\u017eava se 21. o\u017eujka, a proglasio ga je UNESCO 1999. Svrha mu je promicanje \u010ditanja, pisanja, objavljivanja i pou\u010davanja poezije u cijelome svijetu te, kako pi\u0161e u UNESCO-ovoj odredbi, dati priznanje i poticaj nacionalnim, regionalnim i me\u0111unarodnim pokretima poezije. U poticanju izra\u017eavanja osje\u0107aja, pisanja i \u010ditanja poezije barem na jedan dan, pridru\u017eila [&hellip;]<\/p>\n","protected":false},"author":49,"featured_media":0,"comment_status":"closed","ping_status":"closed","sticky":false,"template":"","format":"standard","meta":{"ngg_post_thumbnail":0},"categories":[1,20],"tags":[],"yoast_head":"<!-- This site is optimized with the Yoast SEO plugin v16.4 - https:\/\/yoast.com\/wordpress\/plugins\/seo\/ -->\n<meta name=\"robots\" content=\"index, follow, max-snippet:-1, max-image-preview:large, max-video-preview:-1\" \/>\n<link rel=\"canonical\" href=\"https:\/\/knjiznice.nsk.hr\/opuzen\/2017\/03\/22\/medunarodni-dan-poezije-21-ozujka\/\" \/>\n<meta property=\"og:locale\" content=\"hr_HR\" \/>\n<meta property=\"og:type\" content=\"article\" \/>\n<meta property=\"og:title\" content=\"Me\u0111unarodni dan poezije - 21.o\u017eujka - Gradska knji\u017enica Opuzen\" \/>\n<meta property=\"og:description\" content=\"Me\u0111unarodni dan poezije obilje\u017eava se 21. o\u017eujka, a proglasio ga je UNESCO 1999. Svrha mu je promicanje \u010ditanja, pisanja, objavljivanja i pou\u010davanja poezije u cijelome svijetu te, kako pi\u0161e u UNESCO-ovoj odredbi, dati priznanje i poticaj nacionalnim, regionalnim i me\u0111unarodnim pokretima poezije. U poticanju izra\u017eavanja osje\u0107aja, pisanja i \u010ditanja poezije barem na jedan dan, pridru\u017eila [&hellip;]\" \/>\n<meta property=\"og:url\" content=\"https:\/\/knjiznice.nsk.hr\/opuzen\/2017\/03\/22\/medunarodni-dan-poezije-21-ozujka\/\" \/>\n<meta property=\"og:site_name\" content=\"Gradska knji\u017enica Opuzen\" \/>\n<meta property=\"article:author\" content=\"https:\/\/www.facebook.com\/library.opz\/\" \/>\n<meta property=\"article:published_time\" content=\"2017-03-22T12:27:39+00:00\" \/>\n<meta property=\"article:modified_time\" content=\"2020-11-19T09:45:03+00:00\" \/>\n<meta name=\"twitter:label1\" content=\"Procijenjeno vrijeme \u010ditanja\" \/>\n\t<meta name=\"twitter:data1\" content=\"1 minuta\" \/>\n<script type=\"application\/ld+json\" class=\"yoast-schema-graph\">{\"@context\":\"https:\/\/schema.org\",\"@graph\":[{\"@type\":\"WebSite\",\"@id\":\"http:\/\/knjiznice.nsk.hr\/opuzen\/#website\",\"url\":\"http:\/\/knjiznice.nsk.hr\/opuzen\/\",\"name\":\"Gradska knji\\u017enica Opuzen\",\"description\":\"\\u201cA reader lives a thousand lives before he dies. The man who never reads lives only one.\\u201d\",\"potentialAction\":[{\"@type\":\"SearchAction\",\"target\":\"http:\/\/knjiznice.nsk.hr\/opuzen\/?s={search_term_string}\",\"query-input\":\"required name=search_term_string\"}],\"inLanguage\":\"hr\"},{\"@type\":\"WebPage\",\"@id\":\"https:\/\/knjiznice.nsk.hr\/opuzen\/2017\/03\/22\/medunarodni-dan-poezije-21-ozujka\/#webpage\",\"url\":\"https:\/\/knjiznice.nsk.hr\/opuzen\/2017\/03\/22\/medunarodni-dan-poezije-21-ozujka\/\",\"name\":\"Me\\u0111unarodni dan poezije - 21.o\\u017eujka - Gradska knji\\u017enica Opuzen\",\"isPartOf\":{\"@id\":\"http:\/\/knjiznice.nsk.hr\/opuzen\/#website\"},\"datePublished\":\"2017-03-22T12:27:39+00:00\",\"dateModified\":\"2020-11-19T09:45:03+00:00\",\"author\":{\"@id\":\"http:\/\/knjiznice.nsk.hr\/opuzen\/#\/schema\/person\/9f30f8e2c624a6cd9c89e5049d09c867\"},\"breadcrumb\":{\"@id\":\"https:\/\/knjiznice.nsk.hr\/opuzen\/2017\/03\/22\/medunarodni-dan-poezije-21-ozujka\/#breadcrumb\"},\"inLanguage\":\"hr\",\"potentialAction\":[{\"@type\":\"ReadAction\",\"target\":[\"https:\/\/knjiznice.nsk.hr\/opuzen\/2017\/03\/22\/medunarodni-dan-poezije-21-ozujka\/\"]}]},{\"@type\":\"BreadcrumbList\",\"@id\":\"https:\/\/knjiznice.nsk.hr\/opuzen\/2017\/03\/22\/medunarodni-dan-poezije-21-ozujka\/#breadcrumb\",\"itemListElement\":[{\"@type\":\"ListItem\",\"position\":1,\"item\":{\"@type\":\"WebPage\",\"@id\":\"http:\/\/knjiznice.nsk.hr\/opuzen\/\",\"url\":\"http:\/\/knjiznice.nsk.hr\/opuzen\/\",\"name\":\"Po\\u010detna stranica\"}},{\"@type\":\"ListItem\",\"position\":2,\"item\":{\"@id\":\"https:\/\/knjiznice.nsk.hr\/opuzen\/2017\/03\/22\/medunarodni-dan-poezije-21-ozujka\/#webpage\"}}]},{\"@type\":\"Person\",\"@id\":\"http:\/\/knjiznice.nsk.hr\/opuzen\/#\/schema\/person\/9f30f8e2c624a6cd9c89e5049d09c867\",\"name\":\"opuzen\",\"image\":{\"@type\":\"ImageObject\",\"@id\":\"http:\/\/knjiznice.nsk.hr\/opuzen\/#personlogo\",\"inLanguage\":\"hr\",\"url\":\"https:\/\/secure.gravatar.com\/avatar\/6ad99d4ac4e88a3228a8e642b15667c4?s=96&d=mm&r=g\",\"contentUrl\":\"https:\/\/secure.gravatar.com\/avatar\/6ad99d4ac4e88a3228a8e642b15667c4?s=96&d=mm&r=g\",\"caption\":\"opuzen\"},\"sameAs\":[\"https:\/\/www.facebook.com\/library.opz\/\",\"https:\/\/www.instagram.com\/gkopuzen\/?hl=hr\"],\"url\":\"https:\/\/knjiznice.nsk.hr\/opuzen\/\"}]}<\/script>\n<!-- \/ Yoast SEO plugin. -->","_links":{"self":[{"href":"https:\/\/knjiznice.nsk.hr\/opuzen\/wp-json\/wp\/v2\/posts\/230"}],"collection":[{"href":"https:\/\/knjiznice.nsk.hr\/opuzen\/wp-json\/wp\/v2\/posts"}],"about":[{"href":"https:\/\/knjiznice.nsk.hr\/opuzen\/wp-json\/wp\/v2\/types\/post"}],"author":[{"embeddable":true,"href":"https:\/\/knjiznice.nsk.hr\/opuzen\/wp-json\/wp\/v2\/users\/49"}],"replies":[{"embeddable":true,"href":"https:\/\/knjiznice.nsk.hr\/opuzen\/wp-json\/wp\/v2\/comments?post=230"}],"version-history":[{"count":1,"href":"https:\/\/knjiznice.nsk.hr\/opuzen\/wp-json\/wp\/v2\/posts\/230\/revisions"}],"predecessor-version":[{"id":247,"href":"https:\/\/knjiznice.nsk.hr\/opuzen\/wp-json\/wp\/v2\/posts\/230\/revisions\/247"}],"wp:attachment":[{"href":"https:\/\/knjiznice.nsk.hr\/opuzen\/wp-json\/wp\/v2\/media?parent=230"}],"wp:term":[{"taxonomy":"category","embeddable":true,"href":"https:\/\/knjiznice.nsk.hr\/opuzen\/wp-json\/wp\/v2\/categories?post=230"},{"taxonomy":"post_tag","embeddable":true,"href":"https:\/\/knjiznice.nsk.hr\/opuzen\/wp-json\/wp\/v2\/tags?post=230"}],"curies":[{"name":"wp","href":"https:\/\/api.w.org\/{rel}","templated":true}]}}