{"id":2090,"date":"2024-02-21T09:51:32","date_gmt":"2024-02-21T09:51:32","guid":{"rendered":"http:\/\/knjiznice.nsk.hr\/opuzen\/?p=2090"},"modified":"2024-02-21T09:51:32","modified_gmt":"2024-02-21T09:51:32","slug":"danas-je-medunarodni-dan-materinjeg-jezika","status":"publish","type":"post","link":"https:\/\/knjiznice.nsk.hr\/opuzen\/2024\/02\/21\/danas-je-medunarodni-dan-materinjeg-jezika\/","title":{"rendered":"Danas je Me\u0111unarodni dan materinjeg jezika"},"content":{"rendered":"<p>Me\u0111unarodni dan materinjeg jezika obilje\u017eava se svake godine 21. velja\u010de od 2000. godine, s ciljem unapre\u0111ivanja, u\u010denja i razvoja materinskog jezika, te njegovanja jezi\u010dne i kulturne razli\u010ditosti i vi\u0161ejezi\u010dnosti.<\/p>\n<p>UNESCO-ov dokument 16\/C iz 1970. godine ka\u017ee \u00bbMaterinski jezik ozna\u010duje put ljudskog bi\u0107a i pomo\u0107u njega ono ulazi u dru\u0161tvo, \u010dini svojom kulturu grupe kojoj pripada i postavlja temelje razvoju svojih intelektualnih sposobnosti.\u00ab<\/p>\n<p><a href=\"http:\/\/knjiznice.nsk.hr\/opuzen\/wp-content\/uploads\/sites\/53\/2024\/02\/Snimka-zaslona-2024-02-21-105032.png\"><img loading=\"lazy\" class=\"size-full wp-image-2091 aligncenter\" src=\"http:\/\/knjiznice.nsk.hr\/opuzen\/wp-content\/uploads\/sites\/53\/2024\/02\/Snimka-zaslona-2024-02-21-105032.png\" alt=\"\" width=\"622\" height=\"503\" srcset=\"https:\/\/knjiznice.nsk.hr\/opuzen\/wp-content\/uploads\/sites\/53\/2024\/02\/Snimka-zaslona-2024-02-21-105032.png 622w, https:\/\/knjiznice.nsk.hr\/opuzen\/wp-content\/uploads\/sites\/53\/2024\/02\/Snimka-zaslona-2024-02-21-105032-300x243.png 300w, https:\/\/knjiznice.nsk.hr\/opuzen\/wp-content\/uploads\/sites\/53\/2024\/02\/Snimka-zaslona-2024-02-21-105032-600x485.png 600w\" sizes=\"(max-width: 622px) 100vw, 622px\" \/><\/a><\/p>\n","protected":false},"excerpt":{"rendered":"<p>Me\u0111unarodni dan materinjeg jezika obilje\u017eava se svake godine 21. velja\u010de od 2000. godine, s ciljem unapre\u0111ivanja, u\u010denja i razvoja materinskog jezika, te njegovanja jezi\u010dne i kulturne razli\u010ditosti i vi\u0161ejezi\u010dnosti. UNESCO-ov dokument 16\/C iz 1970. godine ka\u017ee \u00bbMaterinski jezik ozna\u010duje put ljudskog bi\u0107a i pomo\u0107u njega ono ulazi u dru\u0161tvo, \u010dini svojom kulturu grupe kojoj pripada [&hellip;]<\/p>\n","protected":false},"author":49,"featured_media":0,"comment_status":"closed","ping_status":"closed","sticky":false,"template":"","format":"standard","meta":{"ngg_post_thumbnail":0},"categories":[1],"tags":[],"yoast_head":"<!-- This site is optimized with the Yoast SEO plugin v16.4 - https:\/\/yoast.com\/wordpress\/plugins\/seo\/ -->\n<meta name=\"robots\" content=\"index, follow, max-snippet:-1, max-image-preview:large, max-video-preview:-1\" \/>\n<link rel=\"canonical\" href=\"https:\/\/knjiznice.nsk.hr\/opuzen\/2024\/02\/21\/danas-je-medunarodni-dan-materinjeg-jezika\/\" \/>\n<meta property=\"og:locale\" content=\"hr_HR\" \/>\n<meta property=\"og:type\" content=\"article\" \/>\n<meta property=\"og:title\" content=\"Danas je Me\u0111unarodni dan materinjeg jezika - Gradska knji\u017enica Opuzen\" \/>\n<meta property=\"og:description\" content=\"Me\u0111unarodni dan materinjeg jezika obilje\u017eava se svake godine 21. velja\u010de od 2000. godine, s ciljem unapre\u0111ivanja, u\u010denja i razvoja materinskog jezika, te njegovanja jezi\u010dne i kulturne razli\u010ditosti i vi\u0161ejezi\u010dnosti. UNESCO-ov dokument 16\/C iz 1970. godine ka\u017ee \u00bbMaterinski jezik ozna\u010duje put ljudskog bi\u0107a i pomo\u0107u njega ono ulazi u dru\u0161tvo, \u010dini svojom kulturu grupe kojoj pripada [&hellip;]\" \/>\n<meta property=\"og:url\" content=\"https:\/\/knjiznice.nsk.hr\/opuzen\/2024\/02\/21\/danas-je-medunarodni-dan-materinjeg-jezika\/\" \/>\n<meta property=\"og:site_name\" content=\"Gradska knji\u017enica Opuzen\" \/>\n<meta property=\"article:author\" content=\"https:\/\/www.facebook.com\/library.opz\/\" \/>\n<meta property=\"article:published_time\" content=\"2024-02-21T09:51:32+00:00\" \/>\n<meta property=\"og:image\" content=\"http:\/\/knjiznice.nsk.hr\/opuzen\/wp-content\/uploads\/sites\/53\/2024\/02\/Snimka-zaslona-2024-02-21-105032.png\" \/>\n<meta name=\"twitter:label1\" content=\"Procijenjeno vrijeme \u010ditanja\" \/>\n\t<meta name=\"twitter:data1\" content=\"1 minuta\" \/>\n<script type=\"application\/ld+json\" class=\"yoast-schema-graph\">{\"@context\":\"https:\/\/schema.org\",\"@graph\":[{\"@type\":\"WebSite\",\"@id\":\"http:\/\/knjiznice.nsk.hr\/opuzen\/#website\",\"url\":\"http:\/\/knjiznice.nsk.hr\/opuzen\/\",\"name\":\"Gradska knji\\u017enica Opuzen\",\"description\":\"\\u201cA reader lives a thousand lives before he dies. The man who never reads lives only one.\\u201d\",\"potentialAction\":[{\"@type\":\"SearchAction\",\"target\":\"http:\/\/knjiznice.nsk.hr\/opuzen\/?s={search_term_string}\",\"query-input\":\"required name=search_term_string\"}],\"inLanguage\":\"hr\"},{\"@type\":\"ImageObject\",\"@id\":\"https:\/\/knjiznice.nsk.hr\/opuzen\/2024\/02\/21\/danas-je-medunarodni-dan-materinjeg-jezika\/#primaryimage\",\"inLanguage\":\"hr\",\"url\":\"http:\/\/knjiznice.nsk.hr\/opuzen\/wp-content\/uploads\/sites\/53\/2024\/02\/Snimka-zaslona-2024-02-21-105032.png\",\"contentUrl\":\"http:\/\/knjiznice.nsk.hr\/opuzen\/wp-content\/uploads\/sites\/53\/2024\/02\/Snimka-zaslona-2024-02-21-105032.png\"},{\"@type\":\"WebPage\",\"@id\":\"https:\/\/knjiznice.nsk.hr\/opuzen\/2024\/02\/21\/danas-je-medunarodni-dan-materinjeg-jezika\/#webpage\",\"url\":\"https:\/\/knjiznice.nsk.hr\/opuzen\/2024\/02\/21\/danas-je-medunarodni-dan-materinjeg-jezika\/\",\"name\":\"Danas je Me\\u0111unarodni dan materinjeg jezika - Gradska knji\\u017enica Opuzen\",\"isPartOf\":{\"@id\":\"http:\/\/knjiznice.nsk.hr\/opuzen\/#website\"},\"primaryImageOfPage\":{\"@id\":\"https:\/\/knjiznice.nsk.hr\/opuzen\/2024\/02\/21\/danas-je-medunarodni-dan-materinjeg-jezika\/#primaryimage\"},\"datePublished\":\"2024-02-21T09:51:32+00:00\",\"dateModified\":\"2024-02-21T09:51:32+00:00\",\"author\":{\"@id\":\"http:\/\/knjiznice.nsk.hr\/opuzen\/#\/schema\/person\/9f30f8e2c624a6cd9c89e5049d09c867\"},\"breadcrumb\":{\"@id\":\"https:\/\/knjiznice.nsk.hr\/opuzen\/2024\/02\/21\/danas-je-medunarodni-dan-materinjeg-jezika\/#breadcrumb\"},\"inLanguage\":\"hr\",\"potentialAction\":[{\"@type\":\"ReadAction\",\"target\":[\"https:\/\/knjiznice.nsk.hr\/opuzen\/2024\/02\/21\/danas-je-medunarodni-dan-materinjeg-jezika\/\"]}]},{\"@type\":\"BreadcrumbList\",\"@id\":\"https:\/\/knjiznice.nsk.hr\/opuzen\/2024\/02\/21\/danas-je-medunarodni-dan-materinjeg-jezika\/#breadcrumb\",\"itemListElement\":[{\"@type\":\"ListItem\",\"position\":1,\"item\":{\"@type\":\"WebPage\",\"@id\":\"http:\/\/knjiznice.nsk.hr\/opuzen\/\",\"url\":\"http:\/\/knjiznice.nsk.hr\/opuzen\/\",\"name\":\"Po\\u010detna stranica\"}},{\"@type\":\"ListItem\",\"position\":2,\"item\":{\"@id\":\"https:\/\/knjiznice.nsk.hr\/opuzen\/2024\/02\/21\/danas-je-medunarodni-dan-materinjeg-jezika\/#webpage\"}}]},{\"@type\":\"Person\",\"@id\":\"http:\/\/knjiznice.nsk.hr\/opuzen\/#\/schema\/person\/9f30f8e2c624a6cd9c89e5049d09c867\",\"name\":\"opuzen\",\"image\":{\"@type\":\"ImageObject\",\"@id\":\"http:\/\/knjiznice.nsk.hr\/opuzen\/#personlogo\",\"inLanguage\":\"hr\",\"url\":\"https:\/\/secure.gravatar.com\/avatar\/6ad99d4ac4e88a3228a8e642b15667c4?s=96&d=mm&r=g\",\"contentUrl\":\"https:\/\/secure.gravatar.com\/avatar\/6ad99d4ac4e88a3228a8e642b15667c4?s=96&d=mm&r=g\",\"caption\":\"opuzen\"},\"sameAs\":[\"https:\/\/www.facebook.com\/library.opz\/\",\"https:\/\/www.instagram.com\/gkopuzen\/?hl=hr\"],\"url\":\"https:\/\/knjiznice.nsk.hr\/opuzen\/\"}]}<\/script>\n<!-- \/ Yoast SEO plugin. -->","_links":{"self":[{"href":"https:\/\/knjiznice.nsk.hr\/opuzen\/wp-json\/wp\/v2\/posts\/2090"}],"collection":[{"href":"https:\/\/knjiznice.nsk.hr\/opuzen\/wp-json\/wp\/v2\/posts"}],"about":[{"href":"https:\/\/knjiznice.nsk.hr\/opuzen\/wp-json\/wp\/v2\/types\/post"}],"author":[{"embeddable":true,"href":"https:\/\/knjiznice.nsk.hr\/opuzen\/wp-json\/wp\/v2\/users\/49"}],"replies":[{"embeddable":true,"href":"https:\/\/knjiznice.nsk.hr\/opuzen\/wp-json\/wp\/v2\/comments?post=2090"}],"version-history":[{"count":1,"href":"https:\/\/knjiznice.nsk.hr\/opuzen\/wp-json\/wp\/v2\/posts\/2090\/revisions"}],"predecessor-version":[{"id":2092,"href":"https:\/\/knjiznice.nsk.hr\/opuzen\/wp-json\/wp\/v2\/posts\/2090\/revisions\/2092"}],"wp:attachment":[{"href":"https:\/\/knjiznice.nsk.hr\/opuzen\/wp-json\/wp\/v2\/media?parent=2090"}],"wp:term":[{"taxonomy":"category","embeddable":true,"href":"https:\/\/knjiznice.nsk.hr\/opuzen\/wp-json\/wp\/v2\/categories?post=2090"},{"taxonomy":"post_tag","embeddable":true,"href":"https:\/\/knjiznice.nsk.hr\/opuzen\/wp-json\/wp\/v2\/tags?post=2090"}],"curies":[{"name":"wp","href":"https:\/\/api.w.org\/{rel}","templated":true}]}}