{"id":2076,"date":"2024-02-07T10:49:17","date_gmt":"2024-02-07T10:49:17","guid":{"rendered":"http:\/\/knjiznice.nsk.hr\/opuzen\/?p=2076"},"modified":"2024-02-07T10:49:17","modified_gmt":"2024-02-07T10:49:17","slug":"svjetski-dan-citanja-naglas-2","status":"publish","type":"post","link":"https:\/\/knjiznice.nsk.hr\/opuzen\/2024\/02\/07\/svjetski-dan-citanja-naglas-2\/","title":{"rendered":"Svjetski dan \u010ditanja naglas"},"content":{"rendered":"<div class=\"xdj266r x11i5rnm xat24cr x1mh8g0r x1vvkbs x126k92a\">\n<div dir=\"auto\">Danas obilje\u017eavamo Svjetski dan \u010ditanja naglas.<\/div>\n<\/div>\n<div class=\"x11i5rnm xat24cr x1mh8g0r x1vvkbs xtlvy1s x126k92a\">\n<div dir=\"auto\">\u201c\u010citaj mi!\u201d prva je nacionalna kampanja za promicanje \u010ditanja naglas djeci od ro\u0111enja. Pokrenuta je povodom Europske godine \u010ditanja naglas (2013.), a pod pokroviteljstvom Ministarstva za demografiju, obitelj, mlade i socijalnu politiku.<\/div>\n<\/div>\n<div class=\"x11i5rnm xat24cr x1mh8g0r x1vvkbs xtlvy1s x126k92a\">\n<div dir=\"auto\">Glasno \u010ditanje aktivnost je koja uklju\u010duje cijelu obitelj \u2013 roditelje, bake i djedove, bra\u0107u i sestre, ro\u0111ake, ali i prijatelje. Izuzetno je va\u017eno za razvoj kognitivnih sposobnosti djece, a osobama koje su uklju\u010dene u glasno \u010ditanje djeci, osigurava \u010dvrstu vezu s djetetom.<\/div>\n<\/div>\n<div class=\"x11i5rnm xat24cr x1mh8g0r x1vvkbs xtlvy1s x126k92a\">\n<div dir=\"auto\">Koliko je va\u017eno \u010ditati djetetu naglas od najranije dobi i o ostalim na\u010dinima kako djeci i cijeloj obitelji pribli\u017eiti knjige i \u010ditanje doznajte na njihovoj stranici:<\/div>\n<div dir=\"auto\"><a class=\"x1i10hfl xjbqb8w x1ejq31n xd10rxx x1sy0etr x17r0tee x972fbf xcfux6l x1qhh985 xm0m39n x9f619 x1ypdohk xt0psk2 xe8uvvx xdj266r x11i5rnm xat24cr x1mh8g0r xexx8yu x4uap5 x18d9i69 xkhd6sd x16tdsg8 x1hl2dhg xggy1nq x1a2a7pz xt0b8zv x1fey0fg\" role=\"link\" href=\"https:\/\/www.citajmi.info\/naslovna\/?fbclid=IwAR1lumILWnmgVCioXDPPxvOR-mO-Y1U9zA2y3OcZLH52J3fPKieN5YMhc80\" target=\"_blank\" rel=\"nofollow noopener noreferrer\">https:\/\/www.citajmi.info\/naslovna\/<\/a><\/div>\n<\/div>\n<div dir=\"auto\"><a href=\"http:\/\/knjiznice.nsk.hr\/opuzen\/wp-content\/uploads\/sites\/53\/2024\/02\/419911419_774570121382397_8777045541282170023_n.jpg\"><img loading=\"lazy\" class=\"alignnone size-full wp-image-2077\" src=\"http:\/\/knjiznice.nsk.hr\/opuzen\/wp-content\/uploads\/sites\/53\/2024\/02\/419911419_774570121382397_8777045541282170023_n.jpg\" alt=\"\" width=\"2000\" height=\"741\" srcset=\"https:\/\/knjiznice.nsk.hr\/opuzen\/wp-content\/uploads\/sites\/53\/2024\/02\/419911419_774570121382397_8777045541282170023_n.jpg 2000w, https:\/\/knjiznice.nsk.hr\/opuzen\/wp-content\/uploads\/sites\/53\/2024\/02\/419911419_774570121382397_8777045541282170023_n-300x111.jpg 300w, https:\/\/knjiznice.nsk.hr\/opuzen\/wp-content\/uploads\/sites\/53\/2024\/02\/419911419_774570121382397_8777045541282170023_n-1024x379.jpg 1024w, https:\/\/knjiznice.nsk.hr\/opuzen\/wp-content\/uploads\/sites\/53\/2024\/02\/419911419_774570121382397_8777045541282170023_n-768x285.jpg 768w, https:\/\/knjiznice.nsk.hr\/opuzen\/wp-content\/uploads\/sites\/53\/2024\/02\/419911419_774570121382397_8777045541282170023_n-600x222.jpg 600w, https:\/\/knjiznice.nsk.hr\/opuzen\/wp-content\/uploads\/sites\/53\/2024\/02\/419911419_774570121382397_8777045541282170023_n-1536x569.jpg 1536w\" sizes=\"(max-width: 2000px) 100vw, 2000px\" \/><\/a><\/div>\n","protected":false},"excerpt":{"rendered":"<p>Danas obilje\u017eavamo Svjetski dan \u010ditanja naglas. \u201c\u010citaj mi!\u201d prva je nacionalna kampanja za promicanje \u010ditanja naglas djeci od ro\u0111enja. Pokrenuta je povodom Europske godine \u010ditanja naglas (2013.), a pod pokroviteljstvom Ministarstva za demografiju, obitelj, mlade i socijalnu politiku. Glasno \u010ditanje aktivnost je koja uklju\u010duje cijelu obitelj \u2013 roditelje, bake i djedove, bra\u0107u i sestre, ro\u0111ake, [&hellip;]<\/p>\n","protected":false},"author":49,"featured_media":0,"comment_status":"closed","ping_status":"closed","sticky":false,"template":"","format":"standard","meta":{"ngg_post_thumbnail":0},"categories":[1],"tags":[],"yoast_head":"<!-- This site is optimized with the Yoast SEO plugin v16.4 - https:\/\/yoast.com\/wordpress\/plugins\/seo\/ -->\n<meta name=\"robots\" content=\"index, follow, max-snippet:-1, max-image-preview:large, max-video-preview:-1\" \/>\n<link rel=\"canonical\" href=\"https:\/\/knjiznice.nsk.hr\/opuzen\/2024\/02\/07\/svjetski-dan-citanja-naglas-2\/\" \/>\n<meta property=\"og:locale\" content=\"hr_HR\" \/>\n<meta property=\"og:type\" content=\"article\" \/>\n<meta property=\"og:title\" content=\"Svjetski dan \u010ditanja naglas - Gradska knji\u017enica Opuzen\" \/>\n<meta property=\"og:description\" content=\"Danas obilje\u017eavamo Svjetski dan \u010ditanja naglas. \u201c\u010citaj mi!\u201d prva je nacionalna kampanja za promicanje \u010ditanja naglas djeci od ro\u0111enja. Pokrenuta je povodom Europske godine \u010ditanja naglas (2013.), a pod pokroviteljstvom Ministarstva za demografiju, obitelj, mlade i socijalnu politiku. Glasno \u010ditanje aktivnost je koja uklju\u010duje cijelu obitelj \u2013 roditelje, bake i djedove, bra\u0107u i sestre, ro\u0111ake, [&hellip;]\" \/>\n<meta property=\"og:url\" content=\"https:\/\/knjiznice.nsk.hr\/opuzen\/2024\/02\/07\/svjetski-dan-citanja-naglas-2\/\" \/>\n<meta property=\"og:site_name\" content=\"Gradska knji\u017enica Opuzen\" \/>\n<meta property=\"article:author\" content=\"https:\/\/www.facebook.com\/library.opz\/\" \/>\n<meta property=\"article:published_time\" content=\"2024-02-07T10:49:17+00:00\" \/>\n<meta property=\"og:image\" content=\"http:\/\/knjiznice.nsk.hr\/opuzen\/wp-content\/uploads\/sites\/53\/2024\/02\/419911419_774570121382397_8777045541282170023_n.jpg\" \/>\n<meta name=\"twitter:label1\" content=\"Procijenjeno vrijeme \u010ditanja\" \/>\n\t<meta name=\"twitter:data1\" content=\"1 minuta\" \/>\n<script type=\"application\/ld+json\" class=\"yoast-schema-graph\">{\"@context\":\"https:\/\/schema.org\",\"@graph\":[{\"@type\":\"WebSite\",\"@id\":\"http:\/\/knjiznice.nsk.hr\/opuzen\/#website\",\"url\":\"http:\/\/knjiznice.nsk.hr\/opuzen\/\",\"name\":\"Gradska knji\\u017enica Opuzen\",\"description\":\"\\u201cA reader lives a thousand lives before he dies. The man who never reads lives only one.\\u201d\",\"potentialAction\":[{\"@type\":\"SearchAction\",\"target\":\"http:\/\/knjiznice.nsk.hr\/opuzen\/?s={search_term_string}\",\"query-input\":\"required name=search_term_string\"}],\"inLanguage\":\"hr\"},{\"@type\":\"ImageObject\",\"@id\":\"https:\/\/knjiznice.nsk.hr\/opuzen\/2024\/02\/07\/svjetski-dan-citanja-naglas-2\/#primaryimage\",\"inLanguage\":\"hr\",\"url\":\"http:\/\/knjiznice.nsk.hr\/opuzen\/wp-content\/uploads\/sites\/53\/2024\/02\/419911419_774570121382397_8777045541282170023_n.jpg\",\"contentUrl\":\"http:\/\/knjiznice.nsk.hr\/opuzen\/wp-content\/uploads\/sites\/53\/2024\/02\/419911419_774570121382397_8777045541282170023_n.jpg\"},{\"@type\":\"WebPage\",\"@id\":\"https:\/\/knjiznice.nsk.hr\/opuzen\/2024\/02\/07\/svjetski-dan-citanja-naglas-2\/#webpage\",\"url\":\"https:\/\/knjiznice.nsk.hr\/opuzen\/2024\/02\/07\/svjetski-dan-citanja-naglas-2\/\",\"name\":\"Svjetski dan \\u010ditanja naglas - Gradska knji\\u017enica Opuzen\",\"isPartOf\":{\"@id\":\"http:\/\/knjiznice.nsk.hr\/opuzen\/#website\"},\"primaryImageOfPage\":{\"@id\":\"https:\/\/knjiznice.nsk.hr\/opuzen\/2024\/02\/07\/svjetski-dan-citanja-naglas-2\/#primaryimage\"},\"datePublished\":\"2024-02-07T10:49:17+00:00\",\"dateModified\":\"2024-02-07T10:49:17+00:00\",\"author\":{\"@id\":\"http:\/\/knjiznice.nsk.hr\/opuzen\/#\/schema\/person\/9f30f8e2c624a6cd9c89e5049d09c867\"},\"breadcrumb\":{\"@id\":\"https:\/\/knjiznice.nsk.hr\/opuzen\/2024\/02\/07\/svjetski-dan-citanja-naglas-2\/#breadcrumb\"},\"inLanguage\":\"hr\",\"potentialAction\":[{\"@type\":\"ReadAction\",\"target\":[\"https:\/\/knjiznice.nsk.hr\/opuzen\/2024\/02\/07\/svjetski-dan-citanja-naglas-2\/\"]}]},{\"@type\":\"BreadcrumbList\",\"@id\":\"https:\/\/knjiznice.nsk.hr\/opuzen\/2024\/02\/07\/svjetski-dan-citanja-naglas-2\/#breadcrumb\",\"itemListElement\":[{\"@type\":\"ListItem\",\"position\":1,\"item\":{\"@type\":\"WebPage\",\"@id\":\"http:\/\/knjiznice.nsk.hr\/opuzen\/\",\"url\":\"http:\/\/knjiznice.nsk.hr\/opuzen\/\",\"name\":\"Po\\u010detna stranica\"}},{\"@type\":\"ListItem\",\"position\":2,\"item\":{\"@id\":\"https:\/\/knjiznice.nsk.hr\/opuzen\/2024\/02\/07\/svjetski-dan-citanja-naglas-2\/#webpage\"}}]},{\"@type\":\"Person\",\"@id\":\"http:\/\/knjiznice.nsk.hr\/opuzen\/#\/schema\/person\/9f30f8e2c624a6cd9c89e5049d09c867\",\"name\":\"opuzen\",\"image\":{\"@type\":\"ImageObject\",\"@id\":\"http:\/\/knjiznice.nsk.hr\/opuzen\/#personlogo\",\"inLanguage\":\"hr\",\"url\":\"https:\/\/secure.gravatar.com\/avatar\/6ad99d4ac4e88a3228a8e642b15667c4?s=96&d=mm&r=g\",\"contentUrl\":\"https:\/\/secure.gravatar.com\/avatar\/6ad99d4ac4e88a3228a8e642b15667c4?s=96&d=mm&r=g\",\"caption\":\"opuzen\"},\"sameAs\":[\"https:\/\/www.facebook.com\/library.opz\/\",\"https:\/\/www.instagram.com\/gkopuzen\/?hl=hr\"],\"url\":\"https:\/\/knjiznice.nsk.hr\/opuzen\/\"}]}<\/script>\n<!-- \/ Yoast SEO plugin. -->","_links":{"self":[{"href":"https:\/\/knjiznice.nsk.hr\/opuzen\/wp-json\/wp\/v2\/posts\/2076"}],"collection":[{"href":"https:\/\/knjiznice.nsk.hr\/opuzen\/wp-json\/wp\/v2\/posts"}],"about":[{"href":"https:\/\/knjiznice.nsk.hr\/opuzen\/wp-json\/wp\/v2\/types\/post"}],"author":[{"embeddable":true,"href":"https:\/\/knjiznice.nsk.hr\/opuzen\/wp-json\/wp\/v2\/users\/49"}],"replies":[{"embeddable":true,"href":"https:\/\/knjiznice.nsk.hr\/opuzen\/wp-json\/wp\/v2\/comments?post=2076"}],"version-history":[{"count":1,"href":"https:\/\/knjiznice.nsk.hr\/opuzen\/wp-json\/wp\/v2\/posts\/2076\/revisions"}],"predecessor-version":[{"id":2078,"href":"https:\/\/knjiznice.nsk.hr\/opuzen\/wp-json\/wp\/v2\/posts\/2076\/revisions\/2078"}],"wp:attachment":[{"href":"https:\/\/knjiznice.nsk.hr\/opuzen\/wp-json\/wp\/v2\/media?parent=2076"}],"wp:term":[{"taxonomy":"category","embeddable":true,"href":"https:\/\/knjiznice.nsk.hr\/opuzen\/wp-json\/wp\/v2\/categories?post=2076"},{"taxonomy":"post_tag","embeddable":true,"href":"https:\/\/knjiznice.nsk.hr\/opuzen\/wp-json\/wp\/v2\/tags?post=2076"}],"curies":[{"name":"wp","href":"https:\/\/api.w.org\/{rel}","templated":true}]}}