{"id":1779,"date":"2023-04-25T15:23:31","date_gmt":"2023-04-25T15:23:31","guid":{"rendered":"http:\/\/knjiznice.nsk.hr\/opuzen\/?p=1779"},"modified":"2023-04-25T15:24:52","modified_gmt":"2023-04-25T15:24:52","slug":"dani-medijske-pismenosti-2023","status":"publish","type":"post","link":"https:\/\/knjiznice.nsk.hr\/opuzen\/2023\/04\/25\/dani-medijske-pismenosti-2023\/","title":{"rendered":"DANI MEDIJSKE PISMENOSTI 2023."},"content":{"rendered":"<div class=\"x11i5rnm xat24cr x1mh8g0r x1vvkbs xdj266r x126k92a\">\n<div dir=\"auto\">Pod sloganom \u201cU ravnote\u017ei \u2013 online i offline\u201c po\u010deli su \u0161esti Dani medijske pismenosti, u organizaciji Agencije za elektroni\u010dke medije i UNICEF-a, a pod pokroviteljstvom Ministarstva kulture i medija te Ministarstva znanosti i obrazovanja.<\/div>\n<div dir=\"auto\">&nbsp;<\/div>\n<\/div>\n<div class=\"x11i5rnm xat24cr x1mh8g0r x1vvkbs xtlvy1s x126k92a\">\n<div dir=\"auto\">U fokusu brojnih doga\u0111anja i radionica, koji se odr\u017eavaju u \u0161kolama, knji\u017enicama, vrti\u0107ima i drugim ustanovama diljem zemlje, utjecaj je medija i dru\u0161tvenih mre\u017ea na mentalno zdravlje djece i mladih.<\/div>\n<div dir=\"auto\">&nbsp;<\/div>\n<\/div>\n<div class=\"x11i5rnm xat24cr x1mh8g0r x1vvkbs xtlvy1s x126k92a\">\n<div dir=\"auto\">Koliko je va\u017eno omogu\u0107iti prilike za razvoj vje\u0161tina iz podru\u010dja medijske pismenosti pokazuju i rezultati istra\u017eivanja koje je za Agenciju za elektroni\u010dke medije i UNICEF provela agencija Ipsos:<\/div>\n<div dir=\"auto\">&nbsp;<\/div>\n<\/div>\n<div class=\"x11i5rnm xat24cr x1mh8g0r x1vvkbs xtlvy1s x126k92a\">\n<div dir=\"auto\">79,2 % djece i mladih od 16 do 25 godina i 48 % op\u0107e populacije svakodnevno ili vi\u0161e puta tjedno u slobodno vrijeme provede vi\u0161e vremena na mre\u017ei (online) nego \u0161to su htjeli.<\/div>\n<div dir=\"auto\">Gotovo svaka druga mlada osoba od 16 do 25 godina i svaka \u010detvrta osoba u op\u0107oj populaciji osje\u0107ala je stres, usamljenost, zavist ili ni\u017eu razinu samopouzdanja zbog sadr\u017eaja na dru\u0161tvenim mre\u017eama.<\/div>\n<div dir=\"auto\">58 % mladih od 16 do 25 godina i 23,3 % op\u0107e populacije imalo je priliku u\u010diti o medijima.<\/div>\n<div dir=\"auto\">Naj\u010de\u0161\u0107i su izvori informiranja o aktualnim temama internetski portali, dru\u0161tvene mre\u017ee i televizija.<\/div>\n<div dir=\"auto\">&nbsp;<\/div>\n<\/div>\n<div class=\"x11i5rnm xat24cr x1mh8g0r x1vvkbs xtlvy1s x126k92a\">\n<div dir=\"auto\">To su samo neki od podataka i informacija koje nam prenose, a vi\u0161e o temi mo\u017eete pro\u010ditati na:<\/div>\n<\/div>\n<div class=\"x11i5rnm xat24cr x1mh8g0r x1vvkbs xtlvy1s x126k92a\">\n<div dir=\"auto\"><a class=\"x1i10hfl xjbqb8w x6umtig x1b1mbwd xaqea5y xav7gou x9f619 x1ypdohk xt0psk2 xe8uvvx xdj266r x11i5rnm xat24cr x1mh8g0r xexx8yu x4uap5 x18d9i69 xkhd6sd x16tdsg8 x1hl2dhg xggy1nq x1a2a7pz xt0b8zv x1fey0fg\" role=\"link\" href=\"https:\/\/www.medijskapismenost.hr\/dani-medijske-pismenosti-2023\/?fbclid=IwAR1gW5qTS3MTEd-yXYPJZW22KAwRQYj2SAOrbF83nKYv8SvmKWbwVkD7RdI\" target=\"_blank\" rel=\"nofollow noopener\">https:\/\/www.medijskapismenost.hr\/dani-medijske&#8230;\/&#8230;<\/a><\/div>\n<div dir=\"auto\">&nbsp;<\/div>\n<\/div>\n<div class=\"x11i5rnm xat24cr x1mh8g0r x1vvkbs xtlvy1s x126k92a\">\n<div dir=\"auto\">Tako\u0111er, na stranici mo\u017eete prona\u0107i mno\u0161tvo obrazovnih materijala, videolekcija, infografika, online igrica, preporuka za za\u0161titu djece itd.<\/div>\n<div dir=\"auto\">&nbsp;<\/div>\n<\/div>\n<div dir=\"auto\"><a href=\"http:\/\/knjiznice.nsk.hr\/opuzen\/wp-content\/uploads\/sites\/53\/2023\/04\/Unicef-DMP-2023_960x640.jpg\"><img loading=\"lazy\" class=\"alignnone size-full wp-image-1781\" src=\"http:\/\/knjiznice.nsk.hr\/opuzen\/wp-content\/uploads\/sites\/53\/2023\/04\/Unicef-DMP-2023_960x640.jpg\" alt=\"\" width=\"960\" height=\"640\" srcset=\"https:\/\/knjiznice.nsk.hr\/opuzen\/wp-content\/uploads\/sites\/53\/2023\/04\/Unicef-DMP-2023_960x640.jpg 960w, https:\/\/knjiznice.nsk.hr\/opuzen\/wp-content\/uploads\/sites\/53\/2023\/04\/Unicef-DMP-2023_960x640-300x200.jpg 300w, https:\/\/knjiznice.nsk.hr\/opuzen\/wp-content\/uploads\/sites\/53\/2023\/04\/Unicef-DMP-2023_960x640-768x512.jpg 768w, https:\/\/knjiznice.nsk.hr\/opuzen\/wp-content\/uploads\/sites\/53\/2023\/04\/Unicef-DMP-2023_960x640-600x400.jpg 600w\" sizes=\"(max-width: 960px) 100vw, 960px\" \/><\/a><\/div>\n","protected":false},"excerpt":{"rendered":"<p>Pod sloganom \u201cU ravnote\u017ei \u2013 online i offline\u201c po\u010deli su \u0161esti Dani medijske pismenosti, u organizaciji Agencije za elektroni\u010dke medije i UNICEF-a, a pod pokroviteljstvom Ministarstva kulture i medija te Ministarstva znanosti i obrazovanja. &nbsp; U fokusu brojnih doga\u0111anja i radionica, koji se odr\u017eavaju u \u0161kolama, knji\u017enicama, vrti\u0107ima i drugim ustanovama diljem zemlje, utjecaj je [&hellip;]<\/p>\n","protected":false},"author":49,"featured_media":0,"comment_status":"closed","ping_status":"closed","sticky":false,"template":"","format":"standard","meta":{"ngg_post_thumbnail":0},"categories":[1],"tags":[],"yoast_head":"<!-- This site is optimized with the Yoast SEO plugin v16.4 - https:\/\/yoast.com\/wordpress\/plugins\/seo\/ -->\n<meta name=\"robots\" content=\"index, follow, max-snippet:-1, max-image-preview:large, max-video-preview:-1\" \/>\n<link rel=\"canonical\" href=\"https:\/\/knjiznice.nsk.hr\/opuzen\/2023\/04\/25\/dani-medijske-pismenosti-2023\/\" \/>\n<meta property=\"og:locale\" content=\"hr_HR\" \/>\n<meta property=\"og:type\" content=\"article\" \/>\n<meta property=\"og:title\" content=\"DANI MEDIJSKE PISMENOSTI 2023. - Gradska knji\u017enica Opuzen\" \/>\n<meta property=\"og:description\" content=\"Pod sloganom \u201cU ravnote\u017ei \u2013 online i offline\u201c po\u010deli su \u0161esti Dani medijske pismenosti, u organizaciji Agencije za elektroni\u010dke medije i UNICEF-a, a pod pokroviteljstvom Ministarstva kulture i medija te Ministarstva znanosti i obrazovanja. &nbsp; U fokusu brojnih doga\u0111anja i radionica, koji se odr\u017eavaju u \u0161kolama, knji\u017enicama, vrti\u0107ima i drugim ustanovama diljem zemlje, utjecaj je [&hellip;]\" \/>\n<meta property=\"og:url\" content=\"https:\/\/knjiznice.nsk.hr\/opuzen\/2023\/04\/25\/dani-medijske-pismenosti-2023\/\" \/>\n<meta property=\"og:site_name\" content=\"Gradska knji\u017enica Opuzen\" \/>\n<meta property=\"article:author\" content=\"https:\/\/www.facebook.com\/library.opz\/\" \/>\n<meta property=\"article:published_time\" content=\"2023-04-25T15:23:31+00:00\" \/>\n<meta property=\"article:modified_time\" content=\"2023-04-25T15:24:52+00:00\" \/>\n<meta property=\"og:image\" content=\"http:\/\/knjiznice.nsk.hr\/opuzen\/wp-content\/uploads\/sites\/53\/2023\/04\/Unicef-DMP-2023_960x640.jpg\" \/>\n<meta name=\"twitter:label1\" content=\"Procijenjeno vrijeme \u010ditanja\" \/>\n\t<meta name=\"twitter:data1\" content=\"2 minute\" \/>\n<script type=\"application\/ld+json\" class=\"yoast-schema-graph\">{\"@context\":\"https:\/\/schema.org\",\"@graph\":[{\"@type\":\"WebSite\",\"@id\":\"http:\/\/knjiznice.nsk.hr\/opuzen\/#website\",\"url\":\"http:\/\/knjiznice.nsk.hr\/opuzen\/\",\"name\":\"Gradska knji\\u017enica Opuzen\",\"description\":\"\\u201cA reader lives a thousand lives before he dies. The man who never reads lives only one.\\u201d\",\"potentialAction\":[{\"@type\":\"SearchAction\",\"target\":\"http:\/\/knjiznice.nsk.hr\/opuzen\/?s={search_term_string}\",\"query-input\":\"required name=search_term_string\"}],\"inLanguage\":\"hr\"},{\"@type\":\"ImageObject\",\"@id\":\"https:\/\/knjiznice.nsk.hr\/opuzen\/2023\/04\/25\/dani-medijske-pismenosti-2023\/#primaryimage\",\"inLanguage\":\"hr\",\"url\":\"http:\/\/knjiznice.nsk.hr\/opuzen\/wp-content\/uploads\/sites\/53\/2023\/04\/Unicef-DMP-2023_960x640.jpg\",\"contentUrl\":\"http:\/\/knjiznice.nsk.hr\/opuzen\/wp-content\/uploads\/sites\/53\/2023\/04\/Unicef-DMP-2023_960x640.jpg\"},{\"@type\":\"WebPage\",\"@id\":\"https:\/\/knjiznice.nsk.hr\/opuzen\/2023\/04\/25\/dani-medijske-pismenosti-2023\/#webpage\",\"url\":\"https:\/\/knjiznice.nsk.hr\/opuzen\/2023\/04\/25\/dani-medijske-pismenosti-2023\/\",\"name\":\"DANI MEDIJSKE PISMENOSTI 2023. - Gradska knji\\u017enica Opuzen\",\"isPartOf\":{\"@id\":\"http:\/\/knjiznice.nsk.hr\/opuzen\/#website\"},\"primaryImageOfPage\":{\"@id\":\"https:\/\/knjiznice.nsk.hr\/opuzen\/2023\/04\/25\/dani-medijske-pismenosti-2023\/#primaryimage\"},\"datePublished\":\"2023-04-25T15:23:31+00:00\",\"dateModified\":\"2023-04-25T15:24:52+00:00\",\"author\":{\"@id\":\"http:\/\/knjiznice.nsk.hr\/opuzen\/#\/schema\/person\/9f30f8e2c624a6cd9c89e5049d09c867\"},\"breadcrumb\":{\"@id\":\"https:\/\/knjiznice.nsk.hr\/opuzen\/2023\/04\/25\/dani-medijske-pismenosti-2023\/#breadcrumb\"},\"inLanguage\":\"hr\",\"potentialAction\":[{\"@type\":\"ReadAction\",\"target\":[\"https:\/\/knjiznice.nsk.hr\/opuzen\/2023\/04\/25\/dani-medijske-pismenosti-2023\/\"]}]},{\"@type\":\"BreadcrumbList\",\"@id\":\"https:\/\/knjiznice.nsk.hr\/opuzen\/2023\/04\/25\/dani-medijske-pismenosti-2023\/#breadcrumb\",\"itemListElement\":[{\"@type\":\"ListItem\",\"position\":1,\"item\":{\"@type\":\"WebPage\",\"@id\":\"http:\/\/knjiznice.nsk.hr\/opuzen\/\",\"url\":\"http:\/\/knjiznice.nsk.hr\/opuzen\/\",\"name\":\"Po\\u010detna stranica\"}},{\"@type\":\"ListItem\",\"position\":2,\"item\":{\"@id\":\"https:\/\/knjiznice.nsk.hr\/opuzen\/2023\/04\/25\/dani-medijske-pismenosti-2023\/#webpage\"}}]},{\"@type\":\"Person\",\"@id\":\"http:\/\/knjiznice.nsk.hr\/opuzen\/#\/schema\/person\/9f30f8e2c624a6cd9c89e5049d09c867\",\"name\":\"opuzen\",\"image\":{\"@type\":\"ImageObject\",\"@id\":\"http:\/\/knjiznice.nsk.hr\/opuzen\/#personlogo\",\"inLanguage\":\"hr\",\"url\":\"https:\/\/secure.gravatar.com\/avatar\/6ad99d4ac4e88a3228a8e642b15667c4?s=96&d=mm&r=g\",\"contentUrl\":\"https:\/\/secure.gravatar.com\/avatar\/6ad99d4ac4e88a3228a8e642b15667c4?s=96&d=mm&r=g\",\"caption\":\"opuzen\"},\"sameAs\":[\"https:\/\/www.facebook.com\/library.opz\/\",\"https:\/\/www.instagram.com\/gkopuzen\/?hl=hr\"],\"url\":\"https:\/\/knjiznice.nsk.hr\/opuzen\/\"}]}<\/script>\n<!-- \/ Yoast SEO plugin. -->","_links":{"self":[{"href":"https:\/\/knjiznice.nsk.hr\/opuzen\/wp-json\/wp\/v2\/posts\/1779"}],"collection":[{"href":"https:\/\/knjiznice.nsk.hr\/opuzen\/wp-json\/wp\/v2\/posts"}],"about":[{"href":"https:\/\/knjiznice.nsk.hr\/opuzen\/wp-json\/wp\/v2\/types\/post"}],"author":[{"embeddable":true,"href":"https:\/\/knjiznice.nsk.hr\/opuzen\/wp-json\/wp\/v2\/users\/49"}],"replies":[{"embeddable":true,"href":"https:\/\/knjiznice.nsk.hr\/opuzen\/wp-json\/wp\/v2\/comments?post=1779"}],"version-history":[{"count":3,"href":"https:\/\/knjiznice.nsk.hr\/opuzen\/wp-json\/wp\/v2\/posts\/1779\/revisions"}],"predecessor-version":[{"id":1783,"href":"https:\/\/knjiznice.nsk.hr\/opuzen\/wp-json\/wp\/v2\/posts\/1779\/revisions\/1783"}],"wp:attachment":[{"href":"https:\/\/knjiznice.nsk.hr\/opuzen\/wp-json\/wp\/v2\/media?parent=1779"}],"wp:term":[{"taxonomy":"category","embeddable":true,"href":"https:\/\/knjiznice.nsk.hr\/opuzen\/wp-json\/wp\/v2\/categories?post=1779"},{"taxonomy":"post_tag","embeddable":true,"href":"https:\/\/knjiznice.nsk.hr\/opuzen\/wp-json\/wp\/v2\/tags?post=1779"}],"curies":[{"name":"wp","href":"https:\/\/api.w.org\/{rel}","templated":true}]}}