{"id":1770,"date":"2023-04-19T17:59:19","date_gmt":"2023-04-19T17:59:19","guid":{"rendered":"http:\/\/knjiznice.nsk.hr\/opuzen\/?p=1770"},"modified":"2023-04-21T18:01:08","modified_gmt":"2023-04-21T18:01:08","slug":"noc-knjige-2023","status":"publish","type":"post","link":"https:\/\/knjiznice.nsk.hr\/opuzen\/2023\/04\/19\/noc-knjige-2023\/","title":{"rendered":"No\u0107 knjige 2023."},"content":{"rendered":"<div class=\"x11i5rnm xat24cr x1mh8g0r x1vvkbs xdj266r x126k92a\">\n<div dir=\"auto\">U povodu manifestacije No\u0107 knjige 2023. u petak u 18:30h u knji\u017enici \u0107emo gledati film Alita: An\u0111eo borbe. Prijave su obavezne jer moramo pripremiti sjedala.<\/div>\n<\/div>\n<div class=\"x11i5rnm xat24cr x1mh8g0r x1vvkbs xtlvy1s x126k92a\">\n<div dir=\"auto\">\u201eNo\u0107 knjige\u201c, ve\u0107 tradicionalna manifestacija koja u fokus stavlja knjigu i \u010ditanje, a ve\u017ee se uz dva va\u017ena datuma: Svjetski dan knjige i autorskih prava (23. travnja) i Dan hrvatske knjige (22. travnja),&nbsp; ove se godine odr\u017eava od 21. do 23. travnja.<\/div>\n<div dir=\"auto\">\u2028Tema koju propituje ovogodi\u0161nja \u201eNo\u0107 knjige\u201c jest \u2013 umjetna inteligencija. Knji\u017eevnost se umjetnom inteligencijom bavi jo\u0161 od 19. stolje\u0107a kada je Samuel Butler u svojoj knjizi Nigdina (Erewhon), znakovito predvidio da bi strojevi mogli razviti svijest. \u010citavo dvadeseto stolje\u0107e u podru\u010dju znanstvene fantastike obilje\u017eili su Isaac Asimov, Robert A. Heinlein i Arthur C. Clarke.&nbsp;<\/div>\n<\/div>\n<div class=\"x11i5rnm xat24cr x1mh8g0r x1vvkbs xtlvy1s x126k92a\">\n<div dir=\"auto\">Mo\u017eemo re\u0107i da je primjena umjetne inteligencije postala ve\u0107 dio na\u0161e svakodnevice. Pametni satovi, pametni gradovi, pretra\u017eivanje informacija, komunikacija, prostorno snala\u017eenje, ogla\u0161avanje\u2026 U kojoj se mjeri danas oslanjamo na tehnologiju i umjetnu inteligenciju, a u kojoj na vlastita znanja i resurse?&nbsp;<\/div>\n<div dir=\"auto\">\u2028Mo\u017ee li umjetna inteligencija biti korisna i za knjigu i \u010ditanje? Kako? Ho\u0107e li umjetna inteligencija u nekom trenutku mo\u0107i potpuno zamijeniti \u010dovjeka? Mo\u017ee li stroj postati uspje\u0161an autor? \u0160to bi to moglo zna\u010diti za umjetnost, osobito za knji\u017eevnost? snala\u017eenje, ogla\u0161avanje\u2026 U kojoj se mjeri danas oslanjamo na tehnologiju i umjetnu inteligenciju, a u kojoj na vlastita znanja i resurse?<\/div>\n<\/div>\n<div dir=\"auto\">\n<div class=\"x11i5rnm xat24cr x1mh8g0r x1vvkbs xdj266r x126k92a\">&nbsp;<\/div>\n<div class=\"x11i5rnm xat24cr x1mh8g0r x1vvkbs xtlvy1s x126k92a\">\n<div dir=\"auto\"><a href=\"http:\/\/knjiznice.nsk.hr\/opuzen\/wp-content\/uploads\/sites\/53\/2023\/04\/MV5BMTQzYWYwYjctY2JhZS00NTYzLTllM2UtZWY5ZTk0NmYwYzIyXkEyXkFqcGdeQXVyMzgxODM4NjM@._V1_.jpg\"><img loading=\"lazy\" class=\"alignnone size-full wp-image-1771\" src=\"http:\/\/knjiznice.nsk.hr\/opuzen\/wp-content\/uploads\/sites\/53\/2023\/04\/MV5BMTQzYWYwYjctY2JhZS00NTYzLTllM2UtZWY5ZTk0NmYwYzIyXkEyXkFqcGdeQXVyMzgxODM4NjM@._V1_.jpg\" alt=\"\" width=\"1382\" height=\"2047\" srcset=\"https:\/\/knjiznice.nsk.hr\/opuzen\/wp-content\/uploads\/sites\/53\/2023\/04\/MV5BMTQzYWYwYjctY2JhZS00NTYzLTllM2UtZWY5ZTk0NmYwYzIyXkEyXkFqcGdeQXVyMzgxODM4NjM@._V1_.jpg 1382w, https:\/\/knjiznice.nsk.hr\/opuzen\/wp-content\/uploads\/sites\/53\/2023\/04\/MV5BMTQzYWYwYjctY2JhZS00NTYzLTllM2UtZWY5ZTk0NmYwYzIyXkEyXkFqcGdeQXVyMzgxODM4NjM@._V1_-203x300.jpg 203w, https:\/\/knjiznice.nsk.hr\/opuzen\/wp-content\/uploads\/sites\/53\/2023\/04\/MV5BMTQzYWYwYjctY2JhZS00NTYzLTllM2UtZWY5ZTk0NmYwYzIyXkEyXkFqcGdeQXVyMzgxODM4NjM@._V1_-691x1024.jpg 691w, https:\/\/knjiznice.nsk.hr\/opuzen\/wp-content\/uploads\/sites\/53\/2023\/04\/MV5BMTQzYWYwYjctY2JhZS00NTYzLTllM2UtZWY5ZTk0NmYwYzIyXkEyXkFqcGdeQXVyMzgxODM4NjM@._V1_-768x1138.jpg 768w, https:\/\/knjiznice.nsk.hr\/opuzen\/wp-content\/uploads\/sites\/53\/2023\/04\/MV5BMTQzYWYwYjctY2JhZS00NTYzLTllM2UtZWY5ZTk0NmYwYzIyXkEyXkFqcGdeQXVyMzgxODM4NjM@._V1_-600x889.jpg 600w, https:\/\/knjiznice.nsk.hr\/opuzen\/wp-content\/uploads\/sites\/53\/2023\/04\/MV5BMTQzYWYwYjctY2JhZS00NTYzLTllM2UtZWY5ZTk0NmYwYzIyXkEyXkFqcGdeQXVyMzgxODM4NjM@._V1_-1037x1536.jpg 1037w\" sizes=\"(max-width: 1382px) 100vw, 1382px\" \/><\/a><\/div>\n<\/div>\n<\/div>\n<div dir=\"auto\">&nbsp;<\/div>\n","protected":false},"excerpt":{"rendered":"<p>U povodu manifestacije No\u0107 knjige 2023. u petak u 18:30h u knji\u017enici \u0107emo gledati film Alita: An\u0111eo borbe. Prijave su obavezne jer moramo pripremiti sjedala. \u201eNo\u0107 knjige\u201c, ve\u0107 tradicionalna manifestacija koja u fokus stavlja knjigu i \u010ditanje, a ve\u017ee se uz dva va\u017ena datuma: Svjetski dan knjige i autorskih prava (23. travnja) i Dan hrvatske [&hellip;]<\/p>\n","protected":false},"author":49,"featured_media":0,"comment_status":"closed","ping_status":"closed","sticky":false,"template":"","format":"standard","meta":{"ngg_post_thumbnail":0},"categories":[1,19],"tags":[],"yoast_head":"<!-- This site is optimized with the Yoast SEO plugin v16.4 - https:\/\/yoast.com\/wordpress\/plugins\/seo\/ -->\n<meta name=\"robots\" content=\"index, follow, max-snippet:-1, max-image-preview:large, max-video-preview:-1\" \/>\n<link rel=\"canonical\" href=\"https:\/\/knjiznice.nsk.hr\/opuzen\/2023\/04\/19\/noc-knjige-2023\/\" \/>\n<meta property=\"og:locale\" content=\"hr_HR\" \/>\n<meta property=\"og:type\" content=\"article\" \/>\n<meta property=\"og:title\" content=\"No\u0107 knjige 2023. - Gradska knji\u017enica Opuzen\" \/>\n<meta property=\"og:description\" content=\"U povodu manifestacije No\u0107 knjige 2023. u petak u 18:30h u knji\u017enici \u0107emo gledati film Alita: An\u0111eo borbe. Prijave su obavezne jer moramo pripremiti sjedala. \u201eNo\u0107 knjige\u201c, ve\u0107 tradicionalna manifestacija koja u fokus stavlja knjigu i \u010ditanje, a ve\u017ee se uz dva va\u017ena datuma: Svjetski dan knjige i autorskih prava (23. travnja) i Dan hrvatske [&hellip;]\" \/>\n<meta property=\"og:url\" content=\"https:\/\/knjiznice.nsk.hr\/opuzen\/2023\/04\/19\/noc-knjige-2023\/\" \/>\n<meta property=\"og:site_name\" content=\"Gradska knji\u017enica Opuzen\" \/>\n<meta property=\"article:author\" content=\"https:\/\/www.facebook.com\/library.opz\/\" \/>\n<meta property=\"article:published_time\" content=\"2023-04-19T17:59:19+00:00\" \/>\n<meta property=\"article:modified_time\" content=\"2023-04-21T18:01:08+00:00\" \/>\n<meta property=\"og:image\" content=\"http:\/\/knjiznice.nsk.hr\/opuzen\/wp-content\/uploads\/sites\/53\/2023\/04\/MV5BMTQzYWYwYjctY2JhZS00NTYzLTllM2UtZWY5ZTk0NmYwYzIyXkEyXkFqcGdeQXVyMzgxODM4NjM@._V1_.jpg\" \/>\n<meta name=\"twitter:label1\" content=\"Procijenjeno vrijeme \u010ditanja\" \/>\n\t<meta name=\"twitter:data1\" content=\"2 minute\" \/>\n<script type=\"application\/ld+json\" class=\"yoast-schema-graph\">{\"@context\":\"https:\/\/schema.org\",\"@graph\":[{\"@type\":\"WebSite\",\"@id\":\"http:\/\/knjiznice.nsk.hr\/opuzen\/#website\",\"url\":\"http:\/\/knjiznice.nsk.hr\/opuzen\/\",\"name\":\"Gradska knji\\u017enica Opuzen\",\"description\":\"\\u201cA reader lives a thousand lives before he dies. The man who never reads lives only one.\\u201d\",\"potentialAction\":[{\"@type\":\"SearchAction\",\"target\":\"http:\/\/knjiznice.nsk.hr\/opuzen\/?s={search_term_string}\",\"query-input\":\"required name=search_term_string\"}],\"inLanguage\":\"hr\"},{\"@type\":\"ImageObject\",\"@id\":\"https:\/\/knjiznice.nsk.hr\/opuzen\/2023\/04\/19\/noc-knjige-2023\/#primaryimage\",\"inLanguage\":\"hr\",\"url\":\"http:\/\/knjiznice.nsk.hr\/opuzen\/wp-content\/uploads\/sites\/53\/2023\/04\/MV5BMTQzYWYwYjctY2JhZS00NTYzLTllM2UtZWY5ZTk0NmYwYzIyXkEyXkFqcGdeQXVyMzgxODM4NjM@._V1_.jpg\",\"contentUrl\":\"http:\/\/knjiznice.nsk.hr\/opuzen\/wp-content\/uploads\/sites\/53\/2023\/04\/MV5BMTQzYWYwYjctY2JhZS00NTYzLTllM2UtZWY5ZTk0NmYwYzIyXkEyXkFqcGdeQXVyMzgxODM4NjM@._V1_.jpg\"},{\"@type\":\"WebPage\",\"@id\":\"https:\/\/knjiznice.nsk.hr\/opuzen\/2023\/04\/19\/noc-knjige-2023\/#webpage\",\"url\":\"https:\/\/knjiznice.nsk.hr\/opuzen\/2023\/04\/19\/noc-knjige-2023\/\",\"name\":\"No\\u0107 knjige 2023. - Gradska knji\\u017enica Opuzen\",\"isPartOf\":{\"@id\":\"http:\/\/knjiznice.nsk.hr\/opuzen\/#website\"},\"primaryImageOfPage\":{\"@id\":\"https:\/\/knjiznice.nsk.hr\/opuzen\/2023\/04\/19\/noc-knjige-2023\/#primaryimage\"},\"datePublished\":\"2023-04-19T17:59:19+00:00\",\"dateModified\":\"2023-04-21T18:01:08+00:00\",\"author\":{\"@id\":\"http:\/\/knjiznice.nsk.hr\/opuzen\/#\/schema\/person\/9f30f8e2c624a6cd9c89e5049d09c867\"},\"breadcrumb\":{\"@id\":\"https:\/\/knjiznice.nsk.hr\/opuzen\/2023\/04\/19\/noc-knjige-2023\/#breadcrumb\"},\"inLanguage\":\"hr\",\"potentialAction\":[{\"@type\":\"ReadAction\",\"target\":[\"https:\/\/knjiznice.nsk.hr\/opuzen\/2023\/04\/19\/noc-knjige-2023\/\"]}]},{\"@type\":\"BreadcrumbList\",\"@id\":\"https:\/\/knjiznice.nsk.hr\/opuzen\/2023\/04\/19\/noc-knjige-2023\/#breadcrumb\",\"itemListElement\":[{\"@type\":\"ListItem\",\"position\":1,\"item\":{\"@type\":\"WebPage\",\"@id\":\"http:\/\/knjiznice.nsk.hr\/opuzen\/\",\"url\":\"http:\/\/knjiznice.nsk.hr\/opuzen\/\",\"name\":\"Po\\u010detna stranica\"}},{\"@type\":\"ListItem\",\"position\":2,\"item\":{\"@id\":\"https:\/\/knjiznice.nsk.hr\/opuzen\/2023\/04\/19\/noc-knjige-2023\/#webpage\"}}]},{\"@type\":\"Person\",\"@id\":\"http:\/\/knjiznice.nsk.hr\/opuzen\/#\/schema\/person\/9f30f8e2c624a6cd9c89e5049d09c867\",\"name\":\"opuzen\",\"image\":{\"@type\":\"ImageObject\",\"@id\":\"http:\/\/knjiznice.nsk.hr\/opuzen\/#personlogo\",\"inLanguage\":\"hr\",\"url\":\"https:\/\/secure.gravatar.com\/avatar\/6ad99d4ac4e88a3228a8e642b15667c4?s=96&d=mm&r=g\",\"contentUrl\":\"https:\/\/secure.gravatar.com\/avatar\/6ad99d4ac4e88a3228a8e642b15667c4?s=96&d=mm&r=g\",\"caption\":\"opuzen\"},\"sameAs\":[\"https:\/\/www.facebook.com\/library.opz\/\",\"https:\/\/www.instagram.com\/gkopuzen\/?hl=hr\"],\"url\":\"https:\/\/knjiznice.nsk.hr\/opuzen\/\"}]}<\/script>\n<!-- \/ Yoast SEO plugin. -->","_links":{"self":[{"href":"https:\/\/knjiznice.nsk.hr\/opuzen\/wp-json\/wp\/v2\/posts\/1770"}],"collection":[{"href":"https:\/\/knjiznice.nsk.hr\/opuzen\/wp-json\/wp\/v2\/posts"}],"about":[{"href":"https:\/\/knjiznice.nsk.hr\/opuzen\/wp-json\/wp\/v2\/types\/post"}],"author":[{"embeddable":true,"href":"https:\/\/knjiznice.nsk.hr\/opuzen\/wp-json\/wp\/v2\/users\/49"}],"replies":[{"embeddable":true,"href":"https:\/\/knjiznice.nsk.hr\/opuzen\/wp-json\/wp\/v2\/comments?post=1770"}],"version-history":[{"count":1,"href":"https:\/\/knjiznice.nsk.hr\/opuzen\/wp-json\/wp\/v2\/posts\/1770\/revisions"}],"predecessor-version":[{"id":1772,"href":"https:\/\/knjiznice.nsk.hr\/opuzen\/wp-json\/wp\/v2\/posts\/1770\/revisions\/1772"}],"wp:attachment":[{"href":"https:\/\/knjiznice.nsk.hr\/opuzen\/wp-json\/wp\/v2\/media?parent=1770"}],"wp:term":[{"taxonomy":"category","embeddable":true,"href":"https:\/\/knjiznice.nsk.hr\/opuzen\/wp-json\/wp\/v2\/categories?post=1770"},{"taxonomy":"post_tag","embeddable":true,"href":"https:\/\/knjiznice.nsk.hr\/opuzen\/wp-json\/wp\/v2\/tags?post=1770"}],"curies":[{"name":"wp","href":"https:\/\/api.w.org\/{rel}","templated":true}]}}