{"id":1754,"date":"2023-03-21T12:30:59","date_gmt":"2023-03-21T12:30:59","guid":{"rendered":"http:\/\/knjiznice.nsk.hr\/opuzen\/?p=1754"},"modified":"2023-03-21T12:30:59","modified_gmt":"2023-03-21T12:30:59","slug":"svjetski-dan-poezije-2","status":"publish","type":"post","link":"https:\/\/knjiznice.nsk.hr\/opuzen\/2023\/03\/21\/svjetski-dan-poezije-2\/","title":{"rendered":"Svjetski dan poezije"},"content":{"rendered":"<p>Dobri\u0161a Cesari\u0107 &#8211; Pjesma mrtvog pjesnika<\/p>\n<p>Moj prijatelju, mene vi\u0161e nema,<br \/>\nAl nisam samo zemlja, samo trava,<br \/>\nJer knjiga ta, \u0161to dr\u017ei\u0161 je u ruci,<br \/>\nSamo je dio mene koji spava.<br \/>\nI ko je \u010dita &#8211; u \u017eivot me budi.<br \/>\nProbudi me, i bit \u0107u tvoja java.<\/p>\n<p>Ja nemam vi\u0161e prolje\u0107a i ljeta,<br \/>\nJeseni nemam, niti zima.<br \/>\nSiroti mrtvac ja sam, koji u se<br \/>\nNi\u0161ta od svijeta ne mo\u017ee da prima.<br \/>\nI \u0161to od svijetlog osta mi \u017eivota,<br \/>\nU zagrljaju ostalo je rima.<\/p>\n<p>Pred smr\u0107u ja se skrih (koliko mogoh)<br \/>\nU stihove. U \u017earu sam ih kovo,<br \/>\nAl zatvori\u0161 li za njih svoje srce,<br \/>\nOni su samo sjen i mrtvo slovo.<br \/>\nOtvori ga, i ja \u0107u u te prije\u0107i<br \/>\nKo bujna rijeka u korito novo.<\/p>\n<p>Jo\u0161 koji \u010dasak htio bih da \u017eivim<br \/>\nU grudima ti. Sve svoje ljepote<br \/>\nJa \u0107u ti dati. Sve misli, sve snove,<br \/>\nSve \u0161to mi vrijeme nemilosno ote,<br \/>\nSve zanose, sve ljubavi, sve nade,<br \/>\nSve uspomene &#8212; o mrtvi \u017eivote!<\/p>\n<p>Povrati me u moje stare dane!<br \/>\nJa ho\u0107u svjetla! Sunca, koje zlati<br \/>\nSve \u010deg se takne. Ja topline ho\u0107u<br \/>\nI obzorja, moj dru\u017ee nepoznati.<br \/>\nI zanosa! i zvijezda, kojih nema<br \/>\nU mojoj no\u0107i. Njih mi, dragi, vrati.<\/p>\n<p>Ko oko svjetla leptirice no\u0107ne<br \/>\nOko \u017eivota tu\u017ealjke mi kru\u017ee.<br \/>\nPomozi mi da dignem svoje vje\u0111e,<br \/>\nDa ruke mi se u \u010deznu\u0107u pru\u017ee.<br \/>\nJa ho\u0107u biti mlad, ja ho\u0107u ljubit,<br \/>\nI biti ljubljen, moj neznani dru\u017ee!<\/p>\n<p>Sav \u017eivot moj u tvojoj sad je ruci.<br \/>\nProbudi me! Pro\u017eivjet \u0107emo oba<br \/>\nSve moje stihom zadr\u017eane sate,<br \/>\nSve sa\u010duvane sne iz davnog doba.<br \/>\nPred vratima \u017eivota ja sam prosjak.<br \/>\n\u010cuj moje kucanje! Moj glas iz groba!<\/p>\n<p><a href=\"http:\/\/knjiznice.nsk.hr\/opuzen\/wp-content\/uploads\/sites\/53\/2023\/03\/Svjetski-dan-poezije-Dobrisa-1.png\"><img loading=\"lazy\" class=\"alignnone size-full wp-image-1756\" src=\"http:\/\/knjiznice.nsk.hr\/opuzen\/wp-content\/uploads\/sites\/53\/2023\/03\/Svjetski-dan-poezije-Dobrisa-1.png\" alt=\"\" width=\"1080\" height=\"1080\" srcset=\"https:\/\/knjiznice.nsk.hr\/opuzen\/wp-content\/uploads\/sites\/53\/2023\/03\/Svjetski-dan-poezije-Dobrisa-1.png 1080w, https:\/\/knjiznice.nsk.hr\/opuzen\/wp-content\/uploads\/sites\/53\/2023\/03\/Svjetski-dan-poezije-Dobrisa-1-300x300.png 300w, https:\/\/knjiznice.nsk.hr\/opuzen\/wp-content\/uploads\/sites\/53\/2023\/03\/Svjetski-dan-poezije-Dobrisa-1-1024x1024.png 1024w, https:\/\/knjiznice.nsk.hr\/opuzen\/wp-content\/uploads\/sites\/53\/2023\/03\/Svjetski-dan-poezije-Dobrisa-1-150x150.png 150w, https:\/\/knjiznice.nsk.hr\/opuzen\/wp-content\/uploads\/sites\/53\/2023\/03\/Svjetski-dan-poezije-Dobrisa-1-768x768.png 768w, https:\/\/knjiznice.nsk.hr\/opuzen\/wp-content\/uploads\/sites\/53\/2023\/03\/Svjetski-dan-poezije-Dobrisa-1-600x600.png 600w\" sizes=\"(max-width: 1080px) 100vw, 1080px\" \/><\/a><\/p>\n","protected":false},"excerpt":{"rendered":"<p>Dobri\u0161a Cesari\u0107 &#8211; Pjesma mrtvog pjesnika Moj prijatelju, mene vi\u0161e nema, Al nisam samo zemlja, samo trava, Jer knjiga ta, \u0161to dr\u017ei\u0161 je u ruci, Samo je dio mene koji spava. I ko je \u010dita &#8211; u \u017eivot me budi. Probudi me, i bit \u0107u tvoja java. Ja nemam vi\u0161e prolje\u0107a i ljeta, Jeseni nemam, [&hellip;]<\/p>\n","protected":false},"author":49,"featured_media":0,"comment_status":"closed","ping_status":"closed","sticky":false,"template":"","format":"standard","meta":{"ngg_post_thumbnail":0},"categories":[1],"tags":[],"yoast_head":"<!-- This site is optimized with the Yoast SEO plugin v16.4 - https:\/\/yoast.com\/wordpress\/plugins\/seo\/ -->\n<meta name=\"robots\" content=\"index, follow, max-snippet:-1, max-image-preview:large, max-video-preview:-1\" \/>\n<link rel=\"canonical\" href=\"http:\/\/knjiznice.nsk.hr\/opuzen\/2023\/03\/21\/svjetski-dan-poezije-2\/\" \/>\n<meta property=\"og:locale\" content=\"hr_HR\" \/>\n<meta property=\"og:type\" content=\"article\" \/>\n<meta property=\"og:title\" content=\"Svjetski dan poezije - Gradska knji\u017enica Opuzen\" \/>\n<meta property=\"og:description\" content=\"Dobri\u0161a Cesari\u0107 &#8211; Pjesma mrtvog pjesnika Moj prijatelju, mene vi\u0161e nema, Al nisam samo zemlja, samo trava, Jer knjiga ta, \u0161to dr\u017ei\u0161 je u ruci, Samo je dio mene koji spava. I ko je \u010dita &#8211; u \u017eivot me budi. Probudi me, i bit \u0107u tvoja java. Ja nemam vi\u0161e prolje\u0107a i ljeta, Jeseni nemam, [&hellip;]\" \/>\n<meta property=\"og:url\" content=\"http:\/\/knjiznice.nsk.hr\/opuzen\/2023\/03\/21\/svjetski-dan-poezije-2\/\" \/>\n<meta property=\"og:site_name\" content=\"Gradska knji\u017enica Opuzen\" \/>\n<meta property=\"article:author\" content=\"https:\/\/www.facebook.com\/library.opz\/\" \/>\n<meta property=\"article:published_time\" content=\"2023-03-21T12:30:59+00:00\" \/>\n<meta property=\"og:image\" content=\"http:\/\/knjiznice.nsk.hr\/opuzen\/wp-content\/uploads\/sites\/53\/2023\/03\/Svjetski-dan-poezije-Dobrisa-1.png\" \/>\n<meta name=\"twitter:label1\" content=\"Procijenjeno vrijeme \u010ditanja\" \/>\n\t<meta name=\"twitter:data1\" content=\"2 minute\" \/>\n<script type=\"application\/ld+json\" class=\"yoast-schema-graph\">{\"@context\":\"https:\/\/schema.org\",\"@graph\":[{\"@type\":\"WebSite\",\"@id\":\"http:\/\/knjiznice.nsk.hr\/opuzen\/#website\",\"url\":\"http:\/\/knjiznice.nsk.hr\/opuzen\/\",\"name\":\"Gradska knji\\u017enica Opuzen\",\"description\":\"\\u201cA reader lives a thousand lives before he dies. The man who never reads lives only one.\\u201d\",\"potentialAction\":[{\"@type\":\"SearchAction\",\"target\":\"http:\/\/knjiznice.nsk.hr\/opuzen\/?s={search_term_string}\",\"query-input\":\"required name=search_term_string\"}],\"inLanguage\":\"hr\"},{\"@type\":\"ImageObject\",\"@id\":\"http:\/\/knjiznice.nsk.hr\/opuzen\/2023\/03\/21\/svjetski-dan-poezije-2\/#primaryimage\",\"inLanguage\":\"hr\",\"url\":\"http:\/\/knjiznice.nsk.hr\/opuzen\/wp-content\/uploads\/sites\/53\/2023\/03\/Svjetski-dan-poezije-Dobrisa-1.png\",\"contentUrl\":\"http:\/\/knjiznice.nsk.hr\/opuzen\/wp-content\/uploads\/sites\/53\/2023\/03\/Svjetski-dan-poezije-Dobrisa-1.png\"},{\"@type\":\"WebPage\",\"@id\":\"http:\/\/knjiznice.nsk.hr\/opuzen\/2023\/03\/21\/svjetski-dan-poezije-2\/#webpage\",\"url\":\"http:\/\/knjiznice.nsk.hr\/opuzen\/2023\/03\/21\/svjetski-dan-poezije-2\/\",\"name\":\"Svjetski dan poezije - Gradska knji\\u017enica Opuzen\",\"isPartOf\":{\"@id\":\"http:\/\/knjiznice.nsk.hr\/opuzen\/#website\"},\"primaryImageOfPage\":{\"@id\":\"http:\/\/knjiznice.nsk.hr\/opuzen\/2023\/03\/21\/svjetski-dan-poezije-2\/#primaryimage\"},\"datePublished\":\"2023-03-21T12:30:59+00:00\",\"dateModified\":\"2023-03-21T12:30:59+00:00\",\"author\":{\"@id\":\"http:\/\/knjiznice.nsk.hr\/opuzen\/#\/schema\/person\/9f30f8e2c624a6cd9c89e5049d09c867\"},\"breadcrumb\":{\"@id\":\"http:\/\/knjiznice.nsk.hr\/opuzen\/2023\/03\/21\/svjetski-dan-poezije-2\/#breadcrumb\"},\"inLanguage\":\"hr\",\"potentialAction\":[{\"@type\":\"ReadAction\",\"target\":[\"http:\/\/knjiznice.nsk.hr\/opuzen\/2023\/03\/21\/svjetski-dan-poezije-2\/\"]}]},{\"@type\":\"BreadcrumbList\",\"@id\":\"http:\/\/knjiznice.nsk.hr\/opuzen\/2023\/03\/21\/svjetski-dan-poezije-2\/#breadcrumb\",\"itemListElement\":[{\"@type\":\"ListItem\",\"position\":1,\"item\":{\"@type\":\"WebPage\",\"@id\":\"http:\/\/knjiznice.nsk.hr\/opuzen\/\",\"url\":\"http:\/\/knjiznice.nsk.hr\/opuzen\/\",\"name\":\"Po\\u010detna stranica\"}},{\"@type\":\"ListItem\",\"position\":2,\"item\":{\"@id\":\"http:\/\/knjiznice.nsk.hr\/opuzen\/2023\/03\/21\/svjetski-dan-poezije-2\/#webpage\"}}]},{\"@type\":\"Person\",\"@id\":\"http:\/\/knjiznice.nsk.hr\/opuzen\/#\/schema\/person\/9f30f8e2c624a6cd9c89e5049d09c867\",\"name\":\"opuzen\",\"image\":{\"@type\":\"ImageObject\",\"@id\":\"http:\/\/knjiznice.nsk.hr\/opuzen\/#personlogo\",\"inLanguage\":\"hr\",\"url\":\"https:\/\/secure.gravatar.com\/avatar\/6ad99d4ac4e88a3228a8e642b15667c4?s=96&d=mm&r=g\",\"contentUrl\":\"https:\/\/secure.gravatar.com\/avatar\/6ad99d4ac4e88a3228a8e642b15667c4?s=96&d=mm&r=g\",\"caption\":\"opuzen\"},\"sameAs\":[\"https:\/\/www.facebook.com\/library.opz\/\",\"https:\/\/www.instagram.com\/gkopuzen\/?hl=hr\"],\"url\":\"https:\/\/knjiznice.nsk.hr\/opuzen\/\"}]}<\/script>\n<!-- \/ Yoast SEO plugin. -->","_links":{"self":[{"href":"https:\/\/knjiznice.nsk.hr\/opuzen\/wp-json\/wp\/v2\/posts\/1754"}],"collection":[{"href":"https:\/\/knjiznice.nsk.hr\/opuzen\/wp-json\/wp\/v2\/posts"}],"about":[{"href":"https:\/\/knjiznice.nsk.hr\/opuzen\/wp-json\/wp\/v2\/types\/post"}],"author":[{"embeddable":true,"href":"https:\/\/knjiznice.nsk.hr\/opuzen\/wp-json\/wp\/v2\/users\/49"}],"replies":[{"embeddable":true,"href":"https:\/\/knjiznice.nsk.hr\/opuzen\/wp-json\/wp\/v2\/comments?post=1754"}],"version-history":[{"count":1,"href":"https:\/\/knjiznice.nsk.hr\/opuzen\/wp-json\/wp\/v2\/posts\/1754\/revisions"}],"predecessor-version":[{"id":1757,"href":"https:\/\/knjiznice.nsk.hr\/opuzen\/wp-json\/wp\/v2\/posts\/1754\/revisions\/1757"}],"wp:attachment":[{"href":"https:\/\/knjiznice.nsk.hr\/opuzen\/wp-json\/wp\/v2\/media?parent=1754"}],"wp:term":[{"taxonomy":"category","embeddable":true,"href":"https:\/\/knjiznice.nsk.hr\/opuzen\/wp-json\/wp\/v2\/categories?post=1754"},{"taxonomy":"post_tag","embeddable":true,"href":"https:\/\/knjiznice.nsk.hr\/opuzen\/wp-json\/wp\/v2\/tags?post=1754"}],"curies":[{"name":"wp","href":"https:\/\/api.w.org\/{rel}","templated":true}]}}