{"id":1651,"date":"2023-01-30T12:43:33","date_gmt":"2023-01-30T12:43:33","guid":{"rendered":"http:\/\/knjiznice.nsk.hr\/opuzen\/?p=1651"},"modified":"2023-01-30T12:43:33","modified_gmt":"2023-01-30T12:43:33","slug":"svjetski-dan-citanja-naglas","status":"publish","type":"post","link":"https:\/\/knjiznice.nsk.hr\/opuzen\/2023\/01\/30\/svjetski-dan-citanja-naglas\/","title":{"rendered":"Svjetski dan \u010ditanja naglas"},"content":{"rendered":"<div class=\"x11i5rnm xat24cr x1mh8g0r x1vvkbs xdj266r x126k92a\">\n<div dir=\"auto\">Svjetski dan \u010ditanja naglas obilje\u017eava se 1. velja\u010de 2023. U svakoj zemlji obilje\u017eava se druga\u010dije, ovisno o njezinom razvoju, mogu\u0107nostima i potrebama.<\/div>\n<\/div>\n<div class=\"x11i5rnm xat24cr x1mh8g0r x1vvkbs xtlvy1s x126k92a\">\n<div dir=\"auto\">\u010citanje naglas razvija vje\u0161tinu slu\u0161anja, oboga\u0107uje rje\u010dnik, razvija razumijevanje za dru\u0161tvene probleme i \u010dimbenik je budu\u0107eg uspje\u0161nog razvoja djeteta. \u010citajmo djeci naglas gdje god i kad god stignemo \u010dime podr\u017eavamo i nacionalnu kampanju \u201c\u010citaj mi!\u201d.<\/div>\n<div dir=\"auto\">Svjetski dan \u010ditanja naglas trebao bi pokazati svijetu kako pravo na \u010ditanje i pisanje pripada svima. Djeca i odrasli \u0161irom svijeta, slave\u0107i mo\u0107 rije\u010di kreiraju dru\u0161tvo koje \u0107e omogu\u0107iti svakom, ba\u0161 svakom djetetu pravo na obrazovanje te pristup knjigama i tehnologiji.<\/div>\n<\/div>\n<div class=\"x11i5rnm xat24cr x1mh8g0r x1vvkbs xtlvy1s x126k92a\">\n<div dir=\"auto\">\u010citajte djeci, svaki dan i neka vam \u010ditanje naglas postane svakodnevica! <span class=\"x3nfvp2 x1j61x8r x1fcty0u xdj266r xhhsvwb xat24cr xgzva0m xxymvpz xlup9mm x1kky2od\"><img loading=\"lazy\" src=\"https:\/\/static.xx.fbcdn.net\/images\/emoji.php\/v9\/ta2\/1.5\/16\/1f4da.png\" alt=\"&#x1f4da;\" width=\"16\" height=\"16\"><\/span><span class=\"x3nfvp2 x1j61x8r x1fcty0u xdj266r xhhsvwb xat24cr xgzva0m xxymvpz xlup9mm x1kky2od\"><img loading=\"lazy\" src=\"https:\/\/static.xx.fbcdn.net\/images\/emoji.php\/v9\/tf7\/1.5\/16\/1f4d6.png\" alt=\"&#x1f4d6;\" width=\"16\" height=\"16\"><\/span><span class=\"x3nfvp2 x1j61x8r x1fcty0u xdj266r xhhsvwb xat24cr xgzva0m xxymvpz xlup9mm x1kky2od\"><img loading=\"lazy\" src=\"https:\/\/static.xx.fbcdn.net\/images\/emoji.php\/v9\/tf7\/1.5\/16\/1f4d6.png\" alt=\"&#x1f4d6;\" width=\"16\" height=\"16\"><\/span><\/div>\n<\/div>\n<div dir=\"auto\">&nbsp;<\/div>\n<div dir=\"auto\"><a href=\"http:\/\/knjiznice.nsk.hr\/opuzen\/wp-content\/uploads\/sites\/53\/2023\/01\/Kampanja-FB-cover-svjetski-dan-citanja-naglas-2023.png\"><img loading=\"lazy\" class=\"alignnone size-full wp-image-1652\" src=\"http:\/\/knjiznice.nsk.hr\/opuzen\/wp-content\/uploads\/sites\/53\/2023\/01\/Kampanja-FB-cover-svjetski-dan-citanja-naglas-2023.png\" alt=\"\" width=\"1700\" height=\"630\" srcset=\"https:\/\/knjiznice.nsk.hr\/opuzen\/wp-content\/uploads\/sites\/53\/2023\/01\/Kampanja-FB-cover-svjetski-dan-citanja-naglas-2023.png 1700w, https:\/\/knjiznice.nsk.hr\/opuzen\/wp-content\/uploads\/sites\/53\/2023\/01\/Kampanja-FB-cover-svjetski-dan-citanja-naglas-2023-300x111.png 300w, https:\/\/knjiznice.nsk.hr\/opuzen\/wp-content\/uploads\/sites\/53\/2023\/01\/Kampanja-FB-cover-svjetski-dan-citanja-naglas-2023-1024x379.png 1024w, https:\/\/knjiznice.nsk.hr\/opuzen\/wp-content\/uploads\/sites\/53\/2023\/01\/Kampanja-FB-cover-svjetski-dan-citanja-naglas-2023-768x285.png 768w, https:\/\/knjiznice.nsk.hr\/opuzen\/wp-content\/uploads\/sites\/53\/2023\/01\/Kampanja-FB-cover-svjetski-dan-citanja-naglas-2023-600x222.png 600w, https:\/\/knjiznice.nsk.hr\/opuzen\/wp-content\/uploads\/sites\/53\/2023\/01\/Kampanja-FB-cover-svjetski-dan-citanja-naglas-2023-1536x569.png 1536w\" sizes=\"(max-width: 1700px) 100vw, 1700px\" \/><\/a><\/div>\n<div class=\"x11i5rnm xat24cr x1mh8g0r x1vvkbs xtlvy1s x126k92a\">\n<div dir=\"auto\">&nbsp;<\/div>\n<\/div>\n","protected":false},"excerpt":{"rendered":"<p>Svjetski dan \u010ditanja naglas obilje\u017eava se 1. velja\u010de 2023. U svakoj zemlji obilje\u017eava se druga\u010dije, ovisno o njezinom razvoju, mogu\u0107nostima i potrebama. \u010citanje naglas razvija vje\u0161tinu slu\u0161anja, oboga\u0107uje rje\u010dnik, razvija razumijevanje za dru\u0161tvene probleme i \u010dimbenik je budu\u0107eg uspje\u0161nog razvoja djeteta. \u010citajmo djeci naglas gdje god i kad god stignemo \u010dime podr\u017eavamo i nacionalnu kampanju [&hellip;]<\/p>\n","protected":false},"author":49,"featured_media":0,"comment_status":"closed","ping_status":"closed","sticky":false,"template":"","format":"standard","meta":{"ngg_post_thumbnail":0},"categories":[1],"tags":[],"yoast_head":"<!-- This site is optimized with the Yoast SEO plugin v16.4 - https:\/\/yoast.com\/wordpress\/plugins\/seo\/ -->\n<meta name=\"robots\" content=\"index, follow, max-snippet:-1, max-image-preview:large, max-video-preview:-1\" \/>\n<link rel=\"canonical\" href=\"https:\/\/knjiznice.nsk.hr\/opuzen\/2023\/01\/30\/svjetski-dan-citanja-naglas\/\" \/>\n<meta property=\"og:locale\" content=\"hr_HR\" \/>\n<meta property=\"og:type\" content=\"article\" \/>\n<meta property=\"og:title\" content=\"Svjetski dan \u010ditanja naglas - Gradska knji\u017enica Opuzen\" \/>\n<meta property=\"og:description\" content=\"Svjetski dan \u010ditanja naglas obilje\u017eava se 1. velja\u010de 2023. U svakoj zemlji obilje\u017eava se druga\u010dije, ovisno o njezinom razvoju, mogu\u0107nostima i potrebama. \u010citanje naglas razvija vje\u0161tinu slu\u0161anja, oboga\u0107uje rje\u010dnik, razvija razumijevanje za dru\u0161tvene probleme i \u010dimbenik je budu\u0107eg uspje\u0161nog razvoja djeteta. \u010citajmo djeci naglas gdje god i kad god stignemo \u010dime podr\u017eavamo i nacionalnu kampanju [&hellip;]\" \/>\n<meta property=\"og:url\" content=\"https:\/\/knjiznice.nsk.hr\/opuzen\/2023\/01\/30\/svjetski-dan-citanja-naglas\/\" \/>\n<meta property=\"og:site_name\" content=\"Gradska knji\u017enica Opuzen\" \/>\n<meta property=\"article:author\" content=\"https:\/\/www.facebook.com\/library.opz\/\" \/>\n<meta property=\"article:published_time\" content=\"2023-01-30T12:43:33+00:00\" \/>\n<meta property=\"og:image\" content=\"https:\/\/static.xx.fbcdn.net\/images\/emoji.php\/v9\/ta2\/1.5\/16\/1f4da.png\" \/>\n<meta name=\"twitter:label1\" content=\"Procijenjeno vrijeme \u010ditanja\" \/>\n\t<meta name=\"twitter:data1\" content=\"2 minute\" \/>\n<script type=\"application\/ld+json\" class=\"yoast-schema-graph\">{\"@context\":\"https:\/\/schema.org\",\"@graph\":[{\"@type\":\"WebSite\",\"@id\":\"http:\/\/knjiznice.nsk.hr\/opuzen\/#website\",\"url\":\"http:\/\/knjiznice.nsk.hr\/opuzen\/\",\"name\":\"Gradska knji\\u017enica Opuzen\",\"description\":\"\\u201cA reader lives a thousand lives before he dies. The man who never reads lives only one.\\u201d\",\"potentialAction\":[{\"@type\":\"SearchAction\",\"target\":\"http:\/\/knjiznice.nsk.hr\/opuzen\/?s={search_term_string}\",\"query-input\":\"required name=search_term_string\"}],\"inLanguage\":\"hr\"},{\"@type\":\"ImageObject\",\"@id\":\"https:\/\/knjiznice.nsk.hr\/opuzen\/2023\/01\/30\/svjetski-dan-citanja-naglas\/#primaryimage\",\"inLanguage\":\"hr\",\"url\":\"https:\/\/static.xx.fbcdn.net\/images\/emoji.php\/v9\/ta2\/1.5\/16\/1f4da.png\",\"contentUrl\":\"https:\/\/static.xx.fbcdn.net\/images\/emoji.php\/v9\/ta2\/1.5\/16\/1f4da.png\"},{\"@type\":\"WebPage\",\"@id\":\"https:\/\/knjiznice.nsk.hr\/opuzen\/2023\/01\/30\/svjetski-dan-citanja-naglas\/#webpage\",\"url\":\"https:\/\/knjiznice.nsk.hr\/opuzen\/2023\/01\/30\/svjetski-dan-citanja-naglas\/\",\"name\":\"Svjetski dan \\u010ditanja naglas - Gradska knji\\u017enica Opuzen\",\"isPartOf\":{\"@id\":\"http:\/\/knjiznice.nsk.hr\/opuzen\/#website\"},\"primaryImageOfPage\":{\"@id\":\"https:\/\/knjiznice.nsk.hr\/opuzen\/2023\/01\/30\/svjetski-dan-citanja-naglas\/#primaryimage\"},\"datePublished\":\"2023-01-30T12:43:33+00:00\",\"dateModified\":\"2023-01-30T12:43:33+00:00\",\"author\":{\"@id\":\"http:\/\/knjiznice.nsk.hr\/opuzen\/#\/schema\/person\/9f30f8e2c624a6cd9c89e5049d09c867\"},\"breadcrumb\":{\"@id\":\"https:\/\/knjiznice.nsk.hr\/opuzen\/2023\/01\/30\/svjetski-dan-citanja-naglas\/#breadcrumb\"},\"inLanguage\":\"hr\",\"potentialAction\":[{\"@type\":\"ReadAction\",\"target\":[\"https:\/\/knjiznice.nsk.hr\/opuzen\/2023\/01\/30\/svjetski-dan-citanja-naglas\/\"]}]},{\"@type\":\"BreadcrumbList\",\"@id\":\"https:\/\/knjiznice.nsk.hr\/opuzen\/2023\/01\/30\/svjetski-dan-citanja-naglas\/#breadcrumb\",\"itemListElement\":[{\"@type\":\"ListItem\",\"position\":1,\"item\":{\"@type\":\"WebPage\",\"@id\":\"http:\/\/knjiznice.nsk.hr\/opuzen\/\",\"url\":\"http:\/\/knjiznice.nsk.hr\/opuzen\/\",\"name\":\"Po\\u010detna stranica\"}},{\"@type\":\"ListItem\",\"position\":2,\"item\":{\"@id\":\"https:\/\/knjiznice.nsk.hr\/opuzen\/2023\/01\/30\/svjetski-dan-citanja-naglas\/#webpage\"}}]},{\"@type\":\"Person\",\"@id\":\"http:\/\/knjiznice.nsk.hr\/opuzen\/#\/schema\/person\/9f30f8e2c624a6cd9c89e5049d09c867\",\"name\":\"opuzen\",\"image\":{\"@type\":\"ImageObject\",\"@id\":\"http:\/\/knjiznice.nsk.hr\/opuzen\/#personlogo\",\"inLanguage\":\"hr\",\"url\":\"https:\/\/secure.gravatar.com\/avatar\/6ad99d4ac4e88a3228a8e642b15667c4?s=96&d=mm&r=g\",\"contentUrl\":\"https:\/\/secure.gravatar.com\/avatar\/6ad99d4ac4e88a3228a8e642b15667c4?s=96&d=mm&r=g\",\"caption\":\"opuzen\"},\"sameAs\":[\"https:\/\/www.facebook.com\/library.opz\/\",\"https:\/\/www.instagram.com\/gkopuzen\/?hl=hr\"],\"url\":\"https:\/\/knjiznice.nsk.hr\/opuzen\/\"}]}<\/script>\n<!-- \/ Yoast SEO plugin. -->","_links":{"self":[{"href":"https:\/\/knjiznice.nsk.hr\/opuzen\/wp-json\/wp\/v2\/posts\/1651"}],"collection":[{"href":"https:\/\/knjiznice.nsk.hr\/opuzen\/wp-json\/wp\/v2\/posts"}],"about":[{"href":"https:\/\/knjiznice.nsk.hr\/opuzen\/wp-json\/wp\/v2\/types\/post"}],"author":[{"embeddable":true,"href":"https:\/\/knjiznice.nsk.hr\/opuzen\/wp-json\/wp\/v2\/users\/49"}],"replies":[{"embeddable":true,"href":"https:\/\/knjiznice.nsk.hr\/opuzen\/wp-json\/wp\/v2\/comments?post=1651"}],"version-history":[{"count":1,"href":"https:\/\/knjiznice.nsk.hr\/opuzen\/wp-json\/wp\/v2\/posts\/1651\/revisions"}],"predecessor-version":[{"id":1653,"href":"https:\/\/knjiznice.nsk.hr\/opuzen\/wp-json\/wp\/v2\/posts\/1651\/revisions\/1653"}],"wp:attachment":[{"href":"https:\/\/knjiznice.nsk.hr\/opuzen\/wp-json\/wp\/v2\/media?parent=1651"}],"wp:term":[{"taxonomy":"category","embeddable":true,"href":"https:\/\/knjiznice.nsk.hr\/opuzen\/wp-json\/wp\/v2\/categories?post=1651"},{"taxonomy":"post_tag","embeddable":true,"href":"https:\/\/knjiznice.nsk.hr\/opuzen\/wp-json\/wp\/v2\/tags?post=1651"}],"curies":[{"name":"wp","href":"https:\/\/api.w.org\/{rel}","templated":true}]}}