{"id":1356,"date":"2022-04-22T08:38:13","date_gmt":"2022-04-22T08:38:13","guid":{"rendered":"http:\/\/knjiznice.nsk.hr\/opuzen\/?p=1356"},"modified":"2022-04-22T08:52:43","modified_gmt":"2022-04-22T08:52:43","slug":"noc-knjige","status":"publish","type":"post","link":"https:\/\/knjiznice.nsk.hr\/opuzen\/2022\/04\/22\/noc-knjige\/","title":{"rendered":"No\u0107 knjige"},"content":{"rendered":"<p data-wahfont=\"16\">I ove godine 23. travnja u povodu Svjetskog dana knjige i autorskih prava (23. travnja) i Dana hrvatske knjige (22. travnja), organizira se jedanaesta <strong><a href=\"https:\/\/nocknjige.hr\/tekstx.php?k=49&amp;id=75\" data-wahfont=\"16\">No\u0107 knjige.<\/a><br \/>\n<\/strong>I mi smo ponovno uklju\u010deni u obilje\u017eavanje ove zna\u010dajne manifestacije u \u010dijem je fokusu knjiga.<br \/>\nTema ovogodi\u0161nje no\u0107i knjige je&nbsp;<strong>sloboda<\/strong>, odnosno&nbsp;<strong>knjiga kao prostor slobode<\/strong>.<\/p>\n<p class=\"ctitle\" data-wahfont=\"16\"><a href=\"https:\/\/nocknjige.hr\/tekstx.php?id=73&amp;k=49\" target=\"_blank\" rel=\"noopener\" data-wahfont=\"16\"><strong>ODA SLOBODI<\/strong><\/a><br \/>\n(tekst preuzet s mre\u017ene stranice No\u0107 knjige)<\/p>\n<p data-wahfont=\"16\"><em>O lijepa, o draga, o slatka slobodo<\/em>\u2026 \u017divljenja, govora, izbora, promi\u0161ljanja, ma\u0161te, pristupa, \u010ditanja, knjige!<\/p>\n<p data-wahfont=\"16\">Mnogi te danas zazivaju u mraku ratnih sukoba, a mi te tra\u017eimo na stranicama knjiga, \u0161ire\u0107i spoznaje o tebi i tvojem zna\u010daju. Uz njihovu pomo\u0107, dajemo ti nove definicije, u\u010dimo se prepoznavati situacije u kojima si izostala, shva\u0107amo kolika krila daje\u0161 svemu ondje gdje si prisutna.<\/p>\n<p data-wahfont=\"16\">Zahvaljuju\u0107i tebi,&nbsp;<em>o lijepa, o draga<\/em>, posje\u0107ujemo predjele u koje nas noge jo\u0161 nisu odvele, susre\u0107emo ljude koje nam o\u010di jo\u0161 nisu vidjele; pod tvojim okriljem na knji\u0161kim stranicama putujemo kroz prostor i vrijeme.<\/p>\n<p data-wahfont=\"16\">U No\u0107i knjige 2022. ispisujemo ti odu u \u010ditavoj lepezi tvojih mnogostrukih zna\u010denja. A slave\u0107i te, istra\u017eujemo i \u0161to sve za nas predstavlja\u0161, kako te \u017eivimo, izra\u017eavamo, kojim te bojama oslikavamo.<\/p>\n<p data-wahfont=\"16\"><strong>Program GKO:<\/strong><\/p>\n<p data-wahfont=\"16\"><strong>22. 4. (petak) i 25. 4. (ponedjeljak) Besplatan upis u knji\u017enicu<br \/>\n<\/strong>(besplatan upis u knji\u017enicu i besplatno obnavljanje \u010dlanstva)<\/p>\n<p data-wahfont=\"16\"><strong>27. 4. (utorak) RADIONICA<br \/>\n<\/strong>radionica na temu No\u0107 knjige, vi\u0161e detalja o radionici uskoro&#8230;<\/p>\n<p data-wahfont=\"16\"><a href=\"http:\/\/knjiznice.nsk.hr\/opuzen\/wp-content\/uploads\/sites\/53\/2022\/04\/1125-x-633-px-2.7-1-Facebook-Profile-Cover-Photo-1.jpg\"><img loading=\"lazy\" class=\"alignnone size-full wp-image-1358\" src=\"http:\/\/knjiznice.nsk.hr\/opuzen\/wp-content\/uploads\/sites\/53\/2022\/04\/1125-x-633-px-2.7-1-Facebook-Profile-Cover-Photo-1.jpg\" alt=\"\" width=\"1125\" height=\"633\" srcset=\"https:\/\/knjiznice.nsk.hr\/opuzen\/wp-content\/uploads\/sites\/53\/2022\/04\/1125-x-633-px-2.7-1-Facebook-Profile-Cover-Photo-1.jpg 1125w, https:\/\/knjiznice.nsk.hr\/opuzen\/wp-content\/uploads\/sites\/53\/2022\/04\/1125-x-633-px-2.7-1-Facebook-Profile-Cover-Photo-1-300x169.jpg 300w, https:\/\/knjiznice.nsk.hr\/opuzen\/wp-content\/uploads\/sites\/53\/2022\/04\/1125-x-633-px-2.7-1-Facebook-Profile-Cover-Photo-1-1024x576.jpg 1024w, https:\/\/knjiznice.nsk.hr\/opuzen\/wp-content\/uploads\/sites\/53\/2022\/04\/1125-x-633-px-2.7-1-Facebook-Profile-Cover-Photo-1-768x432.jpg 768w, https:\/\/knjiznice.nsk.hr\/opuzen\/wp-content\/uploads\/sites\/53\/2022\/04\/1125-x-633-px-2.7-1-Facebook-Profile-Cover-Photo-1-600x338.jpg 600w\" sizes=\"(max-width: 1125px) 100vw, 1125px\" \/><\/a><\/p>\n","protected":false},"excerpt":{"rendered":"<p>I ove godine 23. travnja u povodu Svjetskog dana knjige i autorskih prava (23. travnja) i Dana hrvatske knjige (22. travnja), organizira se jedanaesta No\u0107 knjige. I mi smo ponovno uklju\u010deni u obilje\u017eavanje ove zna\u010dajne manifestacije u \u010dijem je fokusu knjiga. Tema ovogodi\u0161nje no\u0107i knjige je&nbsp;sloboda, odnosno&nbsp;knjiga kao prostor slobode. ODA SLOBODI (tekst preuzet s [&hellip;]<\/p>\n","protected":false},"author":49,"featured_media":0,"comment_status":"closed","ping_status":"closed","sticky":false,"template":"","format":"standard","meta":{"ngg_post_thumbnail":0},"categories":[1,19],"tags":[54,87,61,86,69],"yoast_head":"<!-- This site is optimized with the Yoast SEO plugin v16.4 - https:\/\/yoast.com\/wordpress\/plugins\/seo\/ -->\n<meta name=\"robots\" content=\"index, follow, max-snippet:-1, max-image-preview:large, max-video-preview:-1\" \/>\n<link rel=\"canonical\" href=\"https:\/\/knjiznice.nsk.hr\/opuzen\/2022\/04\/22\/noc-knjige\/\" \/>\n<meta property=\"og:locale\" content=\"hr_HR\" \/>\n<meta property=\"og:type\" content=\"article\" \/>\n<meta property=\"og:title\" content=\"No\u0107 knjige - Gradska knji\u017enica Opuzen\" \/>\n<meta property=\"og:description\" content=\"I ove godine 23. travnja u povodu Svjetskog dana knjige i autorskih prava (23. travnja) i Dana hrvatske knjige (22. travnja), organizira se jedanaesta No\u0107 knjige. I mi smo ponovno uklju\u010deni u obilje\u017eavanje ove zna\u010dajne manifestacije u \u010dijem je fokusu knjiga. Tema ovogodi\u0161nje no\u0107i knjige je&nbsp;sloboda, odnosno&nbsp;knjiga kao prostor slobode. ODA SLOBODI (tekst preuzet s [&hellip;]\" \/>\n<meta property=\"og:url\" content=\"https:\/\/knjiznice.nsk.hr\/opuzen\/2022\/04\/22\/noc-knjige\/\" \/>\n<meta property=\"og:site_name\" content=\"Gradska knji\u017enica Opuzen\" \/>\n<meta property=\"article:author\" content=\"https:\/\/www.facebook.com\/library.opz\/\" \/>\n<meta property=\"article:published_time\" content=\"2022-04-22T08:38:13+00:00\" \/>\n<meta property=\"article:modified_time\" content=\"2022-04-22T08:52:43+00:00\" \/>\n<meta property=\"og:image\" content=\"http:\/\/knjiznice.nsk.hr\/opuzen\/wp-content\/uploads\/sites\/53\/2022\/04\/1125-x-633-px-2.7-1-Facebook-Profile-Cover-Photo-1.jpg\" \/>\n<meta name=\"twitter:label1\" content=\"Procijenjeno vrijeme \u010ditanja\" \/>\n\t<meta name=\"twitter:data1\" content=\"2 minute\" \/>\n<script type=\"application\/ld+json\" class=\"yoast-schema-graph\">{\"@context\":\"https:\/\/schema.org\",\"@graph\":[{\"@type\":\"WebSite\",\"@id\":\"https:\/\/knjiznice.nsk.hr\/opuzen\/#website\",\"url\":\"https:\/\/knjiznice.nsk.hr\/opuzen\/\",\"name\":\"Gradska knji\\u017enica Opuzen\",\"description\":\"\\u201cA reader lives a thousand lives before he dies. The man who never reads lives only one.\\u201d\",\"potentialAction\":[{\"@type\":\"SearchAction\",\"target\":\"https:\/\/knjiznice.nsk.hr\/opuzen\/?s={search_term_string}\",\"query-input\":\"required name=search_term_string\"}],\"inLanguage\":\"hr\"},{\"@type\":\"ImageObject\",\"@id\":\"https:\/\/knjiznice.nsk.hr\/opuzen\/2022\/04\/22\/noc-knjige\/#primaryimage\",\"inLanguage\":\"hr\",\"url\":\"http:\/\/knjiznice.nsk.hr\/opuzen\/wp-content\/uploads\/sites\/53\/2022\/04\/1125-x-633-px-2.7-1-Facebook-Profile-Cover-Photo-1.jpg\",\"contentUrl\":\"http:\/\/knjiznice.nsk.hr\/opuzen\/wp-content\/uploads\/sites\/53\/2022\/04\/1125-x-633-px-2.7-1-Facebook-Profile-Cover-Photo-1.jpg\"},{\"@type\":\"WebPage\",\"@id\":\"https:\/\/knjiznice.nsk.hr\/opuzen\/2022\/04\/22\/noc-knjige\/#webpage\",\"url\":\"https:\/\/knjiznice.nsk.hr\/opuzen\/2022\/04\/22\/noc-knjige\/\",\"name\":\"No\\u0107 knjige - Gradska knji\\u017enica Opuzen\",\"isPartOf\":{\"@id\":\"https:\/\/knjiznice.nsk.hr\/opuzen\/#website\"},\"primaryImageOfPage\":{\"@id\":\"https:\/\/knjiznice.nsk.hr\/opuzen\/2022\/04\/22\/noc-knjige\/#primaryimage\"},\"datePublished\":\"2022-04-22T08:38:13+00:00\",\"dateModified\":\"2022-04-22T08:52:43+00:00\",\"author\":{\"@id\":\"https:\/\/knjiznice.nsk.hr\/opuzen\/#\/schema\/person\/9f30f8e2c624a6cd9c89e5049d09c867\"},\"breadcrumb\":{\"@id\":\"https:\/\/knjiznice.nsk.hr\/opuzen\/2022\/04\/22\/noc-knjige\/#breadcrumb\"},\"inLanguage\":\"hr\",\"potentialAction\":[{\"@type\":\"ReadAction\",\"target\":[\"https:\/\/knjiznice.nsk.hr\/opuzen\/2022\/04\/22\/noc-knjige\/\"]}]},{\"@type\":\"BreadcrumbList\",\"@id\":\"https:\/\/knjiznice.nsk.hr\/opuzen\/2022\/04\/22\/noc-knjige\/#breadcrumb\",\"itemListElement\":[{\"@type\":\"ListItem\",\"position\":1,\"item\":{\"@type\":\"WebPage\",\"@id\":\"https:\/\/knjiznice.nsk.hr\/opuzen\/\",\"url\":\"https:\/\/knjiznice.nsk.hr\/opuzen\/\",\"name\":\"Po\\u010detna stranica\"}},{\"@type\":\"ListItem\",\"position\":2,\"item\":{\"@id\":\"https:\/\/knjiznice.nsk.hr\/opuzen\/2022\/04\/22\/noc-knjige\/#webpage\"}}]},{\"@type\":\"Person\",\"@id\":\"https:\/\/knjiznice.nsk.hr\/opuzen\/#\/schema\/person\/9f30f8e2c624a6cd9c89e5049d09c867\",\"name\":\"opuzen\",\"image\":{\"@type\":\"ImageObject\",\"@id\":\"https:\/\/knjiznice.nsk.hr\/opuzen\/#personlogo\",\"inLanguage\":\"hr\",\"url\":\"https:\/\/secure.gravatar.com\/avatar\/6ad99d4ac4e88a3228a8e642b15667c4?s=96&d=mm&r=g\",\"contentUrl\":\"https:\/\/secure.gravatar.com\/avatar\/6ad99d4ac4e88a3228a8e642b15667c4?s=96&d=mm&r=g\",\"caption\":\"opuzen\"},\"sameAs\":[\"https:\/\/www.facebook.com\/library.opz\/\",\"https:\/\/www.instagram.com\/gkopuzen\/?hl=hr\"],\"url\":\"https:\/\/knjiznice.nsk.hr\/opuzen\/\"}]}<\/script>\n<!-- \/ Yoast SEO plugin. -->","_links":{"self":[{"href":"https:\/\/knjiznice.nsk.hr\/opuzen\/wp-json\/wp\/v2\/posts\/1356"}],"collection":[{"href":"https:\/\/knjiznice.nsk.hr\/opuzen\/wp-json\/wp\/v2\/posts"}],"about":[{"href":"https:\/\/knjiznice.nsk.hr\/opuzen\/wp-json\/wp\/v2\/types\/post"}],"author":[{"embeddable":true,"href":"https:\/\/knjiznice.nsk.hr\/opuzen\/wp-json\/wp\/v2\/users\/49"}],"replies":[{"embeddable":true,"href":"https:\/\/knjiznice.nsk.hr\/opuzen\/wp-json\/wp\/v2\/comments?post=1356"}],"version-history":[{"count":6,"href":"https:\/\/knjiznice.nsk.hr\/opuzen\/wp-json\/wp\/v2\/posts\/1356\/revisions"}],"predecessor-version":[{"id":1364,"href":"https:\/\/knjiznice.nsk.hr\/opuzen\/wp-json\/wp\/v2\/posts\/1356\/revisions\/1364"}],"wp:attachment":[{"href":"https:\/\/knjiznice.nsk.hr\/opuzen\/wp-json\/wp\/v2\/media?parent=1356"}],"wp:term":[{"taxonomy":"category","embeddable":true,"href":"https:\/\/knjiznice.nsk.hr\/opuzen\/wp-json\/wp\/v2\/categories?post=1356"},{"taxonomy":"post_tag","embeddable":true,"href":"https:\/\/knjiznice.nsk.hr\/opuzen\/wp-json\/wp\/v2\/tags?post=1356"}],"curies":[{"name":"wp","href":"https:\/\/api.w.org\/{rel}","templated":true}]}}