{"id":1353,"date":"2022-03-25T12:31:29","date_gmt":"2022-03-25T12:31:29","guid":{"rendered":"http:\/\/knjiznice.nsk.hr\/opuzen\/?p=1353"},"modified":"2022-03-25T12:31:29","modified_gmt":"2022-03-25T12:31:29","slug":"sat-za-planet-zemlju","status":"publish","type":"post","link":"https:\/\/knjiznice.nsk.hr\/opuzen\/2022\/03\/25\/sat-za-planet-zemlju\/","title":{"rendered":"Sat za planet Zemlju"},"content":{"rendered":"<p>U subotu, 26. o\u017eujka u 20:30 sati po lokalnom vremenu, Sat za planet Zemlju, jedna od najve\u0107ih svjetskih gra\u0111anskih inicijativa za okoli\u0161, ponovno \u0107e okupiti ljude \u0161irom svijeta kako bi pokazali svoju predanost planetu, najavljuju iz WWF Adrije, pozivaju\u0107i sve gradona\u010delnike da u svom gradu u to vrijeme isklju\u010de dekorativnu rasvjetu na prepoznatljivoj znamenitosti te se tako i ove godine uklju\u010de u akciju. <span class=\"pq6dq46d tbxw36s4 knj5qynh kvgmc6g5 ditlmg2l oygrvhab nvdbi5me sf5mxxl7 gl3lb2sf hhz5lgdu\"><img loading=\"lazy\" src=\"https:\/\/static.xx.fbcdn.net\/images\/emoji.php\/v9\/t19\/1.5\/16\/1f30e.png\" alt=\"&#x1f30e;\" width=\"16\" height=\"16\"><\/span><span class=\"pq6dq46d tbxw36s4 knj5qynh kvgmc6g5 ditlmg2l oygrvhab nvdbi5me sf5mxxl7 gl3lb2sf hhz5lgdu\"><img loading=\"lazy\" src=\"https:\/\/static.xx.fbcdn.net\/images\/emoji.php\/v9\/t95\/1.5\/16\/1f4a1.png\" alt=\"&#x1f4a1;\" width=\"16\" height=\"16\"><\/span><\/p>\n<p>&nbsp;<\/p>\n<p>Vi\u0161e na:&nbsp;<\/p>\n<p>https:\/\/www.jutarnji.hr\/planet\/sat-za-planet-zemlju-prilika-da-brinemo-jedni-o-drugima-i-o-jedinom-domu-koji-svi-dijelimo-15172944<\/p>\n","protected":false},"excerpt":{"rendered":"<p>U subotu, 26. o\u017eujka u 20:30 sati po lokalnom vremenu, Sat za planet Zemlju, jedna od najve\u0107ih svjetskih gra\u0111anskih inicijativa za okoli\u0161, ponovno \u0107e okupiti ljude \u0161irom svijeta kako bi pokazali svoju predanost planetu, najavljuju iz WWF Adrije, pozivaju\u0107i sve gradona\u010delnike da u svom gradu u to vrijeme isklju\u010de dekorativnu rasvjetu na prepoznatljivoj znamenitosti te [&hellip;]<\/p>\n","protected":false},"author":49,"featured_media":0,"comment_status":"closed","ping_status":"closed","sticky":false,"template":"","format":"standard","meta":{"ngg_post_thumbnail":0},"categories":[1],"tags":[],"yoast_head":"<!-- This site is optimized with the Yoast SEO plugin v16.4 - https:\/\/yoast.com\/wordpress\/plugins\/seo\/ -->\n<meta name=\"robots\" content=\"index, follow, max-snippet:-1, max-image-preview:large, max-video-preview:-1\" \/>\n<link rel=\"canonical\" href=\"https:\/\/knjiznice.nsk.hr\/opuzen\/2022\/03\/25\/sat-za-planet-zemlju\/\" \/>\n<meta property=\"og:locale\" content=\"hr_HR\" \/>\n<meta property=\"og:type\" content=\"article\" \/>\n<meta property=\"og:title\" content=\"Sat za planet Zemlju - Gradska knji\u017enica Opuzen\" \/>\n<meta property=\"og:description\" content=\"U subotu, 26. o\u017eujka u 20:30 sati po lokalnom vremenu, Sat za planet Zemlju, jedna od najve\u0107ih svjetskih gra\u0111anskih inicijativa za okoli\u0161, ponovno \u0107e okupiti ljude \u0161irom svijeta kako bi pokazali svoju predanost planetu, najavljuju iz WWF Adrije, pozivaju\u0107i sve gradona\u010delnike da u svom gradu u to vrijeme isklju\u010de dekorativnu rasvjetu na prepoznatljivoj znamenitosti te [&hellip;]\" \/>\n<meta property=\"og:url\" content=\"https:\/\/knjiznice.nsk.hr\/opuzen\/2022\/03\/25\/sat-za-planet-zemlju\/\" \/>\n<meta property=\"og:site_name\" content=\"Gradska knji\u017enica Opuzen\" \/>\n<meta property=\"article:author\" content=\"https:\/\/www.facebook.com\/library.opz\/\" \/>\n<meta property=\"article:published_time\" content=\"2022-03-25T12:31:29+00:00\" \/>\n<meta property=\"og:image\" content=\"https:\/\/static.xx.fbcdn.net\/images\/emoji.php\/v9\/t19\/1.5\/16\/1f30e.png\" \/>\n<meta name=\"twitter:label1\" content=\"Procijenjeno vrijeme \u010ditanja\" \/>\n\t<meta name=\"twitter:data1\" content=\"1 minuta\" \/>\n<script type=\"application\/ld+json\" class=\"yoast-schema-graph\">{\"@context\":\"https:\/\/schema.org\",\"@graph\":[{\"@type\":\"WebSite\",\"@id\":\"http:\/\/knjiznice.nsk.hr\/opuzen\/#website\",\"url\":\"http:\/\/knjiznice.nsk.hr\/opuzen\/\",\"name\":\"Gradska knji\\u017enica Opuzen\",\"description\":\"\\u201cA reader lives a thousand lives before he dies. The man who never reads lives only one.\\u201d\",\"potentialAction\":[{\"@type\":\"SearchAction\",\"target\":\"http:\/\/knjiznice.nsk.hr\/opuzen\/?s={search_term_string}\",\"query-input\":\"required name=search_term_string\"}],\"inLanguage\":\"hr\"},{\"@type\":\"ImageObject\",\"@id\":\"https:\/\/knjiznice.nsk.hr\/opuzen\/2022\/03\/25\/sat-za-planet-zemlju\/#primaryimage\",\"inLanguage\":\"hr\",\"url\":\"https:\/\/static.xx.fbcdn.net\/images\/emoji.php\/v9\/t19\/1.5\/16\/1f30e.png\",\"contentUrl\":\"https:\/\/static.xx.fbcdn.net\/images\/emoji.php\/v9\/t19\/1.5\/16\/1f30e.png\"},{\"@type\":\"WebPage\",\"@id\":\"https:\/\/knjiznice.nsk.hr\/opuzen\/2022\/03\/25\/sat-za-planet-zemlju\/#webpage\",\"url\":\"https:\/\/knjiznice.nsk.hr\/opuzen\/2022\/03\/25\/sat-za-planet-zemlju\/\",\"name\":\"Sat za planet Zemlju - Gradska knji\\u017enica Opuzen\",\"isPartOf\":{\"@id\":\"http:\/\/knjiznice.nsk.hr\/opuzen\/#website\"},\"primaryImageOfPage\":{\"@id\":\"https:\/\/knjiznice.nsk.hr\/opuzen\/2022\/03\/25\/sat-za-planet-zemlju\/#primaryimage\"},\"datePublished\":\"2022-03-25T12:31:29+00:00\",\"dateModified\":\"2022-03-25T12:31:29+00:00\",\"author\":{\"@id\":\"http:\/\/knjiznice.nsk.hr\/opuzen\/#\/schema\/person\/9f30f8e2c624a6cd9c89e5049d09c867\"},\"breadcrumb\":{\"@id\":\"https:\/\/knjiznice.nsk.hr\/opuzen\/2022\/03\/25\/sat-za-planet-zemlju\/#breadcrumb\"},\"inLanguage\":\"hr\",\"potentialAction\":[{\"@type\":\"ReadAction\",\"target\":[\"https:\/\/knjiznice.nsk.hr\/opuzen\/2022\/03\/25\/sat-za-planet-zemlju\/\"]}]},{\"@type\":\"BreadcrumbList\",\"@id\":\"https:\/\/knjiznice.nsk.hr\/opuzen\/2022\/03\/25\/sat-za-planet-zemlju\/#breadcrumb\",\"itemListElement\":[{\"@type\":\"ListItem\",\"position\":1,\"item\":{\"@type\":\"WebPage\",\"@id\":\"http:\/\/knjiznice.nsk.hr\/opuzen\/\",\"url\":\"http:\/\/knjiznice.nsk.hr\/opuzen\/\",\"name\":\"Po\\u010detna stranica\"}},{\"@type\":\"ListItem\",\"position\":2,\"item\":{\"@id\":\"https:\/\/knjiznice.nsk.hr\/opuzen\/2022\/03\/25\/sat-za-planet-zemlju\/#webpage\"}}]},{\"@type\":\"Person\",\"@id\":\"http:\/\/knjiznice.nsk.hr\/opuzen\/#\/schema\/person\/9f30f8e2c624a6cd9c89e5049d09c867\",\"name\":\"opuzen\",\"image\":{\"@type\":\"ImageObject\",\"@id\":\"http:\/\/knjiznice.nsk.hr\/opuzen\/#personlogo\",\"inLanguage\":\"hr\",\"url\":\"https:\/\/secure.gravatar.com\/avatar\/6ad99d4ac4e88a3228a8e642b15667c4?s=96&d=mm&r=g\",\"contentUrl\":\"https:\/\/secure.gravatar.com\/avatar\/6ad99d4ac4e88a3228a8e642b15667c4?s=96&d=mm&r=g\",\"caption\":\"opuzen\"},\"sameAs\":[\"https:\/\/www.facebook.com\/library.opz\/\",\"https:\/\/www.instagram.com\/gkopuzen\/?hl=hr\"],\"url\":\"https:\/\/knjiznice.nsk.hr\/opuzen\/\"}]}<\/script>\n<!-- \/ Yoast SEO plugin. -->","_links":{"self":[{"href":"https:\/\/knjiznice.nsk.hr\/opuzen\/wp-json\/wp\/v2\/posts\/1353"}],"collection":[{"href":"https:\/\/knjiznice.nsk.hr\/opuzen\/wp-json\/wp\/v2\/posts"}],"about":[{"href":"https:\/\/knjiznice.nsk.hr\/opuzen\/wp-json\/wp\/v2\/types\/post"}],"author":[{"embeddable":true,"href":"https:\/\/knjiznice.nsk.hr\/opuzen\/wp-json\/wp\/v2\/users\/49"}],"replies":[{"embeddable":true,"href":"https:\/\/knjiznice.nsk.hr\/opuzen\/wp-json\/wp\/v2\/comments?post=1353"}],"version-history":[{"count":1,"href":"https:\/\/knjiznice.nsk.hr\/opuzen\/wp-json\/wp\/v2\/posts\/1353\/revisions"}],"predecessor-version":[{"id":1354,"href":"https:\/\/knjiznice.nsk.hr\/opuzen\/wp-json\/wp\/v2\/posts\/1353\/revisions\/1354"}],"wp:attachment":[{"href":"https:\/\/knjiznice.nsk.hr\/opuzen\/wp-json\/wp\/v2\/media?parent=1353"}],"wp:term":[{"taxonomy":"category","embeddable":true,"href":"https:\/\/knjiznice.nsk.hr\/opuzen\/wp-json\/wp\/v2\/categories?post=1353"},{"taxonomy":"post_tag","embeddable":true,"href":"https:\/\/knjiznice.nsk.hr\/opuzen\/wp-json\/wp\/v2\/tags?post=1353"}],"curies":[{"name":"wp","href":"https:\/\/api.w.org\/{rel}","templated":true}]}}