{"id":1349,"date":"2022-03-21T09:46:37","date_gmt":"2022-03-21T09:46:37","guid":{"rendered":"http:\/\/knjiznice.nsk.hr\/opuzen\/?p=1349"},"modified":"2022-03-23T13:45:09","modified_gmt":"2022-03-23T13:45:09","slug":"svjetski-dan-poezije","status":"publish","type":"post","link":"https:\/\/knjiznice.nsk.hr\/opuzen\/2022\/03\/21\/svjetski-dan-poezije\/","title":{"rendered":"Svjetski dan poezije"},"content":{"rendered":"<div>\n<div class=\"\" dir=\"auto\">\n<div id=\"jsc_c_ch\" class=\"ecm0bbzt hv4rvrfc ihqw7lf3 dati1w0a\" data-ad-comet-preview=\"message\" data-ad-preview=\"message\">\n<div class=\"j83agx80 cbu4d94t ew0dbk1b irj2b8pg\">\n<div class=\"qzhwtbm6 knvmm38d\">\n<div class=\"kvgmc6g5 cxmmr5t8 oygrvhab hcukyx3x c1et5uql ii04i59q\">\n<div dir=\"auto\">Svjetski dan poezije proglasio je UNESCO 21. o\u017eujka 1999. godine. Progla\u0161en je u svrhu promoviranja \u010ditanja, pisanja, prou\u010davanja i objavljivanja poezije u svim oblicima.<\/div>\n<\/div>\n<div class=\"cxmmr5t8 oygrvhab hcukyx3x c1et5uql o9v6fnle ii04i59q\">\n<div dir=\"auto\">Iako je dana\u0161nji dan progla\u0161en tek krajem pro\u0161log stolje\u0107a, Dan poezije slavio se u raznim oblicima jo\u0161 od 1505. godine. Naj\u010de\u0161\u0107e je bio slavljen u listopadu i studenom, s promjenjivim datumom odr\u017eavanja. Ipak, naj\u010de\u0161\u0107e je to bio 15. listopad, na ro\u0111endan Publija Vergilija Marona.<\/div>\n<\/div>\n<div class=\"cxmmr5t8 oygrvhab hcukyx3x c1et5uql o9v6fnle ii04i59q\">\n<div dir=\"auto\">Pro\u0161le godine, Svjetski dan poezije bio je posve\u0107en stotoj godi\u0161njici ro\u0111enja makedonskog pjesnika, prevoditelja i lingvista Bla\u017ea Koneskog. Nagradu Zlatnog vijenca osvojila je britanska pjesnikinja Carol Ann Duffy.<\/div>\n<\/div>\n<div class=\"cxmmr5t8 oygrvhab hcukyx3x c1et5uql o9v6fnle ii04i59q\">\n<div dir=\"auto\">Ovaj dan posebno je simboli\u010dan u Hrvatskoj jer je na njega 1913. ro\u0111en Ivan Goran Kova\u010di\u0107, na\u0161 pjesnik, esejist, pripovjeda\u010d i kriti\u010dar. Napisao je brojne zbirke poezije koje se danas smatraju nacionalnom ba\u0161tinom, a njemu u \u010dast organizira se i manifestacija Goranovo prolje\u0107e.<\/div>\n<div dir=\"auto\">&nbsp;<\/div>\n<\/div>\n<\/div>\n<\/div>\n<\/div>\n<\/div>\n<div id=\"jsc_c_ci\" class=\"l9j0dhe7\">\n<div class=\"l9j0dhe7\">\n<div>\n<div class=\"bp9cbjyn cwj9ozl2 j83agx80 cbu4d94t ni8dbmo4 stjgntxs l9j0dhe7 k4urcfbm\">\n<div>\n<div class=\"do00u71z ni8dbmo4 stjgntxs l9j0dhe7\">\n<div class=\"pmk7jnqg kr520xx4\"><img loading=\"lazy\" class=\"i09qtzwb n7fi1qx3 datstx6m pmk7jnqg j9ispegn kr520xx4 k4urcfbm bixrwtb6\" src=\"https:\/\/scontent.fzag4-1.fna.fbcdn.net\/v\/t39.30808-6\/277165604_5138525822856854_2465361636487067694_n.jpg?_nc_cat=111&amp;ccb=1-5&amp;_nc_sid=8bfeb9&amp;_nc_eui2=AeGCtgK1VvhhtoD6ddUtqU9K-R-4I2eKLED5H7gjZ4osQColH_KdB1J8uRc1ws_5Sm8&amp;_nc_ohc=qnaacB00o2oAX-70ykS&amp;_nc_ht=scontent.fzag4-1.fna&amp;oh=00_AT91pkbWomAX5HXVgEBb3TfH5S1hdeUoAXSOgNjc-EuLng&amp;oe=623FF53B\" alt=\"Mo\u017ee biti slika sljede\u0107eg: tekst\" width=\"728\" height=\"520\"><\/div>\n<\/div>\n<\/div>\n<\/div>\n<div class=\"linmgsc8 opwvks06 i09qtzwb n7fi1qx3 hzruof5a pmk7jnqg j9ispegn kr520xx4\">&nbsp;<\/div>\n<div class=\"n00je7tq arfg74bv qs9ysxi8 k77z8yql i09qtzwb n7fi1qx3 b5wmifdl hzruof5a pmk7jnqg j9ispegn kr520xx4 c5ndavph art1omkt ot9fgl3s\" data-visualcompletion=\"ignore\">&nbsp;<\/div>\n<\/div>\n<\/div>\n<\/div>\n<\/div>\n<div>\n<div class=\"stjgntxs ni8dbmo4 l82x9zwi uo3d90p7 h905i5nu monazrh9\" data-visualcompletion=\"ignore-dynamic\">\n<div>\n<div class=\"cwj9ozl2 tvmbv18p\">&nbsp;<\/div>\n<\/div>\n<\/div>\n<\/div>\n","protected":false},"excerpt":{"rendered":"<p>Svjetski dan poezije proglasio je UNESCO 21. o\u017eujka 1999. godine. Progla\u0161en je u svrhu promoviranja \u010ditanja, pisanja, prou\u010davanja i objavljivanja poezije u svim oblicima. Iako je dana\u0161nji dan progla\u0161en tek krajem pro\u0161log stolje\u0107a, Dan poezije slavio se u raznim oblicima jo\u0161 od 1505. godine. Naj\u010de\u0161\u0107e je bio slavljen u listopadu i studenom, s promjenjivim datumom [&hellip;]<\/p>\n","protected":false},"author":49,"featured_media":0,"comment_status":"closed","ping_status":"closed","sticky":false,"template":"","format":"standard","meta":{"ngg_post_thumbnail":0},"categories":[1],"tags":[],"yoast_head":"<!-- This site is optimized with the Yoast SEO plugin v16.4 - https:\/\/yoast.com\/wordpress\/plugins\/seo\/ -->\n<meta name=\"robots\" content=\"index, follow, max-snippet:-1, max-image-preview:large, max-video-preview:-1\" \/>\n<link rel=\"canonical\" href=\"https:\/\/knjiznice.nsk.hr\/opuzen\/2022\/03\/21\/svjetski-dan-poezije\/\" \/>\n<meta property=\"og:locale\" content=\"hr_HR\" \/>\n<meta property=\"og:type\" content=\"article\" \/>\n<meta property=\"og:title\" content=\"Svjetski dan poezije - Gradska knji\u017enica Opuzen\" \/>\n<meta property=\"og:description\" content=\"Svjetski dan poezije proglasio je UNESCO 21. o\u017eujka 1999. godine. Progla\u0161en je u svrhu promoviranja \u010ditanja, pisanja, prou\u010davanja i objavljivanja poezije u svim oblicima. Iako je dana\u0161nji dan progla\u0161en tek krajem pro\u0161log stolje\u0107a, Dan poezije slavio se u raznim oblicima jo\u0161 od 1505. godine. Naj\u010de\u0161\u0107e je bio slavljen u listopadu i studenom, s promjenjivim datumom [&hellip;]\" \/>\n<meta property=\"og:url\" content=\"https:\/\/knjiznice.nsk.hr\/opuzen\/2022\/03\/21\/svjetski-dan-poezije\/\" \/>\n<meta property=\"og:site_name\" content=\"Gradska knji\u017enica Opuzen\" \/>\n<meta property=\"article:author\" content=\"https:\/\/www.facebook.com\/library.opz\/\" \/>\n<meta property=\"article:published_time\" content=\"2022-03-21T09:46:37+00:00\" \/>\n<meta property=\"article:modified_time\" content=\"2022-03-23T13:45:09+00:00\" \/>\n<meta property=\"og:image\" content=\"https:\/\/scontent.fzag4-1.fna.fbcdn.net\/v\/t39.30808-6\/277165604_5138525822856854_2465361636487067694_n.jpg?_nc_cat=111&#038;ccb=1-5&#038;_nc_sid=8bfeb9&#038;_nc_eui2=AeGCtgK1VvhhtoD6ddUtqU9K-R-4I2eKLED5H7gjZ4osQColH_KdB1J8uRc1ws_5Sm8&#038;_nc_ohc=qnaacB00o2oAX-70ykS&#038;_nc_ht=scontent.fzag4-1.fna&#038;oh=00_AT91pkbWomAX5HXVgEBb3TfH5S1hdeUoAXSOgNjc-EuLng&#038;oe=623FF53B\" \/>\n<meta name=\"twitter:label1\" content=\"Procijenjeno vrijeme \u010ditanja\" \/>\n\t<meta name=\"twitter:data1\" content=\"1 minuta\" \/>\n<script type=\"application\/ld+json\" class=\"yoast-schema-graph\">{\"@context\":\"https:\/\/schema.org\",\"@graph\":[{\"@type\":\"WebSite\",\"@id\":\"http:\/\/knjiznice.nsk.hr\/opuzen\/#website\",\"url\":\"http:\/\/knjiznice.nsk.hr\/opuzen\/\",\"name\":\"Gradska knji\\u017enica Opuzen\",\"description\":\"\\u201cA reader lives a thousand lives before he dies. The man who never reads lives only one.\\u201d\",\"potentialAction\":[{\"@type\":\"SearchAction\",\"target\":\"http:\/\/knjiznice.nsk.hr\/opuzen\/?s={search_term_string}\",\"query-input\":\"required name=search_term_string\"}],\"inLanguage\":\"hr\"},{\"@type\":\"ImageObject\",\"@id\":\"https:\/\/knjiznice.nsk.hr\/opuzen\/2022\/03\/21\/svjetski-dan-poezije\/#primaryimage\",\"inLanguage\":\"hr\",\"url\":\"https:\/\/scontent.fzag4-1.fna.fbcdn.net\/v\/t39.30808-6\/277165604_5138525822856854_2465361636487067694_n.jpg?_nc_cat=111&amp;ccb=1-5&amp;_nc_sid=8bfeb9&amp;_nc_eui2=AeGCtgK1VvhhtoD6ddUtqU9K-R-4I2eKLED5H7gjZ4osQColH_KdB1J8uRc1ws_5Sm8&amp;_nc_ohc=qnaacB00o2oAX-70ykS&amp;_nc_ht=scontent.fzag4-1.fna&amp;oh=00_AT91pkbWomAX5HXVgEBb3TfH5S1hdeUoAXSOgNjc-EuLng&amp;oe=623FF53B\",\"contentUrl\":\"https:\/\/scontent.fzag4-1.fna.fbcdn.net\/v\/t39.30808-6\/277165604_5138525822856854_2465361636487067694_n.jpg?_nc_cat=111&amp;ccb=1-5&amp;_nc_sid=8bfeb9&amp;_nc_eui2=AeGCtgK1VvhhtoD6ddUtqU9K-R-4I2eKLED5H7gjZ4osQColH_KdB1J8uRc1ws_5Sm8&amp;_nc_ohc=qnaacB00o2oAX-70ykS&amp;_nc_ht=scontent.fzag4-1.fna&amp;oh=00_AT91pkbWomAX5HXVgEBb3TfH5S1hdeUoAXSOgNjc-EuLng&amp;oe=623FF53B\"},{\"@type\":\"WebPage\",\"@id\":\"https:\/\/knjiznice.nsk.hr\/opuzen\/2022\/03\/21\/svjetski-dan-poezije\/#webpage\",\"url\":\"https:\/\/knjiznice.nsk.hr\/opuzen\/2022\/03\/21\/svjetski-dan-poezije\/\",\"name\":\"Svjetski dan poezije - Gradska knji\\u017enica Opuzen\",\"isPartOf\":{\"@id\":\"http:\/\/knjiznice.nsk.hr\/opuzen\/#website\"},\"primaryImageOfPage\":{\"@id\":\"https:\/\/knjiznice.nsk.hr\/opuzen\/2022\/03\/21\/svjetski-dan-poezije\/#primaryimage\"},\"datePublished\":\"2022-03-21T09:46:37+00:00\",\"dateModified\":\"2022-03-23T13:45:09+00:00\",\"author\":{\"@id\":\"http:\/\/knjiznice.nsk.hr\/opuzen\/#\/schema\/person\/9f30f8e2c624a6cd9c89e5049d09c867\"},\"breadcrumb\":{\"@id\":\"https:\/\/knjiznice.nsk.hr\/opuzen\/2022\/03\/21\/svjetski-dan-poezije\/#breadcrumb\"},\"inLanguage\":\"hr\",\"potentialAction\":[{\"@type\":\"ReadAction\",\"target\":[\"https:\/\/knjiznice.nsk.hr\/opuzen\/2022\/03\/21\/svjetski-dan-poezije\/\"]}]},{\"@type\":\"BreadcrumbList\",\"@id\":\"https:\/\/knjiznice.nsk.hr\/opuzen\/2022\/03\/21\/svjetski-dan-poezije\/#breadcrumb\",\"itemListElement\":[{\"@type\":\"ListItem\",\"position\":1,\"item\":{\"@type\":\"WebPage\",\"@id\":\"http:\/\/knjiznice.nsk.hr\/opuzen\/\",\"url\":\"http:\/\/knjiznice.nsk.hr\/opuzen\/\",\"name\":\"Po\\u010detna stranica\"}},{\"@type\":\"ListItem\",\"position\":2,\"item\":{\"@id\":\"https:\/\/knjiznice.nsk.hr\/opuzen\/2022\/03\/21\/svjetski-dan-poezije\/#webpage\"}}]},{\"@type\":\"Person\",\"@id\":\"http:\/\/knjiznice.nsk.hr\/opuzen\/#\/schema\/person\/9f30f8e2c624a6cd9c89e5049d09c867\",\"name\":\"opuzen\",\"image\":{\"@type\":\"ImageObject\",\"@id\":\"http:\/\/knjiznice.nsk.hr\/opuzen\/#personlogo\",\"inLanguage\":\"hr\",\"url\":\"https:\/\/secure.gravatar.com\/avatar\/6ad99d4ac4e88a3228a8e642b15667c4?s=96&d=mm&r=g\",\"contentUrl\":\"https:\/\/secure.gravatar.com\/avatar\/6ad99d4ac4e88a3228a8e642b15667c4?s=96&d=mm&r=g\",\"caption\":\"opuzen\"},\"sameAs\":[\"https:\/\/www.facebook.com\/library.opz\/\",\"https:\/\/www.instagram.com\/gkopuzen\/?hl=hr\"],\"url\":\"https:\/\/knjiznice.nsk.hr\/opuzen\/\"}]}<\/script>\n<!-- \/ Yoast SEO plugin. -->","_links":{"self":[{"href":"https:\/\/knjiznice.nsk.hr\/opuzen\/wp-json\/wp\/v2\/posts\/1349"}],"collection":[{"href":"https:\/\/knjiznice.nsk.hr\/opuzen\/wp-json\/wp\/v2\/posts"}],"about":[{"href":"https:\/\/knjiznice.nsk.hr\/opuzen\/wp-json\/wp\/v2\/types\/post"}],"author":[{"embeddable":true,"href":"https:\/\/knjiznice.nsk.hr\/opuzen\/wp-json\/wp\/v2\/users\/49"}],"replies":[{"embeddable":true,"href":"https:\/\/knjiznice.nsk.hr\/opuzen\/wp-json\/wp\/v2\/comments?post=1349"}],"version-history":[{"count":2,"href":"https:\/\/knjiznice.nsk.hr\/opuzen\/wp-json\/wp\/v2\/posts\/1349\/revisions"}],"predecessor-version":[{"id":1352,"href":"https:\/\/knjiznice.nsk.hr\/opuzen\/wp-json\/wp\/v2\/posts\/1349\/revisions\/1352"}],"wp:attachment":[{"href":"https:\/\/knjiznice.nsk.hr\/opuzen\/wp-json\/wp\/v2\/media?parent=1349"}],"wp:term":[{"taxonomy":"category","embeddable":true,"href":"https:\/\/knjiznice.nsk.hr\/opuzen\/wp-json\/wp\/v2\/categories?post=1349"},{"taxonomy":"post_tag","embeddable":true,"href":"https:\/\/knjiznice.nsk.hr\/opuzen\/wp-json\/wp\/v2\/tags?post=1349"}],"curies":[{"name":"wp","href":"https:\/\/api.w.org\/{rel}","templated":true}]}}