{"id":1094,"date":"2021-07-06T09:44:38","date_gmt":"2021-07-06T09:44:38","guid":{"rendered":"http:\/\/knjiznice.nsk.hr\/opuzen\/?p=1094"},"modified":"2021-07-06T09:44:38","modified_gmt":"2021-07-06T09:44:38","slug":"koncert-kisnih-razdraganaca-u-gradskom-parku","status":"publish","type":"post","link":"https:\/\/knjiznice.nsk.hr\/opuzen\/2021\/07\/06\/koncert-kisnih-razdraganaca-u-gradskom-parku\/","title":{"rendered":"KONCERT KI\u0160NIH RAZDRAGANACA U GRADSKOM PARKU"},"content":{"rendered":"<div class=\"kvgmc6g5 cxmmr5t8 oygrvhab hcukyx3x c1et5uql ii04i59q\">\n<div dir=\"auto\">Sti\u017eu nam KI\u0160NI RAZDRAGANCI by Ivanka i Mrle ! <span class=\"pq6dq46d tbxw36s4 knj5qynh kvgmc6g5 ditlmg2l oygrvhab nvdbi5me sf5mxxl7 gl3lb2sf hhz5lgdu\"><img loading=\"lazy\" src=\"https:\/\/static.xx.fbcdn.net\/images\/emoji.php\/v9\/tc6\/1.5\/16\/1f973.png\" alt=\"&#x1f973;\" width=\"16\" height=\"16\"><\/span><span class=\"pq6dq46d tbxw36s4 knj5qynh kvgmc6g5 ditlmg2l oygrvhab nvdbi5me sf5mxxl7 gl3lb2sf hhz5lgdu\"><img loading=\"lazy\" src=\"https:\/\/static.xx.fbcdn.net\/images\/emoji.php\/v9\/tc6\/1.5\/16\/1f973.png\" alt=\"&#x1f973;\" width=\"16\" height=\"16\"><\/span><span class=\"pq6dq46d tbxw36s4 knj5qynh kvgmc6g5 ditlmg2l oygrvhab nvdbi5me sf5mxxl7 gl3lb2sf hhz5lgdu\"><img loading=\"lazy\" src=\"https:\/\/static.xx.fbcdn.net\/images\/emoji.php\/v9\/t97\/1.5\/16\/2614.png\" alt=\"&#x2614;&#xfe0f;\" width=\"16\" height=\"16\"><\/span><span class=\"pq6dq46d tbxw36s4 knj5qynh kvgmc6g5 ditlmg2l oygrvhab nvdbi5me sf5mxxl7 gl3lb2sf hhz5lgdu\"><img loading=\"lazy\" src=\"https:\/\/static.xx.fbcdn.net\/images\/emoji.php\/v9\/tf6\/1.5\/16\/2602.png\" alt=\"&#x2602;&#xfe0f;\" width=\"16\" height=\"16\"><\/span><span class=\"pq6dq46d tbxw36s4 knj5qynh kvgmc6g5 ditlmg2l oygrvhab nvdbi5me sf5mxxl7 gl3lb2sf hhz5lgdu\"><img loading=\"lazy\" src=\"https:\/\/static.xx.fbcdn.net\/images\/emoji.php\/v9\/t1a\/1.5\/16\/1f4a6.png\" alt=\"&#x1f4a6;\" width=\"16\" height=\"16\"><\/span><\/div>\n<div dir=\"auto\">&nbsp;<\/div>\n<\/div>\n<div class=\"o9v6fnle cxmmr5t8 oygrvhab hcukyx3x c1et5uql ii04i59q\">\n<div dir=\"auto\">Nas dvizi iz GKO smo jako uzbu\u0111ene \u0161to mo\u017eemo najaviti ove posebne goste, ve\u0107 dugo \u017eelimo organizirati ovaj doga\u0111aj i ove godine smo napokon uz pomo\u0107 <a class=\"oajrlxb2 g5ia77u1 qu0x051f esr5mh6w e9989ue4 r7d6kgcz rq0escxv nhd2j8a9 nc684nl6 p7hjln8o kvgmc6g5 cxmmr5t8 oygrvhab hcukyx3x jb3vyjys rz4wbd8a qt6c0cv9 a8nywdso i1ao9s8h esuyzwwr f1sip0of lzcic4wl q66pz984 gpro0wi8 b1v8xokw\" role=\"link\" href=\"https:\/\/www.facebook.com\/cityofopuzen\/?__cft__[0]=AZX-TMkZxg2L9gZ3e_EbUB5HI-rjVUK3F0qRRcrtt9s1sYye1y1-0IOsB_lCmYA3hNhHKQK51QC2abdogPZLxgzEFRIJX3C2KoKPLNDk5xZHZZyYrtBwXg_3KK3KhDKAy4J9UQOJdzhK4Q_vJH0RaVPpJd10dhXXa2o2K_TQy6lznQ&amp;__tn__=kK-y-R\"><span class=\"nc684nl6\">Grad Opuzen<\/span><\/a> u mogu\u0107nosti. Dovezite nam dicu, dovezite nam sebe, ovo se ne propu\u0161ta! <span class=\"pq6dq46d tbxw36s4 knj5qynh kvgmc6g5 ditlmg2l oygrvhab nvdbi5me sf5mxxl7 gl3lb2sf hhz5lgdu\"><img loading=\"lazy\" src=\"https:\/\/static.xx.fbcdn.net\/images\/emoji.php\/v9\/te5\/1.5\/16\/1f389.png\" alt=\"&#x1f389;\" width=\"16\" height=\"16\"><\/span><\/div>\n<div dir=\"auto\">&nbsp;<\/div>\n<\/div>\n<div class=\"o9v6fnle cxmmr5t8 oygrvhab hcukyx3x c1et5uql ii04i59q\">\n<div dir=\"auto\">Tko? Ivanka i Mrle + bend<\/div>\n<div dir=\"auto\">\u0160to? Ki\u0161ni razdraganci &#8211; predstavljanje slikovnice, koncert, party, cijeli zabavni program za najmla\u0111e!<\/div>\n<div dir=\"auto\">Kada? 13. 7. (utorak) u 20:30h<\/div>\n<div dir=\"auto\">Gdje? Gradski park<\/div>\n<div dir=\"auto\">Za\u0161to? Zato \u0161to i djeca zaslu\u017euju koncert povodom Opuzenskog lita! <span class=\"pq6dq46d tbxw36s4 knj5qynh kvgmc6g5 ditlmg2l oygrvhab nvdbi5me sf5mxxl7 gl3lb2sf hhz5lgdu\"><img loading=\"lazy\" src=\"https:\/\/static.xx.fbcdn.net\/images\/emoji.php\/v9\/t78\/1.5\/16\/1f3b6.png\" alt=\"&#x1f3b6;\" width=\"16\" height=\"16\"><\/span><span class=\"pq6dq46d tbxw36s4 knj5qynh kvgmc6g5 ditlmg2l oygrvhab nvdbi5me sf5mxxl7 gl3lb2sf hhz5lgdu\"><img loading=\"lazy\" src=\"https:\/\/static.xx.fbcdn.net\/images\/emoji.php\/v9\/t7a\/1.5\/16\/1f3b8.png\" alt=\"&#x1f3b8;\" width=\"16\" height=\"16\"><\/span><span class=\"pq6dq46d tbxw36s4 knj5qynh kvgmc6g5 ditlmg2l oygrvhab nvdbi5me sf5mxxl7 gl3lb2sf hhz5lgdu\"><img loading=\"lazy\" src=\"https:\/\/static.xx.fbcdn.net\/images\/emoji.php\/v9\/te6\/1.5\/16\/1f467.png\" alt=\"&#x1f467;\" width=\"16\" height=\"16\"><\/span><span class=\"pq6dq46d tbxw36s4 knj5qynh kvgmc6g5 ditlmg2l oygrvhab nvdbi5me sf5mxxl7 gl3lb2sf hhz5lgdu\"><img loading=\"lazy\" src=\"https:\/\/static.xx.fbcdn.net\/images\/emoji.php\/v9\/t38\/1.5\/16\/1f9d2.png\" alt=\"&#x1f9d2;\" width=\"16\" height=\"16\"><\/span><\/div>\n<div dir=\"auto\">&nbsp;<\/div>\n<\/div>\n<div class=\"o9v6fnle cxmmr5t8 oygrvhab hcukyx3x c1et5uql ii04i59q\">\n<div dir=\"auto\">Dakle, rije\u010d je o interaktivnom koncertu ili bolje re\u010deno tulumu za djecu. I to kakvom tulumu, tulumu za pam\u0107enje, jer na ovom koncertu sudjeluje i publika. <span class=\"pq6dq46d tbxw36s4 knj5qynh kvgmc6g5 ditlmg2l oygrvhab nvdbi5me sf5mxxl7 gl3lb2sf hhz5lgdu\"><img loading=\"lazy\" src=\"https:\/\/static.xx.fbcdn.net\/images\/emoji.php\/v9\/t97\/1.5\/16\/2614.png\" alt=\"&#x2614;&#xfe0f;\" width=\"16\" height=\"16\"><\/span><span class=\"pq6dq46d tbxw36s4 knj5qynh kvgmc6g5 ditlmg2l oygrvhab nvdbi5me sf5mxxl7 gl3lb2sf hhz5lgdu\"><img loading=\"lazy\" src=\"https:\/\/static.xx.fbcdn.net\/images\/emoji.php\/v9\/t1a\/1.5\/16\/1f4a6.png\" alt=\"&#x1f4a6;\" width=\"16\" height=\"16\"><\/span><span class=\"pq6dq46d tbxw36s4 knj5qynh kvgmc6g5 ditlmg2l oygrvhab nvdbi5me sf5mxxl7 gl3lb2sf hhz5lgdu\"><img loading=\"lazy\" src=\"https:\/\/static.xx.fbcdn.net\/images\/emoji.php\/v9\/t78\/1.5\/16\/1f3b6.png\" alt=\"&#x1f3b6;\" width=\"16\" height=\"16\"><\/span><\/div>\n<div dir=\"auto\">&nbsp;<\/div>\n<\/div>\n<div class=\"o9v6fnle cxmmr5t8 oygrvhab hcukyx3x c1et5uql ii04i59q\">\n<div dir=\"auto\">Vesela dru\u017eina Ki\u0161nih razdraganaca dolazi u gradski park napraviti veliki, \u0161areni tulum za djecu! \u201cPle\u0161ite, \u0161kakljajte se, zaljubljujte i pjevajte s nama\u201d.<span class=\"pq6dq46d tbxw36s4 knj5qynh kvgmc6g5 ditlmg2l oygrvhab nvdbi5me sf5mxxl7 gl3lb2sf hhz5lgdu\"><img loading=\"lazy\" src=\"https:\/\/static.xx.fbcdn.net\/images\/emoji.php\/v9\/t6d\/1.5\/16\/1f57a_1f3fd.png\" alt=\"&#x1f57a;&#x1f3fd;\" width=\"16\" height=\"16\"><\/span><span class=\"pq6dq46d tbxw36s4 knj5qynh kvgmc6g5 ditlmg2l oygrvhab nvdbi5me sf5mxxl7 gl3lb2sf hhz5lgdu\"><img loading=\"lazy\" src=\"https:\/\/static.xx.fbcdn.net\/images\/emoji.php\/v9\/t6d\/1.5\/16\/1f57a_1f3fd.png\" alt=\"&#x1f57a;&#x1f3fd;\" width=\"16\" height=\"16\"><\/span><span class=\"pq6dq46d tbxw36s4 knj5qynh kvgmc6g5 ditlmg2l oygrvhab nvdbi5me sf5mxxl7 gl3lb2sf hhz5lgdu\"><img loading=\"lazy\" src=\"https:\/\/static.xx.fbcdn.net\/images\/emoji.php\/v9\/t75\/1.5\/16\/1f469_1f3fc_200d_1f3a4.png\" alt=\"&#x1f469;&#x1f3fc;&#x200d;&#x1f3a4;\" width=\"16\" height=\"16\"><\/span><span class=\"pq6dq46d tbxw36s4 knj5qynh kvgmc6g5 ditlmg2l oygrvhab nvdbi5me sf5mxxl7 gl3lb2sf hhz5lgdu\"><img loading=\"lazy\" src=\"https:\/\/static.xx.fbcdn.net\/images\/emoji.php\/v9\/t25\/1.5\/16\/1f3bc.png\" alt=\"&#x1f3bc;\" width=\"16\" height=\"16\"><\/span><\/div>\n<div dir=\"auto\">&nbsp;<\/div>\n<\/div>\n<div class=\"o9v6fnle cxmmr5t8 oygrvhab hcukyx3x c1et5uql ii04i59q\">\n<div dir=\"auto\">Dva vesela autora, Ivanka Mazurkijevi\u0107 i Damir Martinovi\u0107 Mrle iz Leta 3 snimili su dje\u010dji album imena &#8220;Ki\u0161ni razdraganci&#8221;, a uz dje\u010dju glazbenu pri\u010du donose i vizualno ostvarenje glazbenih ideja \u2013 istoimenu slikovnicu koja je nastajala u istoj pri\u010di o Ki\u0161nim razdragancima, autorice Lane Letovi\u0107 Per\u010din.<\/div>\n<div dir=\"auto\">&nbsp;<\/div>\n<\/div>\n<div class=\"o9v6fnle cxmmr5t8 oygrvhab hcukyx3x c1et5uql ii04i59q\">\n<div dir=\"auto\">\u201cNa\u0161li smo se u \u017eelji da nam svaki dan bude Ha ha hi hi dan, svaki drugi dan da bude Piknik gdje nemamo Tajni, a imamo punu ko\u0161aru Njama njam hrane, ki\u0161a nam ne smeta u KAP-ima, no treba nam sunce gdje u daljini vidimo kako nam u posjet sti\u017ee Alisa te u ruci dr\u017ei Balon. Naravno da moramo stalno biti zaljubljeni u sebe i u druge, a pjesmom Te\u0161ka slova zavr\u0161avamo pred spavanje veselom borbom u Jastu\u010devanju te za kraj, evo ga, \u010ci\u010da Mi\u010da i za danas zavr\u0161ava se ova vesela i lijepa pri\u010da\u201d Ivanka &amp; Mrle <span class=\"pq6dq46d tbxw36s4 knj5qynh kvgmc6g5 ditlmg2l oygrvhab nvdbi5me sf5mxxl7 gl3lb2sf hhz5lgdu\"><img loading=\"lazy\" src=\"https:\/\/static.xx.fbcdn.net\/images\/emoji.php\/v9\/t91\/1.5\/16\/1f46b.png\" alt=\"&#x1f46b;\" width=\"16\" height=\"16\"><\/span><\/div>\n<div dir=\"auto\">&nbsp;<\/div>\n<\/div>\n<div class=\"o9v6fnle cxmmr5t8 oygrvhab hcukyx3x c1et5uql ii04i59q\">\n<div dir=\"auto\">ULAZ JE BESPLATAN S PO\u010cETKOM U 20:30h <span class=\"pq6dq46d tbxw36s4 knj5qynh kvgmc6g5 ditlmg2l oygrvhab nvdbi5me sf5mxxl7 gl3lb2sf hhz5lgdu\"><img loading=\"lazy\" src=\"https:\/\/static.xx.fbcdn.net\/images\/emoji.php\/v9\/t3c\/1.5\/16\/23f1.png\" alt=\"&#x23f1;\" width=\"16\" height=\"16\"><\/span><\/div>\n<div dir=\"auto\">&nbsp;<\/div>\n<\/div>\n<div class=\"o9v6fnle cxmmr5t8 oygrvhab hcukyx3x c1et5uql ii04i59q\">\n<div dir=\"auto\">*** Pridru\u017eite nam se na radionicama u \u010detvrtak i petak od 10 do 11h, radit \u0107emo ukrase za koncert na temu ki\u0161nih razdraganaca <span class=\"pq6dq46d tbxw36s4 knj5qynh kvgmc6g5 ditlmg2l oygrvhab nvdbi5me sf5mxxl7 gl3lb2sf hhz5lgdu\"><img loading=\"lazy\" src=\"https:\/\/static.xx.fbcdn.net\/images\/emoji.php\/v9\/tfe\/1.5\/16\/203c.png\" alt=\"&#x203c;&#xfe0f;\" width=\"16\" height=\"16\"><\/span><span class=\"pq6dq46d tbxw36s4 knj5qynh kvgmc6g5 ditlmg2l oygrvhab nvdbi5me sf5mxxl7 gl3lb2sf hhz5lgdu\"><img loading=\"lazy\" src=\"https:\/\/static.xx.fbcdn.net\/images\/emoji.php\/v9\/tfe\/1.5\/16\/203c.png\" alt=\"&#x203c;&#xfe0f;\" width=\"16\" height=\"16\"><\/span>***<\/div>\n<div dir=\"auto\">&nbsp;<\/div>\n<\/div>\n<div class=\"o9v6fnle cxmmr5t8 oygrvhab hcukyx3x c1et5uql ii04i59q\">\n<div dir=\"auto\">Slijedi jo\u0161 objava ususret doga\u0111aju&#8230; stay tuned.<span class=\"pq6dq46d tbxw36s4 knj5qynh kvgmc6g5 ditlmg2l oygrvhab nvdbi5me sf5mxxl7 gl3lb2sf hhz5lgdu\"><img loading=\"lazy\" src=\"https:\/\/static.xx.fbcdn.net\/images\/emoji.php\/v9\/tbb\/1.5\/16\/23f0.png\" alt=\"&#x23f0;\" width=\"16\" height=\"16\"><\/span><\/div>\n<\/div>\n<div dir=\"auto\">&nbsp;<\/div>\n<div dir=\"auto\"><a href=\"http:\/\/knjiznice.nsk.hr\/opuzen\/wp-content\/uploads\/sites\/53\/2021\/07\/ivanka-i-mrle.jpg\"><img loading=\"lazy\" class=\"alignnone size-full wp-image-1095\" src=\"http:\/\/knjiznice.nsk.hr\/opuzen\/wp-content\/uploads\/sites\/53\/2021\/07\/ivanka-i-mrle.jpg\" alt=\"\" width=\"800\" height=\"532\" srcset=\"https:\/\/knjiznice.nsk.hr\/opuzen\/wp-content\/uploads\/sites\/53\/2021\/07\/ivanka-i-mrle.jpg 800w, https:\/\/knjiznice.nsk.hr\/opuzen\/wp-content\/uploads\/sites\/53\/2021\/07\/ivanka-i-mrle-300x200.jpg 300w, https:\/\/knjiznice.nsk.hr\/opuzen\/wp-content\/uploads\/sites\/53\/2021\/07\/ivanka-i-mrle-768x511.jpg 768w, https:\/\/knjiznice.nsk.hr\/opuzen\/wp-content\/uploads\/sites\/53\/2021\/07\/ivanka-i-mrle-600x399.jpg 600w\" sizes=\"(max-width: 800px) 100vw, 800px\" \/><\/a><\/div>\n","protected":false},"excerpt":{"rendered":"<p>Sti\u017eu nam KI\u0160NI RAZDRAGANCI by Ivanka i Mrle ! &nbsp; Nas dvizi iz GKO smo jako uzbu\u0111ene \u0161to mo\u017eemo najaviti ove posebne goste, ve\u0107 dugo \u017eelimo organizirati ovaj doga\u0111aj i ove godine smo napokon uz pomo\u0107 Grad Opuzen u mogu\u0107nosti. Dovezite nam dicu, dovezite nam sebe, ovo se ne propu\u0161ta! &nbsp; Tko? Ivanka i Mrle [&hellip;]<\/p>\n","protected":false},"author":49,"featured_media":0,"comment_status":"closed","ping_status":"closed","sticky":false,"template":"","format":"standard","meta":{"ngg_post_thumbnail":0},"categories":[21,19,13],"tags":[73,74,70,71,72,75],"yoast_head":"<!-- This site is optimized with the Yoast SEO plugin v16.4 - https:\/\/yoast.com\/wordpress\/plugins\/seo\/ -->\n<meta name=\"robots\" content=\"index, follow, max-snippet:-1, max-image-preview:large, max-video-preview:-1\" \/>\n<link rel=\"canonical\" href=\"http:\/\/knjiznice.nsk.hr\/opuzen\/2021\/07\/06\/koncert-kisnih-razdraganaca-u-gradskom-parku\/\" \/>\n<meta property=\"og:locale\" content=\"hr_HR\" \/>\n<meta property=\"og:type\" content=\"article\" \/>\n<meta property=\"og:title\" content=\"KONCERT KI\u0160NIH RAZDRAGANACA U GRADSKOM PARKU - Gradska knji\u017enica Opuzen\" \/>\n<meta property=\"og:description\" content=\"Sti\u017eu nam KI\u0160NI RAZDRAGANCI by Ivanka i Mrle ! &nbsp; Nas dvizi iz GKO smo jako uzbu\u0111ene \u0161to mo\u017eemo najaviti ove posebne goste, ve\u0107 dugo \u017eelimo organizirati ovaj doga\u0111aj i ove godine smo napokon uz pomo\u0107 Grad Opuzen u mogu\u0107nosti. Dovezite nam dicu, dovezite nam sebe, ovo se ne propu\u0161ta! &nbsp; Tko? Ivanka i Mrle [&hellip;]\" \/>\n<meta property=\"og:url\" content=\"http:\/\/knjiznice.nsk.hr\/opuzen\/2021\/07\/06\/koncert-kisnih-razdraganaca-u-gradskom-parku\/\" \/>\n<meta property=\"og:site_name\" content=\"Gradska knji\u017enica Opuzen\" \/>\n<meta property=\"article:author\" content=\"https:\/\/www.facebook.com\/library.opz\/\" \/>\n<meta property=\"article:published_time\" content=\"2021-07-06T09:44:38+00:00\" \/>\n<meta property=\"og:image\" content=\"https:\/\/static.xx.fbcdn.net\/images\/emoji.php\/v9\/tc6\/1.5\/16\/1f973.png\" \/>\n<meta name=\"twitter:label1\" content=\"Procijenjeno vrijeme \u010ditanja\" \/>\n\t<meta name=\"twitter:data1\" content=\"7 minuta\" \/>\n<script type=\"application\/ld+json\" class=\"yoast-schema-graph\">{\"@context\":\"https:\/\/schema.org\",\"@graph\":[{\"@type\":\"WebSite\",\"@id\":\"http:\/\/knjiznice.nsk.hr\/opuzen\/#website\",\"url\":\"http:\/\/knjiznice.nsk.hr\/opuzen\/\",\"name\":\"Gradska knji\\u017enica Opuzen\",\"description\":\"\\u201cA reader lives a thousand lives before he dies. The man who never reads lives only one.\\u201d\",\"potentialAction\":[{\"@type\":\"SearchAction\",\"target\":\"http:\/\/knjiznice.nsk.hr\/opuzen\/?s={search_term_string}\",\"query-input\":\"required name=search_term_string\"}],\"inLanguage\":\"hr\"},{\"@type\":\"ImageObject\",\"@id\":\"http:\/\/knjiznice.nsk.hr\/opuzen\/2021\/07\/06\/koncert-kisnih-razdraganaca-u-gradskom-parku\/#primaryimage\",\"inLanguage\":\"hr\",\"url\":\"https:\/\/static.xx.fbcdn.net\/images\/emoji.php\/v9\/tc6\/1.5\/16\/1f973.png\",\"contentUrl\":\"https:\/\/static.xx.fbcdn.net\/images\/emoji.php\/v9\/tc6\/1.5\/16\/1f973.png\"},{\"@type\":\"WebPage\",\"@id\":\"http:\/\/knjiznice.nsk.hr\/opuzen\/2021\/07\/06\/koncert-kisnih-razdraganaca-u-gradskom-parku\/#webpage\",\"url\":\"http:\/\/knjiznice.nsk.hr\/opuzen\/2021\/07\/06\/koncert-kisnih-razdraganaca-u-gradskom-parku\/\",\"name\":\"KONCERT KI\\u0160NIH RAZDRAGANACA U GRADSKOM PARKU - Gradska knji\\u017enica Opuzen\",\"isPartOf\":{\"@id\":\"http:\/\/knjiznice.nsk.hr\/opuzen\/#website\"},\"primaryImageOfPage\":{\"@id\":\"http:\/\/knjiznice.nsk.hr\/opuzen\/2021\/07\/06\/koncert-kisnih-razdraganaca-u-gradskom-parku\/#primaryimage\"},\"datePublished\":\"2021-07-06T09:44:38+00:00\",\"dateModified\":\"2021-07-06T09:44:38+00:00\",\"author\":{\"@id\":\"http:\/\/knjiznice.nsk.hr\/opuzen\/#\/schema\/person\/9f30f8e2c624a6cd9c89e5049d09c867\"},\"breadcrumb\":{\"@id\":\"http:\/\/knjiznice.nsk.hr\/opuzen\/2021\/07\/06\/koncert-kisnih-razdraganaca-u-gradskom-parku\/#breadcrumb\"},\"inLanguage\":\"hr\",\"potentialAction\":[{\"@type\":\"ReadAction\",\"target\":[\"http:\/\/knjiznice.nsk.hr\/opuzen\/2021\/07\/06\/koncert-kisnih-razdraganaca-u-gradskom-parku\/\"]}]},{\"@type\":\"BreadcrumbList\",\"@id\":\"http:\/\/knjiznice.nsk.hr\/opuzen\/2021\/07\/06\/koncert-kisnih-razdraganaca-u-gradskom-parku\/#breadcrumb\",\"itemListElement\":[{\"@type\":\"ListItem\",\"position\":1,\"item\":{\"@type\":\"WebPage\",\"@id\":\"http:\/\/knjiznice.nsk.hr\/opuzen\/\",\"url\":\"http:\/\/knjiznice.nsk.hr\/opuzen\/\",\"name\":\"Po\\u010detna stranica\"}},{\"@type\":\"ListItem\",\"position\":2,\"item\":{\"@id\":\"http:\/\/knjiznice.nsk.hr\/opuzen\/2021\/07\/06\/koncert-kisnih-razdraganaca-u-gradskom-parku\/#webpage\"}}]},{\"@type\":\"Person\",\"@id\":\"http:\/\/knjiznice.nsk.hr\/opuzen\/#\/schema\/person\/9f30f8e2c624a6cd9c89e5049d09c867\",\"name\":\"opuzen\",\"image\":{\"@type\":\"ImageObject\",\"@id\":\"http:\/\/knjiznice.nsk.hr\/opuzen\/#personlogo\",\"inLanguage\":\"hr\",\"url\":\"https:\/\/secure.gravatar.com\/avatar\/6ad99d4ac4e88a3228a8e642b15667c4?s=96&d=mm&r=g\",\"contentUrl\":\"https:\/\/secure.gravatar.com\/avatar\/6ad99d4ac4e88a3228a8e642b15667c4?s=96&d=mm&r=g\",\"caption\":\"opuzen\"},\"sameAs\":[\"https:\/\/www.facebook.com\/library.opz\/\",\"https:\/\/www.instagram.com\/gkopuzen\/?hl=hr\"],\"url\":\"https:\/\/knjiznice.nsk.hr\/opuzen\/\"}]}<\/script>\n<!-- \/ Yoast SEO plugin. -->","_links":{"self":[{"href":"https:\/\/knjiznice.nsk.hr\/opuzen\/wp-json\/wp\/v2\/posts\/1094"}],"collection":[{"href":"https:\/\/knjiznice.nsk.hr\/opuzen\/wp-json\/wp\/v2\/posts"}],"about":[{"href":"https:\/\/knjiznice.nsk.hr\/opuzen\/wp-json\/wp\/v2\/types\/post"}],"author":[{"embeddable":true,"href":"https:\/\/knjiznice.nsk.hr\/opuzen\/wp-json\/wp\/v2\/users\/49"}],"replies":[{"embeddable":true,"href":"https:\/\/knjiznice.nsk.hr\/opuzen\/wp-json\/wp\/v2\/comments?post=1094"}],"version-history":[{"count":1,"href":"https:\/\/knjiznice.nsk.hr\/opuzen\/wp-json\/wp\/v2\/posts\/1094\/revisions"}],"predecessor-version":[{"id":1096,"href":"https:\/\/knjiznice.nsk.hr\/opuzen\/wp-json\/wp\/v2\/posts\/1094\/revisions\/1096"}],"wp:attachment":[{"href":"https:\/\/knjiznice.nsk.hr\/opuzen\/wp-json\/wp\/v2\/media?parent=1094"}],"wp:term":[{"taxonomy":"category","embeddable":true,"href":"https:\/\/knjiznice.nsk.hr\/opuzen\/wp-json\/wp\/v2\/categories?post=1094"},{"taxonomy":"post_tag","embeddable":true,"href":"https:\/\/knjiznice.nsk.hr\/opuzen\/wp-json\/wp\/v2\/tags?post=1094"}],"curies":[{"name":"wp","href":"https:\/\/api.w.org\/{rel}","templated":true}]}}