{"id":488,"date":"2024-03-28T15:21:43","date_gmt":"2024-03-28T15:21:43","guid":{"rendered":"http:\/\/knjiznice.nsk.hr\/nustar\/?p=488"},"modified":"2024-03-28T15:40:41","modified_gmt":"2024-03-28T15:40:41","slug":"obavijest-o-radnom-vremenu-18","status":"publish","type":"post","link":"https:\/\/knjiznice.nsk.hr\/nustar\/obavijest-o-radnom-vremenu-18\/","title":{"rendered":"Obavijest o radnom vremenu!"},"content":{"rendered":"<div>\n<div class=\"\" dir=\"auto\">\n<div id=\":rkh:\" class=\"x1iorvi4 x1pi30zi x1swvt13 xjkvuk6\" data-ad-comet-preview=\"message\" data-ad-preview=\"message\">\n<div class=\"x78zum5 xdt5ytf xz62fqu x16ldp7u\">\n<div class=\"xu06os2 x1ok221b\">\n<div class=\"xdj266r x11i5rnm xat24cr x1mh8g0r x1vvkbs x126k92a\">\n<div dir=\"auto\">&nbsp;<\/div>\n<div dir=\"auto\">Knji\u017enica ne\u0107e raditi od 3. travnja do 8. travnja,<\/div>\n<div dir=\"auto\">s radom zapo\u010dinje 9. travnja.<\/div>\n<div dir=\"auto\">Hvala na razumijevanju!<\/div>\n<\/div>\n<\/div>\n<\/div>\n<\/div>\n<\/div>\n<\/div>\n","protected":false},"excerpt":{"rendered":"<p>&nbsp; Knji\u017enica ne\u0107e raditi od 3. travnja do 8. travnja, s radom zapo\u010dinje 9. travnja. Hvala na razumijevanju!<\/p>\n","protected":false},"author":100,"featured_media":0,"comment_status":"closed","ping_status":"closed","sticky":false,"template":"","format":"standard","meta":{"ngg_post_thumbnail":0},"categories":[1],"tags":[],"yoast_head":"<!-- This site is optimized with the Yoast SEO plugin v16.4 - https:\/\/yoast.com\/wordpress\/plugins\/seo\/ -->\n<meta name=\"robots\" content=\"index, follow, max-snippet:-1, max-image-preview:large, max-video-preview:-1\" \/>\n<link rel=\"canonical\" href=\"https:\/\/knjiznice.nsk.hr\/nustar\/obavijest-o-radnom-vremenu-18\/\" \/>\n<meta property=\"og:locale\" content=\"hr_HR\" \/>\n<meta property=\"og:type\" content=\"article\" \/>\n<meta property=\"og:title\" content=\"Obavijest o radnom vremenu! - Narodna knji\u017enica i \u010ditaonica sv. Benedikta Nu\u0161tar\" \/>\n<meta property=\"og:description\" content=\"&nbsp; Knji\u017enica ne\u0107e raditi od 3. travnja do 8. travnja, s radom zapo\u010dinje 9. travnja. Hvala na razumijevanju!\" \/>\n<meta property=\"og:url\" content=\"https:\/\/knjiznice.nsk.hr\/nustar\/obavijest-o-radnom-vremenu-18\/\" \/>\n<meta property=\"og:site_name\" content=\"Narodna knji\u017enica i \u010ditaonica sv. Benedikta Nu\u0161tar\" \/>\n<meta property=\"article:published_time\" content=\"2024-03-28T15:21:43+00:00\" \/>\n<meta property=\"article:modified_time\" content=\"2024-03-28T15:40:41+00:00\" \/>\n<meta name=\"twitter:label1\" content=\"Procijenjeno vrijeme \u010ditanja\" \/>\n\t<meta name=\"twitter:data1\" content=\"1 minuta\" \/>\n<script type=\"application\/ld+json\" class=\"yoast-schema-graph\">{\"@context\":\"https:\/\/schema.org\",\"@graph\":[{\"@type\":\"WebSite\",\"@id\":\"https:\/\/knjiznice.nsk.hr\/nustar\/#website\",\"url\":\"https:\/\/knjiznice.nsk.hr\/nustar\/\",\"name\":\"Narodna knji\\u017enica i \\u010ditaonica sv. Benedikta Nu\\u0161tar\",\"description\":\"\",\"potentialAction\":[{\"@type\":\"SearchAction\",\"target\":\"https:\/\/knjiznice.nsk.hr\/nustar\/?s={search_term_string}\",\"query-input\":\"required name=search_term_string\"}],\"inLanguage\":\"hr\"},{\"@type\":\"WebPage\",\"@id\":\"https:\/\/knjiznice.nsk.hr\/nustar\/obavijest-o-radnom-vremenu-18\/#webpage\",\"url\":\"https:\/\/knjiznice.nsk.hr\/nustar\/obavijest-o-radnom-vremenu-18\/\",\"name\":\"Obavijest o radnom vremenu! - Narodna knji\\u017enica i \\u010ditaonica sv. Benedikta Nu\\u0161tar\",\"isPartOf\":{\"@id\":\"https:\/\/knjiznice.nsk.hr\/nustar\/#website\"},\"datePublished\":\"2024-03-28T15:21:43+00:00\",\"dateModified\":\"2024-03-28T15:40:41+00:00\",\"author\":{\"@id\":\"https:\/\/knjiznice.nsk.hr\/nustar\/#\/schema\/person\/3f49599c3f0f8a9274200b94c4808918\"},\"breadcrumb\":{\"@id\":\"https:\/\/knjiznice.nsk.hr\/nustar\/obavijest-o-radnom-vremenu-18\/#breadcrumb\"},\"inLanguage\":\"hr\",\"potentialAction\":[{\"@type\":\"ReadAction\",\"target\":[\"https:\/\/knjiznice.nsk.hr\/nustar\/obavijest-o-radnom-vremenu-18\/\"]}]},{\"@type\":\"BreadcrumbList\",\"@id\":\"https:\/\/knjiznice.nsk.hr\/nustar\/obavijest-o-radnom-vremenu-18\/#breadcrumb\",\"itemListElement\":[{\"@type\":\"ListItem\",\"position\":1,\"item\":{\"@type\":\"WebPage\",\"@id\":\"https:\/\/knjiznice.nsk.hr\/nustar\/\",\"url\":\"https:\/\/knjiznice.nsk.hr\/nustar\/\",\"name\":\"Po\\u010detna stranica\"}},{\"@type\":\"ListItem\",\"position\":2,\"item\":{\"@id\":\"https:\/\/knjiznice.nsk.hr\/nustar\/obavijest-o-radnom-vremenu-18\/#webpage\"}}]},{\"@type\":\"Person\",\"@id\":\"https:\/\/knjiznice.nsk.hr\/nustar\/#\/schema\/person\/3f49599c3f0f8a9274200b94c4808918\",\"name\":\"nustar\",\"image\":{\"@type\":\"ImageObject\",\"@id\":\"https:\/\/knjiznice.nsk.hr\/nustar\/#personlogo\",\"inLanguage\":\"hr\",\"url\":\"https:\/\/secure.gravatar.com\/avatar\/c11bc27e29ae5e9ae62782851dafd55b?s=96&d=mm&r=g\",\"contentUrl\":\"https:\/\/secure.gravatar.com\/avatar\/c11bc27e29ae5e9ae62782851dafd55b?s=96&d=mm&r=g\",\"caption\":\"nustar\"},\"url\":\"https:\/\/knjiznice.nsk.hr\/nustar\/\"}]}<\/script>\n<!-- \/ Yoast SEO plugin. -->","_links":{"self":[{"href":"https:\/\/knjiznice.nsk.hr\/nustar\/wp-json\/wp\/v2\/posts\/488"}],"collection":[{"href":"https:\/\/knjiznice.nsk.hr\/nustar\/wp-json\/wp\/v2\/posts"}],"about":[{"href":"https:\/\/knjiznice.nsk.hr\/nustar\/wp-json\/wp\/v2\/types\/post"}],"author":[{"embeddable":true,"href":"https:\/\/knjiznice.nsk.hr\/nustar\/wp-json\/wp\/v2\/users\/100"}],"replies":[{"embeddable":true,"href":"https:\/\/knjiznice.nsk.hr\/nustar\/wp-json\/wp\/v2\/comments?post=488"}],"version-history":[{"count":2,"href":"https:\/\/knjiznice.nsk.hr\/nustar\/wp-json\/wp\/v2\/posts\/488\/revisions"}],"predecessor-version":[{"id":493,"href":"https:\/\/knjiznice.nsk.hr\/nustar\/wp-json\/wp\/v2\/posts\/488\/revisions\/493"}],"wp:attachment":[{"href":"https:\/\/knjiznice.nsk.hr\/nustar\/wp-json\/wp\/v2\/media?parent=488"}],"wp:term":[{"taxonomy":"category","embeddable":true,"href":"https:\/\/knjiznice.nsk.hr\/nustar\/wp-json\/wp\/v2\/categories?post=488"},{"taxonomy":"post_tag","embeddable":true,"href":"https:\/\/knjiznice.nsk.hr\/nustar\/wp-json\/wp\/v2\/tags?post=488"}],"curies":[{"name":"wp","href":"https:\/\/api.w.org\/{rel}","templated":true}]}}