{"id":782,"date":"2022-11-11T08:06:25","date_gmt":"2022-11-11T08:06:25","guid":{"rendered":"http:\/\/knjiznice.nsk.hr\/lepoglava\/?p=782"},"modified":"2022-11-11T08:06:25","modified_gmt":"2022-11-11T08:06:25","slug":"dan-hrvatskih-knjiznica","status":"publish","type":"post","link":"https:\/\/knjiznice.nsk.hr\/lepoglava\/2022\/11\/11\/dan-hrvatskih-knjiznica\/","title":{"rendered":"Dan hrvatskih knji\u017enica"},"content":{"rendered":"<div class=\"xdj266r x11i5rnm xat24cr x1mh8g0r x1vvkbs x126k92a\">\n<div dir=\"auto\">Dan hrvatskih knji\u017enica&nbsp;obilje\u017eava se 11. studenoga kao jedan od sredi\u0161njih programa Mjeseca hrvatske knjige koji se ove godine odr\u017eava pod motom: &#8220;Misli na sebe \u2013 \u010ditaj!&#8221; Na to se nadovezuje i ovogodi\u0161nji moto Dana hrvatskih knji\u017enica: &#8220;Misli na sebe \u2013 do\u0111i u knji\u017enicu!&#8221;<\/div>\n<div dir=\"auto\"><a href=\"http:\/\/knjiznice.nsk.hr\/lepoglava\/img_1024\/\"><img loading=\"lazy\" class=\"alignnone size-medium wp-image-781\" src=\"http:\/\/knjiznice.nsk.hr\/lepoglava\/wp-content\/uploads\/sites\/22\/2022\/11\/IMG_1024-300x189.jpg\" alt=\"\" width=\"300\" height=\"189\" srcset=\"https:\/\/knjiznice.nsk.hr\/lepoglava\/wp-content\/uploads\/sites\/22\/2022\/11\/IMG_1024-300x189.jpg 300w, https:\/\/knjiznice.nsk.hr\/lepoglava\/wp-content\/uploads\/sites\/22\/2022\/11\/IMG_1024-1024x644.jpg 1024w, https:\/\/knjiznice.nsk.hr\/lepoglava\/wp-content\/uploads\/sites\/22\/2022\/11\/IMG_1024-768x483.jpg 768w, https:\/\/knjiznice.nsk.hr\/lepoglava\/wp-content\/uploads\/sites\/22\/2022\/11\/IMG_1024-600x377.jpg 600w, https:\/\/knjiznice.nsk.hr\/lepoglava\/wp-content\/uploads\/sites\/22\/2022\/11\/IMG_1024.jpg 1080w\" sizes=\"(max-width: 300px) 100vw, 300px\" \/><\/a><\/div>\n<div dir=\"auto\">&nbsp;<\/div>\n<\/div>\n","protected":false},"excerpt":{"rendered":"<p>Dan hrvatskih knji\u017enica&nbsp;obilje\u017eava se 11. studenoga kao jedan od sredi\u0161njih programa Mjeseca hrvatske knjige koji se ove godine odr\u017eava pod motom: &#8220;Misli na sebe \u2013 \u010ditaj!&#8221; Na to se nadovezuje i ovogodi\u0161nji moto Dana hrvatskih knji\u017enica: &#8220;Misli na sebe \u2013 do\u0111i u knji\u017enicu!&#8221; &nbsp;<\/p>\n","protected":false},"author":18,"featured_media":0,"comment_status":"closed","ping_status":"closed","sticky":false,"template":"","format":"standard","meta":{"ngg_post_thumbnail":0},"categories":[1],"tags":[],"yoast_head":"<!-- This site is optimized with the Yoast SEO plugin v16.4 - https:\/\/yoast.com\/wordpress\/plugins\/seo\/ -->\n<meta name=\"robots\" content=\"index, follow, max-snippet:-1, max-image-preview:large, max-video-preview:-1\" \/>\n<link rel=\"canonical\" href=\"https:\/\/knjiznice.nsk.hr\/lepoglava\/2022\/11\/11\/dan-hrvatskih-knjiznica\/\" \/>\n<meta property=\"og:locale\" content=\"hr_HR\" \/>\n<meta property=\"og:type\" content=\"article\" \/>\n<meta property=\"og:title\" content=\"Dan hrvatskih knji\u017enica - Gradska knji\u017enica Ivana Belostenca Lepoglava\" \/>\n<meta property=\"og:description\" content=\"Dan hrvatskih knji\u017enica&nbsp;obilje\u017eava se 11. studenoga kao jedan od sredi\u0161njih programa Mjeseca hrvatske knjige koji se ove godine odr\u017eava pod motom: &#8220;Misli na sebe \u2013 \u010ditaj!&#8221; Na to se nadovezuje i ovogodi\u0161nji moto Dana hrvatskih knji\u017enica: &#8220;Misli na sebe \u2013 do\u0111i u knji\u017enicu!&#8221; &nbsp;\" \/>\n<meta property=\"og:url\" content=\"https:\/\/knjiznice.nsk.hr\/lepoglava\/2022\/11\/11\/dan-hrvatskih-knjiznica\/\" \/>\n<meta property=\"og:site_name\" content=\"Gradska knji\u017enica Ivana Belostenca Lepoglava\" \/>\n<meta property=\"article:published_time\" content=\"2022-11-11T08:06:25+00:00\" \/>\n<meta property=\"og:image\" content=\"http:\/\/knjiznice.nsk.hr\/lepoglava\/wp-content\/uploads\/sites\/22\/2022\/11\/IMG_1024-300x189.jpg\" \/>\n<meta name=\"twitter:label1\" content=\"Procijenjeno vrijeme \u010ditanja\" \/>\n\t<meta name=\"twitter:data1\" content=\"1 minuta\" \/>\n<script type=\"application\/ld+json\" class=\"yoast-schema-graph\">{\"@context\":\"https:\/\/schema.org\",\"@graph\":[{\"@type\":\"WebSite\",\"@id\":\"http:\/\/knjiznice.nsk.hr\/lepoglava\/#website\",\"url\":\"http:\/\/knjiznice.nsk.hr\/lepoglava\/\",\"name\":\"Gradska knji\\u017enica Ivana Belostenca Lepoglava\",\"description\":\"\",\"potentialAction\":[{\"@type\":\"SearchAction\",\"target\":\"http:\/\/knjiznice.nsk.hr\/lepoglava\/?s={search_term_string}\",\"query-input\":\"required name=search_term_string\"}],\"inLanguage\":\"hr\"},{\"@type\":\"ImageObject\",\"@id\":\"https:\/\/knjiznice.nsk.hr\/lepoglava\/2022\/11\/11\/dan-hrvatskih-knjiznica\/#primaryimage\",\"inLanguage\":\"hr\",\"url\":\"http:\/\/knjiznice.nsk.hr\/lepoglava\/wp-content\/uploads\/sites\/22\/2022\/11\/IMG_1024-300x189.jpg\",\"contentUrl\":\"http:\/\/knjiznice.nsk.hr\/lepoglava\/wp-content\/uploads\/sites\/22\/2022\/11\/IMG_1024-300x189.jpg\"},{\"@type\":\"WebPage\",\"@id\":\"https:\/\/knjiznice.nsk.hr\/lepoglava\/2022\/11\/11\/dan-hrvatskih-knjiznica\/#webpage\",\"url\":\"https:\/\/knjiznice.nsk.hr\/lepoglava\/2022\/11\/11\/dan-hrvatskih-knjiznica\/\",\"name\":\"Dan hrvatskih knji\\u017enica - Gradska knji\\u017enica Ivana Belostenca Lepoglava\",\"isPartOf\":{\"@id\":\"http:\/\/knjiznice.nsk.hr\/lepoglava\/#website\"},\"primaryImageOfPage\":{\"@id\":\"https:\/\/knjiznice.nsk.hr\/lepoglava\/2022\/11\/11\/dan-hrvatskih-knjiznica\/#primaryimage\"},\"datePublished\":\"2022-11-11T08:06:25+00:00\",\"dateModified\":\"2022-11-11T08:06:25+00:00\",\"author\":{\"@id\":\"http:\/\/knjiznice.nsk.hr\/lepoglava\/#\/schema\/person\/14dc66f44641ce38deb763484749e42c\"},\"breadcrumb\":{\"@id\":\"https:\/\/knjiznice.nsk.hr\/lepoglava\/2022\/11\/11\/dan-hrvatskih-knjiznica\/#breadcrumb\"},\"inLanguage\":\"hr\",\"potentialAction\":[{\"@type\":\"ReadAction\",\"target\":[\"https:\/\/knjiznice.nsk.hr\/lepoglava\/2022\/11\/11\/dan-hrvatskih-knjiznica\/\"]}]},{\"@type\":\"BreadcrumbList\",\"@id\":\"https:\/\/knjiznice.nsk.hr\/lepoglava\/2022\/11\/11\/dan-hrvatskih-knjiznica\/#breadcrumb\",\"itemListElement\":[{\"@type\":\"ListItem\",\"position\":1,\"item\":{\"@type\":\"WebPage\",\"@id\":\"http:\/\/knjiznice.nsk.hr\/lepoglava\/\",\"url\":\"http:\/\/knjiznice.nsk.hr\/lepoglava\/\",\"name\":\"Po\\u010detna stranica\"}},{\"@type\":\"ListItem\",\"position\":2,\"item\":{\"@id\":\"https:\/\/knjiznice.nsk.hr\/lepoglava\/2022\/11\/11\/dan-hrvatskih-knjiznica\/#webpage\"}}]},{\"@type\":\"Person\",\"@id\":\"http:\/\/knjiznice.nsk.hr\/lepoglava\/#\/schema\/person\/14dc66f44641ce38deb763484749e42c\",\"name\":\"lepoglava\",\"image\":{\"@type\":\"ImageObject\",\"@id\":\"http:\/\/knjiznice.nsk.hr\/lepoglava\/#personlogo\",\"inLanguage\":\"hr\",\"url\":\"https:\/\/secure.gravatar.com\/avatar\/a086e8fce86c47181a4299685e5b101f?s=96&d=mm&r=g\",\"contentUrl\":\"https:\/\/secure.gravatar.com\/avatar\/a086e8fce86c47181a4299685e5b101f?s=96&d=mm&r=g\",\"caption\":\"lepoglava\"},\"url\":\"https:\/\/knjiznice.nsk.hr\/lepoglava\/\"}]}<\/script>\n<!-- \/ Yoast SEO plugin. -->","_links":{"self":[{"href":"https:\/\/knjiznice.nsk.hr\/lepoglava\/wp-json\/wp\/v2\/posts\/782"}],"collection":[{"href":"https:\/\/knjiznice.nsk.hr\/lepoglava\/wp-json\/wp\/v2\/posts"}],"about":[{"href":"https:\/\/knjiznice.nsk.hr\/lepoglava\/wp-json\/wp\/v2\/types\/post"}],"author":[{"embeddable":true,"href":"https:\/\/knjiznice.nsk.hr\/lepoglava\/wp-json\/wp\/v2\/users\/18"}],"replies":[{"embeddable":true,"href":"https:\/\/knjiznice.nsk.hr\/lepoglava\/wp-json\/wp\/v2\/comments?post=782"}],"version-history":[{"count":1,"href":"https:\/\/knjiznice.nsk.hr\/lepoglava\/wp-json\/wp\/v2\/posts\/782\/revisions"}],"predecessor-version":[{"id":783,"href":"https:\/\/knjiznice.nsk.hr\/lepoglava\/wp-json\/wp\/v2\/posts\/782\/revisions\/783"}],"wp:attachment":[{"href":"https:\/\/knjiznice.nsk.hr\/lepoglava\/wp-json\/wp\/v2\/media?parent=782"}],"wp:term":[{"taxonomy":"category","embeddable":true,"href":"https:\/\/knjiznice.nsk.hr\/lepoglava\/wp-json\/wp\/v2\/categories?post=782"},{"taxonomy":"post_tag","embeddable":true,"href":"https:\/\/knjiznice.nsk.hr\/lepoglava\/wp-json\/wp\/v2\/tags?post=782"}],"curies":[{"name":"wp","href":"https:\/\/api.w.org\/{rel}","templated":true}]}}